{"id":489106,"date":"2026-04-08T19:42:12","date_gmt":"2026-04-08T19:42:12","guid":{"rendered":"https:\/\/www.europesays.com\/es\/489106\/"},"modified":"2026-04-08T19:42:12","modified_gmt":"2026-04-08T19:42:12","slug":"ucam-murcia-cb-semifinal-fiba-europe-cup-ucam-murcia","status":"publish","type":"post","link":"https:\/\/www.europesays.com\/es\/489106\/","title":{"rendered":"UCAM MURCIA CB | Semifinal FIBA Europe Cup: UCAM Murcia"},"content":{"rendered":"<p class=\"ft-text\"><strong>En directo: UCAM Murcia &#8211; PAOK (<\/strong><strong>Popular TV)<\/strong><\/p>\n<ul class=\"ft-list ft-list--primary\" data-aida-text=\"\">\n<li class=\"ft-list__item\"><strong>\u00daLTIMA HORA:<\/strong><strong> <\/strong>Dylan Ennis, el descarte en la convocatoria al sufrir una artritis postra\u00famatica en ambas mu\u00f1ecas de sus manos<\/li>\n<\/ul>\n<p class=\"ft-text\">*El conjunto universitario necesita vencer por siete puntos de diferencia para alcanzar la final tras caer en el partido de ida (79-73). <\/p>\n<p>Primer cuarto<\/p>\n<p class=\"ft-text\">Con un Palacio entregado desde los primeros minutos, el UCAM Murcia aguant\u00f3 el arre\u00f3n de un PAOK que esquiv\u00f3 cualquier miedo esc\u00e9nico. El conjunto universitario respondi\u00f3 a cada canasta anotada por el conjunto griego, con Kelan Martin y Jonah Radebaugh muy acertados junto a DeJulius tomando temperatura en el juego. A los cinco minutos el marcador continuaba igualado (12-13) y los de Sito Alonso buscaban encadenar buenas defensas y ataques. Sin embargo, los visitantes no cesaron en el intercambio de canastas y se mantuvo siempre la igualdad a la vez que crec\u00eda la tensi\u00f3n en cada lucha (18-19). Una gran acci\u00f3n de Cate en la pintura permiti\u00f3 al UCAM tomar la iniciativa de nuevo en el marcador a falta de un minuto para acabar el cuarto (20-19) y as\u00ed se cerr\u00f3 este periodo.<\/p>\n<p>Segundo cuarto<\/p>\n<p class=\"ft-text\">Un triple de Forrest sirvi\u00f3 para abrir el segundo cuarto e intentar dinamitar el partido cuanto antes, pero igual\u00f3 r\u00e1pidamente el PAOK (23-23). El conjunto griego no le perd\u00eda la cara al partido, todo lo contrario. De hecho, era un experto en moverse con el marcador ajustado. Un marcador del que intent\u00f3 despegarse el UCAM con dos acciones de Cate. Y es que el p\u00edvot, despu\u00e9s de un par de jugadas con dudas, enlaz\u00f3 dos tiros de media distancia para adelantar a los suyos (28-27). Comenzaba a carburar el cuadro de Sito Alonso atr\u00e1s y DeJulius tir\u00f3 de quilates en varias acciones ofensivas. Ante la baja de Ennis, el entrenador Sito Alonso apost\u00f3 por nueva variantes en la rotaci\u00f3n, con el base norteamericano y Forrest juntos m\u00e1s tiempo, o con Falk de escolta. Sin embargo, no serv\u00eda para tomar algo de ventaja antes del descanso con los dos equipos en bonus (40-37). La tercera falta del jugador sueco complic\u00f3 algo m\u00e1s el guion, pero fue entonces cuando el UCAM vivi\u00f3 su mejor momento. Consigui\u00f3 frenar al PAOK con varias defensas exitosas y Kelan Martin revent\u00f3 el Palacio a un minuto para el descanso (44-37). El UCAM contaba con los siete puntos que necesitaba para pasar, y pudo conservarlos con un triple sobre la bocina que levant\u00f3 a toda la grada (47-40).<\/p>\n","protected":false},"excerpt":{"rendered":"En directo: UCAM Murcia &#8211; PAOK (Popular TV) \u00daLTIMA HORA: Dylan Ennis, el descarte en la convocatoria al&hellip;\n","protected":false},"author":2,"featured_media":489107,"comment_status":"","ping_status":"","sticky":false,"template":"","format":"standard","meta":{"footnotes":""},"categories":[269],"tags":[299,298,5393,168,3598,25,24,406,13863,16388,23,167,9413,3918,1402],"class_list":["post-489106","post","type-post","status-publish","format-standard","has-post-thumbnail","category-baloncesto","tag-baloncesto","tag-basketball","tag-cup","tag-deportes","tag-en-directo","tag-es","tag-espana","tag-europe","tag-fiba","tag-semifinal","tag-spain","tag-sports","tag-ucam","tag-ucam-murcia","tag-ucam-murcia-cb"],"share_on_mastodon":{"url":"https:\/\/pubeurope.com\/@es\/116370797266302597","error":""},"_links":{"self":[{"href":"https:\/\/www.europesays.com\/es\/wp-json\/wp\/v2\/posts\/489106","targetHints":{"allow":["GET"]}}],"collection":[{"href":"https:\/\/www.europesays.com\/es\/wp-json\/wp\/v2\/posts"}],"about":[{"href":"https:\/\/www.europesays.com\/es\/wp-json\/wp\/v2\/types\/post"}],"author":[{"embeddable":true,"href":"https:\/\/www.europesays.com\/es\/wp-json\/wp\/v2\/users\/2"}],"replies":[{"embeddable":true,"href":"https:\/\/www.europesays.com\/es\/wp-json\/wp\/v2\/comments?post=489106"}],"version-history":[{"count":0,"href":"https:\/\/www.europesays.com\/es\/wp-json\/wp\/v2\/posts\/489106\/revisions"}],"wp:featuredmedia":[{"embeddable":true,"href":"https:\/\/www.europesays.com\/es\/wp-json\/wp\/v2\/media\/489107"}],"wp:attachment":[{"href":"https:\/\/www.europesays.com\/es\/wp-json\/wp\/v2\/media?parent=489106"}],"wp:term":[{"taxonomy":"category","embeddable":true,"href":"https:\/\/www.europesays.com\/es\/wp-json\/wp\/v2\/categories?post=489106"},{"taxonomy":"post_tag","embeddable":true,"href":"https:\/\/www.europesays.com\/es\/wp-json\/wp\/v2\/tags?post=489106"}],"curies":[{"name":"wp","href":"https:\/\/api.w.org\/{rel}","templated":true}]}}