{"id":489160,"date":"2026-04-08T20:19:12","date_gmt":"2026-04-08T20:19:12","guid":{"rendered":"https:\/\/www.europesays.com\/es\/489160\/"},"modified":"2026-04-08T20:19:12","modified_gmt":"2026-04-08T20:19:12","slug":"la-argentina-de-francisco-un-documental-tras-las-huellas-de-bergoglio","status":"publish","type":"post","link":"https:\/\/www.europesays.com\/es\/489160\/","title":{"rendered":"\u00abLa Argentina de Francisco\u00bb, un documental tras las huellas de Bergoglio"},"content":{"rendered":"<p>El recuerdo y la mirada hacia el futuro se funden en este largometraje que se presentar\u00e1 oficialmente el 8 de abril en Asti y se proyectar\u00e1 en la Filmoteca Vaticana. A continuaci\u00f3n, el 10 de abril, parada en Lampedusa<\/p>\n<p>Vatican News<\/p>\n<p>Asti, Ciudad del Vaticano y Lampedusa. Tres comunidades diferentes unidas por un mismo hilo: el recuerdo del Papa Francisco, de sus ra\u00edces y de sus continuas exhortaciones a mirar el futuro de la Iglesia con los ojos del Evangelio. Quien ofrece este viaje en el tiempo, entre testimonios e im\u00e1genes de archivo, es el documental \u00abLa Argentina de Francisco\u00bb, realizado por Telepace en colaboraci\u00f3n con Vatican News.<\/p>\n<p>El mi\u00e9rcoles 8 de abril a las 11:30 tendr\u00e1 lugar una proyecci\u00f3n en la Filmoteca Vaticana, mientras que la presentaci\u00f3n oficial est\u00e1 programada para ese mismo d\u00eda a las 18:00 en Asti, en la Sala Pastrone. Los familiares de Bergoglio participar\u00e1n en el evento organizado en la tierra de origen de la familia del Papa Francisco. \u00abPor la ma\u00f1ana me despierto y espero esa llamada de \u201cGiorgio\u201d que no llega\u00bb, dice la prima Carla Rabezzana, quien en noviembre de 2022, con motivo de su visita a Asti, recibi\u00f3 a Francisco para almorzar en su casa de Portacomaro. \u00abEn su coraz\u00f3n ten\u00eda el deseo de venir a visitarme\u00bb, a\u00f1ade la otra prima, Nella Bergoglio, que vive en Peveragno, en la provincia de Cuneo. \u00abEcho de menos su franqueza, su fe, su forma de comunicarse con la gente y, por qu\u00e9 no, tambi\u00e9n sus refranes\u00bb.<\/p>\n<p><b>En recuerdo de Francesco<\/b> <\/p>\n<p>\u00abNos quer\u00eda mucho a todos los astigianos\u00bb, afirma Orsola Appendino, quien prest\u00f3 asesoramiento cient\u00edfico y apoyo organizativo para la realizaci\u00f3n del documental rodado en Buenos Aires. \u00abLa \u00faltima vez \u2014contin\u00faa\u2014 lo vi el 12 de diciembre de 2024 en la Bas\u00edlica de San Pedro, al t\u00e9rmino de la celebraci\u00f3n en honor a la Virgen de Guadalupe. Tambi\u00e9n en aquella ocasi\u00f3n se acerc\u00f3 a m\u00ed y me salud\u00f3 en piamont\u00e9s, dici\u00e9ndome alto y claro: \u201c\u00a1cerea!\u201d\u00bb, precisa, mostrando un v\u00eddeo grabado por algunos fieles presentes.<\/p>\n<p>Son muchos los momentos que han quedado grabados en la mente y el coraz\u00f3n de muchas personas en todo el mundo. Un sentimiento que sin duda tambi\u00e9n comparten los habitantes de Lampedusa, donde el pr\u00f3ximo 10 de abril est\u00e1 prevista la proyecci\u00f3n del documental en las instalaciones de la parroquia de San Gerlando. \u00abLa isla recuerda a Francisco y espera a Leone\u00bb, resume el p\u00e1rroco, don Carmelo Rizzo, ante la anunciada llegada de Prevost en julio, con motivo del aniversario de la peregrinaci\u00f3n de Bergoglio a la isla en 2013. \u00abLe debemos mucho a Francisco, tambi\u00e9n en la forma de ver y vivir la misi\u00f3n de la Iglesia. Y el documental representa no solo la ocasi\u00f3n para un abrazo colectivo a un Papa que ha sabido acercarse a la gente, sino tambi\u00e9n la oportunidad de evocar su mensaje de esperanza y acogida\u00bb.<\/p>\n","protected":false},"excerpt":{"rendered":"El recuerdo y la mirada hacia el futuro se funden en este largometraje que se presentar\u00e1 oficialmente el&hellip;\n","protected":false},"author":2,"featured_media":489161,"comment_status":"","ping_status":"","sticky":false,"template":"","format":"standard","meta":{"footnotes":""},"categories":[42],"tags":[54654,283,17,18,13,14,11,61,62,63,64,628,19,20,9,10,15,16,399,12,21,22,65,66,67],"class_list":["post-489160","post","type-post","status-publish","format-standard","has-post-thumbnail","category-internacional","tag-docufilm","tag-argentina","tag-breaking-news","tag-breakingnews","tag-featured-news","tag-featurednews","tag-headlines","tag-internacional","tag-international","tag-international-news","tag-internationalnews","tag-italia","tag-latest-news","tag-latestnews","tag-news","tag-noticias","tag-noticias-destacadas","tag-noticiasdestacadas","tag-papa-francisco","tag-titulares","tag-ultimas-noticias","tag-ultimasnoticias","tag-world","tag-world-news","tag-worldnews"],"share_on_mastodon":{"url":"https:\/\/pubeurope.com\/@es\/116370942659850865","error":""},"_links":{"self":[{"href":"https:\/\/www.europesays.com\/es\/wp-json\/wp\/v2\/posts\/489160","targetHints":{"allow":["GET"]}}],"collection":[{"href":"https:\/\/www.europesays.com\/es\/wp-json\/wp\/v2\/posts"}],"about":[{"href":"https:\/\/www.europesays.com\/es\/wp-json\/wp\/v2\/types\/post"}],"author":[{"embeddable":true,"href":"https:\/\/www.europesays.com\/es\/wp-json\/wp\/v2\/users\/2"}],"replies":[{"embeddable":true,"href":"https:\/\/www.europesays.com\/es\/wp-json\/wp\/v2\/comments?post=489160"}],"version-history":[{"count":0,"href":"https:\/\/www.europesays.com\/es\/wp-json\/wp\/v2\/posts\/489160\/revisions"}],"wp:featuredmedia":[{"embeddable":true,"href":"https:\/\/www.europesays.com\/es\/wp-json\/wp\/v2\/media\/489161"}],"wp:attachment":[{"href":"https:\/\/www.europesays.com\/es\/wp-json\/wp\/v2\/media?parent=489160"}],"wp:term":[{"taxonomy":"category","embeddable":true,"href":"https:\/\/www.europesays.com\/es\/wp-json\/wp\/v2\/categories?post=489160"},{"taxonomy":"post_tag","embeddable":true,"href":"https:\/\/www.europesays.com\/es\/wp-json\/wp\/v2\/tags?post=489160"}],"curies":[{"name":"wp","href":"https:\/\/api.w.org\/{rel}","templated":true}]}}