{"id":489317,"date":"2026-04-08T22:27:13","date_gmt":"2026-04-08T22:27:13","guid":{"rendered":"https:\/\/www.europesays.com\/es\/489317\/"},"modified":"2026-04-08T22:27:13","modified_gmt":"2026-04-08T22:27:13","slug":"la-itzulia-provocara-cortes-de-trafico-y-restricciones-en-galdakao-este-9-de-abril","status":"publish","type":"post","link":"https:\/\/www.europesays.com\/es\/489317\/","title":{"rendered":"La Itzulia provocar\u00e1 cortes de tr\u00e1fico y restricciones en Galdakao este 9 de abril"},"content":{"rendered":"<p data-start=\"257\" data-end=\"571\">Galdakao se prepara para vivir una jornada clave del ciclismo con la celebraci\u00f3n, este jueves 9 de abril, de la cuarta etapa de la Itzulia Basque Country 2026. La carrera tendr\u00e1 salida y meta en el propio municipio, lo que implicar\u00e1 <strong data-start=\"490\" data-end=\"548\">importantes restricciones de tr\u00e1fico y estacionamiento<\/strong> desde el d\u00eda anterior.<\/p>\n<p>    Publicidad<\/p>\n<p><strong data-start=\"573\" data-end=\"618\">Cortes de tr\u00e1fico en el centro y Elexalde<\/strong><\/p>\n<p data-start=\"573\" data-end=\"1015\">Las principales afecciones se concentrar\u00e1n en <strong data-start=\"667\" data-end=\"750\">Juan Bautista Uriarte, Elexalde, Lapurdi, Euskadi y el entorno del ayuntamiento<\/strong>, donde se registrar\u00e1n cortes y limitaciones de circulaci\u00f3n.<br data-start=\"810\" data-end=\"813\"\/>Desde el mi\u00e9rcoles 8 de abril a las 16:00 y hasta aproximadamente las 20:00 del jueves, habr\u00e1 restricciones en Juan Bautista Uriarte y el barrio de Elexalde, por lo que se recomienda evitar estas zonas.<\/p>\n<p data-start=\"1017\" data-end=\"1242\">Adem\u00e1s, el jueves desde las 07:00, las calles Lapurdi y Euskadi permanecer\u00e1n cerradas al tr\u00e1fico, permiti\u00e9ndose \u00fanicamente el acceso a garajes. En el aparcamiento de Lapurdi se ubicar\u00e1n los autobuses de los equipos ciclistas.<\/p>\n<p><strong data-start=\"1244\" data-end=\"1296\">Prohibiciones de aparcamiento desde el mi\u00e9rcoles<\/strong><\/p>\n<p data-start=\"1244\" data-end=\"1632\">Las limitaciones tambi\u00e9n afectar\u00e1n al estacionamiento. Desde el mi\u00e9rcoles a las 12:00 quedar\u00e1 prohibido aparcar en el parking rotatorio frente al ayuntamiento, as\u00ed como en Juan Bautista Uriarte, Elexalde, Lapurdi y Euskadi.<br data-start=\"1522\" data-end=\"1525\"\/>Estas medidas buscan facilitar la log\u00edstica de la prueba y garantizar la seguridad durante toda la jornada.<\/p>\n<p><strong data-start=\"1634\" data-end=\"1676\">Horarios clave de la etapa en Galdakao<\/strong><\/p>\n<p data-start=\"1634\" data-end=\"2126\">La jornada arrancar\u00e1 a las 11:45 con la presentaci\u00f3n de los ciclistas en Kurtzeko plaza, donde adem\u00e1s se rendir\u00e1 homenaje a los galdakoztarras Igor Ant\u00f3n, Ramontxu Gonz\u00e1lez Arrieta e I\u00f1aki Astigarraga.<br data-start=\"1880\" data-end=\"1883\"\/>La salida neutralizada ser\u00e1 a las 13:10 desde Juan Bautista Uriarte, mientras que la salida real tendr\u00e1 lugar a las 13:20 en la N-634.<br data-start=\"2017\" data-end=\"2020\"\/>El paso por el centro est\u00e1 previsto sobre las 15:45 y la meta se situar\u00e1 en Elexalde en torno a las 17:20.<\/p>\n<p><strong data-start=\"2128\" data-end=\"2169\">Una etapa exigente con final decisivo<\/strong><\/p>\n<p data-start=\"2128\" data-end=\"2373\">El recorrido combinar\u00e1 tramos urbanos y zonas perif\u00e9ricas, con un perfil exigente en el que destaca la subida a Elorritxueta, conocida como El Vivero, que podr\u00eda marcar diferencias antes de la llegada. El Ayuntamiento recomienda a la ciudadan\u00eda <strong data-start=\"2418\" data-end=\"2467\">planificar los desplazamientos con antelaci\u00f3n<\/strong> ante el impacto que tendr\u00e1 la prueba en la movilidad. Galdakao vivir\u00e1 as\u00ed una jornada deportiva de primer nivel que atraer\u00e1 todas las miradas del ciclismo internacional.<\/p>\n","protected":false},"excerpt":{"rendered":"Galdakao se prepara para vivir una jornada clave del ciclismo con la celebraci\u00f3n, este jueves 9 de abril,&hellip;\n","protected":false},"author":2,"featured_media":489318,"comment_status":"","ping_status":"","sticky":false,"template":"","format":"standard","meta":{"footnotes":""},"categories":[273],"tags":[313,312,168,25,24,58052,52749,99085,23,167,589],"class_list":["post-489317","post","type-post","status-publish","format-standard","has-post-thumbnail","category-ciclismo","tag-ciclismo","tag-cycling","tag-deportes","tag-es","tag-espana","tag-galdakao","tag-itzulia","tag-itzulia-basque-country","tag-spain","tag-sports","tag-trafico"],"share_on_mastodon":{"url":"https:\/\/pubeurope.com\/@es\/116371445898609836","error":""},"_links":{"self":[{"href":"https:\/\/www.europesays.com\/es\/wp-json\/wp\/v2\/posts\/489317","targetHints":{"allow":["GET"]}}],"collection":[{"href":"https:\/\/www.europesays.com\/es\/wp-json\/wp\/v2\/posts"}],"about":[{"href":"https:\/\/www.europesays.com\/es\/wp-json\/wp\/v2\/types\/post"}],"author":[{"embeddable":true,"href":"https:\/\/www.europesays.com\/es\/wp-json\/wp\/v2\/users\/2"}],"replies":[{"embeddable":true,"href":"https:\/\/www.europesays.com\/es\/wp-json\/wp\/v2\/comments?post=489317"}],"version-history":[{"count":0,"href":"https:\/\/www.europesays.com\/es\/wp-json\/wp\/v2\/posts\/489317\/revisions"}],"wp:featuredmedia":[{"embeddable":true,"href":"https:\/\/www.europesays.com\/es\/wp-json\/wp\/v2\/media\/489318"}],"wp:attachment":[{"href":"https:\/\/www.europesays.com\/es\/wp-json\/wp\/v2\/media?parent=489317"}],"wp:term":[{"taxonomy":"category","embeddable":true,"href":"https:\/\/www.europesays.com\/es\/wp-json\/wp\/v2\/categories?post=489317"},{"taxonomy":"post_tag","embeddable":true,"href":"https:\/\/www.europesays.com\/es\/wp-json\/wp\/v2\/tags?post=489317"}],"curies":[{"name":"wp","href":"https:\/\/api.w.org\/{rel}","templated":true}]}}