{"id":489407,"date":"2026-04-08T23:30:12","date_gmt":"2026-04-08T23:30:12","guid":{"rendered":"https:\/\/www.europesays.com\/es\/489407\/"},"modified":"2026-04-08T23:30:12","modified_gmt":"2026-04-08T23:30:12","slug":"la-casa-blanca-dice-que-trump-discutira-con-rutte-una-posible-salida-de-eeuu-de-la-otan","status":"publish","type":"post","link":"https:\/\/www.europesays.com\/es\/489407\/","title":{"rendered":"La Casa Blanca dice que Trump discutir\u00e1 con Rutte una posible salida de EEUU de la OTAN"},"content":{"rendered":"<p>La <a href=\"https:\/\/theobjective.com\/etiqueta\/casa-blanca\/\" type=\"post_tag\" id=\"30340\" rel=\"nofollow noopener\" target=\"_blank\">Casa Blanca<\/a> ha afirmado este mi\u00e9rcoles que el presidente de Estados Unidos, <a href=\"https:\/\/theobjective.com\/etiqueta\/donald-trump\/\" type=\"post_tag\" id=\"25597\" rel=\"nofollow noopener\" target=\"_blank\">Donald Trump<\/a>, discutir\u00e1 con el secretario general de la <a href=\"https:\/\/theobjective.com\/etiqueta\/otan\/\" type=\"post_tag\" id=\"10915\" rel=\"nofollow noopener\" target=\"_blank\">OTAN<\/a>, <a href=\"https:\/\/theobjective.com\/etiqueta\/mark-rutte\/\" type=\"post_tag\" id=\"14931\" rel=\"nofollow noopener\" target=\"_blank\">Mark Rutte<\/a>, <strong>la posible retirada del pa\u00eds de la Alianza Atl\u00e1ntica<\/strong> en la reuni\u00f3n que ambos mantendr\u00e1n en unas horas en el Despacho Oval. As\u00ed lo ha asegurado la portavoz Karoline Leavitt.<\/p>\n<p>La retirada de EEUU de la Alianza \u00abes un asunto que el presidente ha abordado y, creo, es algo que <strong>discutir\u00e1 dentro de un par de horas\u00bb con Mark Rutte,<\/strong> explic\u00f3 la portavoz de la Casa Blanca, Karoline Leavitt. A\u00f1adi\u00f3 que \u00abtal vez tengan la oportunidad de escuchar directamente al presidente tras esa reuni\u00f3n, esta misma tarde\u00bb.<\/p>\n<p>El encuentro llega apenas un d\u00eda despu\u00e9s de que Washington y Teher\u00e1n acordaran un alto el fuego temporal de dos semanas, en un contexto marcado por <strong>la escalada en Oriente Pr\u00f3ximo y el malestar de la Casa Blanca con sus socios europeos.<\/strong> Trump ha intensificado sus cr\u00edticas contra los pa\u00edses aliados por no respaldar plenamente su estrategia frente a Ir\u00e1n. <\/p>\n<p>El mandatario ha acusado a varios miembros de la OTAN de actuar con falta de compromiso, llegando a <strong>calificarlos de \u00abcobardes\u00bb por limitar el uso de sus bases militares por<\/strong> parte de las fuerzas estadounidenses y por no liderar acciones clave como la apertura del estrecho de Ormuz. Estas declaraciones han tensionado una alianza que cumple m\u00e1s de siete d\u00e9cadas y han reavivado dudas sobre su cohesi\u00f3n.<\/p>\n<p>En este contexto, Rutte tratar\u00e1 de reconducir la relaci\u00f3n durante su visita, en la que tambi\u00e9n mantendr\u00e1 reuniones con el secretario de Estado, Marco Rubio, y el jefe del Pent\u00e1gono, Pete Hegseth. <strong>El l\u00edder de la OTAN ya ha ejercido en anteriores ocasiones como interlocutor clave con Trump, en un intento de suavizar tensiones.<\/strong> De hecho, ha respaldado p\u00fablicamente algunas de las acciones de Washington frente a Ir\u00e1n, lo que ha contribuido a mantener cierto margen de di\u00e1logo con el presidente estadounidense.<\/p>\n<p>Las fricciones dentro de la OTAN no son nuevas y se han agravado desde el regreso de Trump al poder. Entre los episodios recientes figuran sus amenazas de reducir el compromiso militar en Europa, las advertencias a los pa\u00edses que no incrementen su gasto en defensa o su postura respecto a Ucrania. A ello se suman declaraciones del propio Rubio, quien ha sugerido que <strong>Estados Unidos podr\u00eda replantearse el valor de la alianza si sus socios no permiten el uso de infraestructuras militares clave<\/strong>, lo que sit\u00faa a la OTAN en uno de sus momentos m\u00e1s delicados en a\u00f1os.<\/p>\n<p>La OTAN\u00a0\u00abdeber\u00eda sentir verg\u00fcenza de s\u00ed misma\u00bb<\/p>\n<p>El pasado lunes, el presidente estadounidense volvi\u00f3 a poner en duda el compromiso de su pa\u00eds con la Alianza Atl\u00e1ntica y elev\u00f3 el tono de sus cr\u00edticas contra la OTAN. <strong>Trump lleg\u00f3 a afirmar que la organizaci\u00f3n \u00abdeber\u00eda avergonzarse de s\u00ed misma\u00bb<\/strong> por no haber estado \u00aba la altura\u00bb en el actual contexto de tensi\u00f3n en Oriente Pr\u00f3ximo, en referencia a la falta de respaldo de varios socios europeos a su estrategia.<\/p>\n<p>Durante un acto en la Casa Blanca, el mandatario insisti\u00f3 en sus reproches y dej\u00f3 abierta la puerta a un posible replanteamiento de la relaci\u00f3n con la organizaci\u00f3n. <strong>\u00abLo vais a ver muy pronto\u00bb, advirti\u00f3, antes de reiterar que la OTAN no ha respondido como esperaba<\/strong>. En la misma l\u00ednea, el presidente asegur\u00f3 que, en estos momentos, las relaciones de Estados Unidos son mejores con China \u2014principal rival geoestrat\u00e9gico de Washington\u2014 que con sus aliados atl\u00e1nticos, y lleg\u00f3 a se\u00f1alar que, en caso de un conflicto entre ambas potencias, la OTAN no respaldar\u00eda a su pa\u00eds.<\/p>\n","protected":false},"excerpt":{"rendered":"La Casa Blanca ha afirmado este mi\u00e9rcoles que el presidente de Estados Unidos, Donald Trump, discutir\u00e1 con el&hellip;\n","protected":false},"author":2,"featured_media":489408,"comment_status":"","ping_status":"","sticky":false,"template":"","format":"standard","meta":{"footnotes":""},"categories":[5],"tags":[17,18,1615,352,25,24,629,700,13,14,11,21775,19,20,13066,9,10,15,16,1613,23,12,21,22],"class_list":["post-489407","post","type-post","status-publish","format-standard","has-post-thumbnail","category-titulares","tag-breaking-news","tag-breakingnews","tag-china","tag-donald-trump","tag-es","tag-espana","tag-estados-unidos","tag-europa","tag-featured-news","tag-featurednews","tag-headlines","tag-la-casa-blanca","tag-latest-news","tag-latestnews","tag-mark-rutte","tag-news","tag-noticias","tag-noticias-destacadas","tag-noticiasdestacadas","tag-otan","tag-spain","tag-titulares","tag-ultimas-noticias","tag-ultimasnoticias"],"share_on_mastodon":{"url":"https:\/\/pubeurope.com\/@es\/116371693617734834","error":""},"_links":{"self":[{"href":"https:\/\/www.europesays.com\/es\/wp-json\/wp\/v2\/posts\/489407","targetHints":{"allow":["GET"]}}],"collection":[{"href":"https:\/\/www.europesays.com\/es\/wp-json\/wp\/v2\/posts"}],"about":[{"href":"https:\/\/www.europesays.com\/es\/wp-json\/wp\/v2\/types\/post"}],"author":[{"embeddable":true,"href":"https:\/\/www.europesays.com\/es\/wp-json\/wp\/v2\/users\/2"}],"replies":[{"embeddable":true,"href":"https:\/\/www.europesays.com\/es\/wp-json\/wp\/v2\/comments?post=489407"}],"version-history":[{"count":0,"href":"https:\/\/www.europesays.com\/es\/wp-json\/wp\/v2\/posts\/489407\/revisions"}],"wp:featuredmedia":[{"embeddable":true,"href":"https:\/\/www.europesays.com\/es\/wp-json\/wp\/v2\/media\/489408"}],"wp:attachment":[{"href":"https:\/\/www.europesays.com\/es\/wp-json\/wp\/v2\/media?parent=489407"}],"wp:term":[{"taxonomy":"category","embeddable":true,"href":"https:\/\/www.europesays.com\/es\/wp-json\/wp\/v2\/categories?post=489407"},{"taxonomy":"post_tag","embeddable":true,"href":"https:\/\/www.europesays.com\/es\/wp-json\/wp\/v2\/tags?post=489407"}],"curies":[{"name":"wp","href":"https:\/\/api.w.org\/{rel}","templated":true}]}}