{"id":489628,"date":"2026-04-09T02:32:11","date_gmt":"2026-04-09T02:32:11","guid":{"rendered":"https:\/\/www.europesays.com\/es\/489628\/"},"modified":"2026-04-09T02:32:11","modified_gmt":"2026-04-09T02:32:11","slug":"trump-vuelve-a-cargar-contra-la-otan-no-estuvo-ahi-cuando-la-necesitabamos-internacional","status":"publish","type":"post","link":"https:\/\/www.europesays.com\/es\/489628\/","title":{"rendered":"Trump vuelve a cargar contra la OTAN: \u201cNo estuvo ah\u00ed cuando la necesit\u00e1bamos\u201d | Internacional"},"content":{"rendered":"<p class=\"\">El presidente de Estados Unidos, Donald Trump, ha cargado nuevamente contra la OTAN este mi\u00e9rcoles horas despu\u00e9s de que se reuniera en la Casa Blanca con el secretario general del organismo, <a href=\"https:\/\/elpais.com\/espana\/2026-03-26\/rutte-espana-esta-haciendo-lo-que-tiene-que-hacer.html\" rel=\"nofollow noopener\" title=\"https:\/\/elpais.com\/espana\/2026-03-26\/rutte-espana-esta-haciendo-lo-que-tiene-que-hacer.html\" target=\"_blank\">Mark Rutte<\/a>. \u201cLa OTAN no estuvo ah\u00ed cuando la necesit\u00e1bamos, y tampoco estar\u00e1 ah\u00ed si volvemos a necesitarla\u201d, tron\u00f3 Trump en una publicaci\u00f3n en su red social Truth. El republicano volvi\u00f3 a mencionar a Groenlandia, un tema sensible que ha mantenido crispadas las relaciones entre la Uni\u00f3n Europea y Washington, <a href=\"https:\/\/elpais.com\/internacional\/2026-01-10\/por-las-buenas-o-por-las-malas-asi-puede-trump-conquistar-groenlandia.html\" target=\"_self\" rel=\"nofollow noopener\" title=\"https:\/\/elpais.com\/internacional\/2026-01-10\/por-las-buenas-o-por-las-malas-asi-puede-trump-conquistar-groenlandia.html\">por su deseo de apropiarse de la isla \u00e1rtica<\/a>: \u201c\u00a1Recordad Groenlandia, ese enorme trozo de hielo tan mal gestionado!\u201d, dijo.<\/p>\n<p class=\"\">Las declaraciones de Trump se dan tras una reuni\u00f3n de dos horas con Rutte, en la que este refut\u00f3 al estadounidense, quien ha expresado su decepci\u00f3n con los aliados de Estados Unidos en la organizaci\u00f3n transatl\u00e1ntica. \u201cPude se\u00f1alar el hecho de que la gran mayor\u00eda de pa\u00edses europeos ha colaborado en materia de bases, log\u00edstica, sobrevuelos y en garantizar que se cumplan los compromisos\u201d de la instituci\u00f3n, afirm\u00f3 Rutte a la cadena CNN.<\/p>\n<p class=\"\">La reuni\u00f3n se dio en medio de las cr\u00edticas de Washington a la falta de participaci\u00f3n de los aliados europeos <a href=\"https:\/\/elpais.com\/internacional\/2026-04-08\/nuevos-ataques-en-oriente-proximo-muestran-la-fragilidad-del-alto-el-fuego-entre-estados-unidos-e-iran.html\" target=\"_self\" rel=\"nofollow noopener\" title=\"https:\/\/elpais.com\/internacional\/2026-04-08\/nuevos-ataques-en-oriente-proximo-muestran-la-fragilidad-del-alto-el-fuego-entre-estados-unidos-e-iran.html\">en la guerra de Estados Unidos e Israel contra Ir\u00e1n<\/a>. Rutte afirm\u00f3 haber mantenido una conversaci\u00f3n \u201cfranca y abierta\u201d con Trump a pesar de los ataques del republicano. \u201cLa gran mayor\u00eda de los pa\u00edses europeos, y eso es lo que hablamos hoy, han cumplido sus promesas\u201d, reafirm\u00f3 el secretario general.<\/p>\n<p class=\"\">La Casa Blanca afirm\u00f3 horas antes del encuentro que la Administraci\u00f3n Trump se plantea un plan para <a href=\"https:\/\/elpais.com\/internacional\/2026-03-05\/el-secretario-general-de-la-otan-justifica-la-ofensiva-contra-iran-estaba-cerca-de-convertirse-en-una-amenaza-tambien-para-europa.html\" target=\"_self\" rel=\"nofollow noopener\" title=\"https:\/\/elpais.com\/internacional\/2026-03-05\/el-secretario-general-de-la-otan-justifica-la-ofensiva-contra-iran-estaba-cerca-de-convertirse-en-una-amenaza-tambien-para-europa.html\">castigar a pa\u00edses miembros de la OTAN <\/a>de los que considera que no ayudaron a Estados Unidos e Israel en la guerra. La propuesta, revelada por el peri\u00f3dico Wall Street Journal, prev\u00e9 sacar a soldados estadounidenses del territorio de esos pa\u00edses d\u00edscolos y desplegarlos en otras naciones consideradas m\u00e1s favorables a las pol\u00edticas de Washington.<\/p>\n<p class=\"\">El plan, seg\u00fan el peri\u00f3dico, tambi\u00e9n podr\u00eda incluir el cierre de al menos una base militar en Europa, en uno de los pa\u00edses que la Administraci\u00f3n Trump considera poco amistosos. Posiblemente Espa\u00f1a o Alemania, agrega este medio.<\/p>\n<p class=\"\">Los pa\u00edses de la OTAN no aceptaron formar parte de la coalici\u00f3n que propon\u00eda el presidente estadounidense para forzar la apertura del estrecho de Ormuz, cerrado por Ir\u00e1n a ra\u00edz del conflicto. Adem\u00e1s, varios de ellos negaron el uso de sus bases militares, o de su espacio a\u00e9reo, para fines de la guerra, <a href=\"https:\/\/elpais.com\/espana\/2026-03-02\/espana-rechaza-prestar-apoyo-militar-al-ataque-a-iran-y-se-desmarca-de-francia-alemania-y-reino-unido.html\" target=\"_self\" rel=\"nofollow noopener\" title=\"https:\/\/elpais.com\/espana\/2026-03-02\/espana-rechaza-prestar-apoyo-militar-al-ataque-a-iran-y-se-desmarca-de-francia-alemania-y-reino-unido.html\">entre ellos Espa\u00f1a<\/a>. <\/p>\n<p class=\"\">Previamente, la portavoz de la Casa Blanca, Karoline Leavitt, hab\u00eda apuntado que los dos dirigentes iban a tratar las amenazas de Trump de sacar a su pa\u00eds de la OTAN o de rebajar dr\u00e1sticamente su papel de l\u00edder de la organizaci\u00f3n atl\u00e1ntica. <\/p>\n<p class=\"\">\u201cEs algo que el presidente ha abordado, y creo que es algo que el presidente tratar\u00e1 en un par de horas con el secretario general\u201d, ha sostenido la portavoz en su rueda de prensa semanal. La semana pasada Trump amenaz\u00f3 con sacar al pa\u00eds, o reducir su papel como l\u00edder de la organizaci\u00f3n, como represalia por el rechazo de los pa\u00edses del OTAN a formar parte de una coalici\u00f3n que forzase la apertura del estrecho de Ormuz en la guerra contra Ir\u00e1n. Varios pa\u00edses miembros tambi\u00e9n negaron a Estados Unidos el uso de sus bases o su espacio a\u00e9reo para el conflicto.<\/p>\n<p class=\"\">\u201cFue una prueba, y la fallaron\u201d, declar\u00f3 la portavoz, en lo que dijo ser una cita directa del presidente. \u201cEs muy triste que la OTAN diera la espalda al pueblo estadounidense durante las \u00faltimas seis semanas, cuando ha sido el pueblo estadounidense el que les ha pagado su defensa\u201d<\/p>\n<p class=\"\">Antes de su encuentro con Trump en la Casa Blanca, Rutte se hab\u00eda reunido con el secretario de Estado, Marco Rubio. En su conversaci\u00f3n, ambos abordaron la situaci\u00f3n en la guerra contra Ir\u00e1n, el conflicto en Ucrania y la coordinaci\u00f3n entre Estados Unidos y el resto de la Alianza Atl\u00e1ntica, seg\u00fan ha indicado el Departamento de Estado.<\/p>\n<p class=\"\">La visita de Rutte a Washington se dio a conocer despu\u00e9s de que la semana pasada el presidente estadounidense, Donald Trump, amenazara con retirar a su pa\u00eds de la Alianza, o rebajar su papel de l\u00edder, como represalia a lo que considera falta de colaboraci\u00f3n de los socios en la guerra contra Ir\u00e1n. <\/p>\n<p class=\"\">El lunes, mientras advert\u00eda que planeaba bombardear infraestructura civil iran\u00ed de no llegar a un acuerdo antes del martes por la noche, el presidente estadounidense volv\u00eda a arremeter contra los miembros de la organizaci\u00f3n. La OTAN asegura que el viaje de su secretario general ya estaba programado desde hac\u00eda tiempo y las declaraciones del mandatario no han influido en su desplazamiento. <\/p>\n<p class=\"\">\u201cSi quieren saber la verdad, todo empez\u00f3 con Groenlandia. No nos la han querido dar, y yo dije: \u2018adi\u00f3s muy buenas\u201d, apuntaba Trump en una rueda de prensa, con un comentario que reabre un contencioso entre Washington y Bruselas que los socios europeos hab\u00edan querido dar por cerrado. <\/p>\n","protected":false},"excerpt":{"rendered":"El presidente de Estados Unidos, Donald Trump, ha cargado nuevamente contra la OTAN este mi\u00e9rcoles horas despu\u00e9s de&hellip;\n","protected":false},"author":2,"featured_media":489629,"comment_status":"","ping_status":"","sticky":false,"template":"","format":"standard","meta":{"footnotes":""},"categories":[42],"tags":[89903,17,18,68,70,71,72,352,629,13,14,69,11,61,62,63,64,3137,74,19,20,13066,9,10,15,16,77,1613,12,21,22,65,66,67],"class_list":["post-489628","post","type-post","status-publish","format-standard","has-post-thumbnail","category-internacional","tag-ataque-contra-iran","tag-breaking-news","tag-breakingnews","tag-conflicto-arabe-israeli","tag-conflictos","tag-conflictos-armados","tag-conflictos-internacionales","tag-donald-trump","tag-estados-unidos","tag-featured-news","tag-featurednews","tag-guerra","tag-headlines","tag-internacional","tag-international","tag-international-news","tag-internationalnews","tag-iran","tag-israel","tag-latest-news","tag-latestnews","tag-mark-rutte","tag-news","tag-noticias","tag-noticias-destacadas","tag-noticiasdestacadas","tag-oriente-proximo","tag-otan","tag-titulares","tag-ultimas-noticias","tag-ultimasnoticias","tag-world","tag-world-news","tag-worldnews"],"share_on_mastodon":{"url":"","error":"Validation failed: Text character limit of 500 exceeded"},"_links":{"self":[{"href":"https:\/\/www.europesays.com\/es\/wp-json\/wp\/v2\/posts\/489628","targetHints":{"allow":["GET"]}}],"collection":[{"href":"https:\/\/www.europesays.com\/es\/wp-json\/wp\/v2\/posts"}],"about":[{"href":"https:\/\/www.europesays.com\/es\/wp-json\/wp\/v2\/types\/post"}],"author":[{"embeddable":true,"href":"https:\/\/www.europesays.com\/es\/wp-json\/wp\/v2\/users\/2"}],"replies":[{"embeddable":true,"href":"https:\/\/www.europesays.com\/es\/wp-json\/wp\/v2\/comments?post=489628"}],"version-history":[{"count":0,"href":"https:\/\/www.europesays.com\/es\/wp-json\/wp\/v2\/posts\/489628\/revisions"}],"wp:featuredmedia":[{"embeddable":true,"href":"https:\/\/www.europesays.com\/es\/wp-json\/wp\/v2\/media\/489629"}],"wp:attachment":[{"href":"https:\/\/www.europesays.com\/es\/wp-json\/wp\/v2\/media?parent=489628"}],"wp:term":[{"taxonomy":"category","embeddable":true,"href":"https:\/\/www.europesays.com\/es\/wp-json\/wp\/v2\/categories?post=489628"},{"taxonomy":"post_tag","embeddable":true,"href":"https:\/\/www.europesays.com\/es\/wp-json\/wp\/v2\/tags?post=489628"}],"curies":[{"name":"wp","href":"https:\/\/api.w.org\/{rel}","templated":true}]}}