{"id":489677,"date":"2026-04-09T03:18:42","date_gmt":"2026-04-09T03:18:42","guid":{"rendered":"https:\/\/www.europesays.com\/es\/489677\/"},"modified":"2026-04-09T03:18:42","modified_gmt":"2026-04-09T03:18:42","slug":"el-fmi-avisa-de-que-el-golpe-economico-de-las-guerras-es-mas-profundo-y-duradero-que-una-crisis-financiera-economia","status":"publish","type":"post","link":"https:\/\/www.europesays.com\/es\/489677\/","title":{"rendered":"El FMI avisa de que el golpe econ\u00f3mico de las guerras es m\u00e1s \u201cprofundo y duradero\u201d que una crisis financiera | Econom\u00eda"},"content":{"rendered":"<p class=\"\">Donald Trump se comporta como un agente del caos. <a href=\"https:\/\/elpais.com\/noticias\/ofensiva-contra-iran\/\" target=\"_self\" rel=\"nofollow noopener\" title=\"https:\/\/elpais.com\/noticias\/ofensiva-contra-iran\/\">La guerra desatada contra Ir\u00e1n<\/a> a finales de febrero sin motivo expl\u00edcito ha sacudido los cimientos de la econom\u00eda global. Las pol\u00edticas arbitrarias del presidente de Estados Unidos est\u00e1n afectando al orden mundial. Por eso, <a href=\"https:\/\/elpais.com\/noticias\/fmi-fondo-monetario-internacional\/\" target=\"_self\" rel=\"nofollow noopener\" title=\"https:\/\/elpais.com\/noticias\/fmi-fondo-monetario-internacional\/\">el Fondo Monetario Internacional<\/a> publicar\u00e1 el pr\u00f3ximo lunes unas perspectivas de crecimiento a la baja, seg\u00fan confirm\u00f3 este martes la directora gerente del organismo, Kristalina Georgieva, en una entrevista con Bloomberg. Antes del ataque de Washington e Israel contra Teher\u00e1n \u201cest\u00e1bamos en proceso de mejorar nuestras proyecciones de crecimiento para 2026\u201d, asegur\u00f3. \u201cDado el impacto de la guerra, vamos a revisarlas a la baja\u201d.<\/p>\n<p class=\"\">Las declaraciones de la economista b\u00falgara se produjeron unas horas antes de que venciera el plazo impuesto por el presidente de Estados Unidos, Donald Trump, a Ir\u00e1n para acordar sus condiciones para poner fin al conflicto bajo <a href=\"https:\/\/elpais.com\/internacional\/2026-04-07\/israel-y-ee-uu-lanzan-una-oleada-de-ataques-contra-instalaciones-civiles-de-iran.html\" target=\"_self\" rel=\"nofollow noopener\" title=\"https:\/\/elpais.com\/internacional\/2026-04-07\/israel-y-ee-uu-lanzan-una-oleada-de-ataques-contra-instalaciones-civiles-de-iran.html\">la amenaza de \u201cacabar con toda una civilizaci\u00f3n\u201d<\/a>. El ultim\u00e1tum provoc\u00f3 que los l\u00edderes mundiales contuvieran la respiraci\u00f3n ante las consecuencias imprevistas de una escalada b\u00e9lica en la regi\u00f3n. Una hora antes de vencer el plazo, <a href=\"https:\/\/elpais.com\/internacional\/2026-04-07\/trump-acepta-prorrogar-el-plazo-para-negociar-con-iran.html\" target=\"_self\" rel=\"nofollow noopener\" title=\"https:\/\/elpais.com\/internacional\/2026-04-07\/trump-acepta-prorrogar-el-plazo-para-negociar-con-iran.html\">Trump anunci\u00f3 un alto el fuego de dos semanas<\/a> a cambio de que Teher\u00e1n reabriera el estrecho de Ormuz, una v\u00eda estrat\u00e9gica por donde transita una quinta parte del petr\u00f3leo mundial.<\/p>\n<p class=\"\">La responsable del organismo multilateral se mostr\u00f3 pesimista sobre el desorden creado por la guerra en Oriente Pr\u00f3ximo. <a href=\"https:\/\/elpais.com\/economia\/2026-03-09\/el-fmi-insta-a-los-gobiernos-de-todo-el-mundo-a-prepararse-para-lo-impensable-ante-la-guerra-en-oriente-proximo.html\" target=\"_self\" rel=\"nofollow noopener\" title=\"https:\/\/elpais.com\/economia\/2026-03-09\/el-fmi-insta-a-los-gobiernos-de-todo-el-mundo-a-prepararse-para-lo-impensable-ante-la-guerra-en-oriente-proximo.html\">\u201cPrep\u00e1rense para lo peor\u201d, dijo <\/a>antes de conocerse el acuerdo entre Estados Unidos e Ir\u00e1n. Al tiempo que advirti\u00f3 que habr\u00e1 que estar pendiente de la evoluci\u00f3n de los precios: \u201cPrestar atenci\u00f3n a la inflaci\u00f3n deber\u00eda ser una prioridad\u201d.<\/p>\n<p class=\"\">La instituci\u00f3n creada tras la Segunda Guerra Mundial en el marco de las conferencias de Bretton Woods recuerda que el mundo se enfrenta a una nueva guerra de consecuencias impredecibles despu\u00e9s de haber sufrido una pandemia y las secuelas de la guerra de Ucrania. Ambas crisis obligaron a los gobiernos a adoptar medidas extraordinarias a costa de la deuda p\u00fablica. As\u00ed que ahora el margen de maniobra es muy reducido.<\/p>\n<p>Los costes elevados y persistentes de la guerra<\/p>\n<p class=\"\">El Fondo est\u00e1 preocupado por la escalada b\u00e9lica en Oriente Pr\u00f3ximo. Se suma a las tensiones en el este de Europa tras la invasi\u00f3n rusa de Ucrania. \u201cTras un periodo de relativa calma posterior al fin de la Guerra Fr\u00eda, el n\u00famero de conflictos en todo el mundo ha aumentado en los \u00faltimos a\u00f1os, alcanzando niveles no vistos desde la Segunda Guerra Mundial\u201d, advierte. <\/p>\n<p class=\"\">Los funcionarios del organismo recuerdan que \u201cm\u00e1s all\u00e1 de su devastador coste humano, las guerras imponen costes econ\u00f3micos elevados y persistentes. Las p\u00e9rdidas de producci\u00f3n en las econom\u00edas afectadas por conflictos son profundas y duraderas, superando a las que suelen asociarse con las crisis financieras o los desastres naturales graves\u201d. <\/p>\n<p class=\"\">Las guerras tambi\u00e9n generan dilemas econ\u00f3micos por las tensiones presupuestarias, los desequilibrios externos y las presiones inflacionarias. \u201cDejan cicatrices perdurables tanto en la macroeconom\u00eda de un pa\u00eds como en sus ciudadanos\u201d, subraya. En una econom\u00eda globalizada, los conflictos tienen un impacto internacional. Las consecuencias econ\u00f3micas no se limitan a las fronteras nacionales. Los pa\u00edses vecinos y los socios comerciales tambi\u00e9n sufren efectos de contagio considerables.<\/p>\n<p class=\"\">El Fondo, adem\u00e1s, expone que es posible una recuperaci\u00f3n econ\u00f3mica cuando terminan las guerras, \u201caunque no es ni autom\u00e1tica ni r\u00e1pida\u201d. Y se\u00f1ala: \u201cEl ritmo de recuperaci\u00f3n es modesto en relaci\u00f3n con las p\u00e9rdidas sufridas durante la guerra y var\u00eda considerablemente entre pa\u00edses\u201d. <\/p>\n<p class=\"\">Tras los conflictos b\u00e9licos se mantiene una situaci\u00f3n de incertidumbre que retrasa la recuperaci\u00f3n del capital y la mejora de la productividad; las econom\u00edas, sin embargo, mejoran por la incorporaci\u00f3n de los trabajadores a sus puestos y el regreso de los refugiados que huyeron. \u201cCuando la paz resulta fr\u00e1gil y el conflicto resurge, la actividad econ\u00f3mica por lo general no logra recuperarse, lo que pone de relieve el papel fundamental de una paz sostenida para restablecer el crecimiento\u201d.<\/p>\n<p class=\"\">El Fondo incide en que las recuperaciones exitosas han ido acompa\u00f1adas de un dividendo de la paz, en el que la reducci\u00f3n del gasto militar permiti\u00f3 aumentar el gasto social para ampliar el Estado de bienestar.<\/p>\n<p>Guerras m\u00e1s frecuentes<\/p>\n<p class=\"\">El Fondo ha adelantado, adem\u00e1s, este mi\u00e9rcoles dos cap\u00edtulos de su informe de Perspectiva Econ\u00f3mica Mundial (WEO, en sus siglas en ingl\u00e9s), que supone un anticipo de la asamblea anual de primavera que celebrar\u00e1 la pr\u00f3xima semana. En el primer documento, analiza el aumento del gasto en defensa detectado desde la crisis financiera de 2008. Los economistas del Fondo recopilan datos de 164 pa\u00edses desde 1946 para concluir que los grandes repuntes del gasto en defensa se han vuelto m\u00e1s frecuentes, especialmente en las econom\u00edas emergentes y en desarrollo. \u201cEn un repunte t\u00edpico, que dura m\u00e1s de dos a\u00f1os y medio, los desembolsos en defensa aumentan en unos 2,7 puntos porcentuales del PIB, financi\u00e1ndose aproximadamente dos tercios de dicho aumento mediante mayores d\u00e9ficits fiscales\u201d, asegura.<\/p>\n<p class=\"\">En la actual d\u00e9cada se han multiplicado los conflictos b\u00e9licos. Hay m\u00e1s y de m\u00e1s envergadura, como la guerra de Ucrania o los ataques en Oriente Pr\u00f3ximo. El FMI admite que los incrementos en la capacidad de defensa pueden impulsar la actividad econ\u00f3mica a corto plazo, porque suponen un est\u00edmulo del consumo y la inversi\u00f3n, pero tambi\u00e9n elevan la inflaci\u00f3n y provocan otros desequilibrios. <\/p>\n<p class=\"\">Entre 2020 y 2024, subraya el organismo, el 50% de los pa\u00edses del mundo aumentaron sus presupuestos de defensa. En 2024, casi el 40% de los Estados destinaron m\u00e1s del 2% de su PIB al gasto en defensa, en comparaci\u00f3n con el 27% que lo hac\u00edan en 2018. Esa tendencia va a continuar, tras el acuerdo durante el pasado verano de los miembros de la OTAN para elevar el gasto en defensa del 2% al 5% del PIB hasta 2035. Estos incrementos suponen un gran desaf\u00edo presupuestario para los pa\u00edses miembros de la Alianza Atl\u00e1ntica. \u201cEspecialmente en un entorno caracterizado por una deuda p\u00fablica elevada y creciente, as\u00ed como por presiones de gasto cada vez mayores\u201d, sostiene el Fondo, que recuerda que los gobiernos se enfrentan a esta situaci\u00f3n con una creciente presi\u00f3n por renovar infraestructuras, servicios p\u00fablicos, y afrontan desaf\u00edos por la transici\u00f3n energ\u00e9tica, y el mayor gasto asociado al envejecimiento como la sanidad y las pensiones.<\/p>\n<p class=\"\">El organismo multilateral sostiene que \u201clos repuntes del gasto en defensa suelen deteriorar los saldos fiscales y externos. Aquellos episodios que tienen lugar en tiempos de guerra suelen ir seguidos de fuertes incrementos de la deuda p\u00fablica y de importantes recortes en el gasto social, lo que constituye el cl\u00e1sico dilema entre ca\u00f1ones y mantequilla. Por el contrario, los auges en tiempos de paz tienden a aumentar la producci\u00f3n sin agravar la deuda ni desplazar el gasto social\u00bb. \u201cEn promedio, los d\u00e9ficits fiscales se deterioran en unos 2,6 puntos porcentuales del PIB, y la deuda p\u00fablica aumenta en unos siete puntos porcentuales en un plazo de tres a\u00f1os desde el inicio del incremento de la capacidad de defensa\u201d, advierten los t\u00e9cnicos del Fondo. \u201cAl mismo tiempo, los saldos externos se deterioran a medida que la demanda se orienta hacia la adquisici\u00f3n de equipos importados\u201d. <\/p>\n<p class=\"\">El estudio diferencia si el repunte del gasto en defensa se produce en tiempos de guerra o antes de que surja el conflicto. \u201cLos repuntes en tiempos de guerra resultan especialmente costosos, ya que la deuda p\u00fablica se dispara en unos 14 puntos porcentuales del PIB y el gasto social disminuye en t\u00e9rminos reales\u201d. El Fondo aconseja a los pa\u00edses que integren el gasto en defensa en sus planes plurianuales a medio plazo, los documentos donde plasman la senda fiscal para contener el d\u00e9ficit y la deuda. <\/p>\n<p class=\"\">Las ventas de las 100 mayores compa\u00f1\u00edas armament\u00edsticas del mundo se han duplicado en los \u00faltimos 20 a\u00f1os, seg\u00fan el Instituto Internacional de Estocolmo para la Investigaci\u00f3n de la Paz (SIPRI). Curiosamente, casi la mitad de los ingresos totales por armas de las 100 principales empresas productoras de armas del mundo se generan en Estados Unidos, mientras que Europa representa alrededor del 14% y China el 12%. \u201cComo resultado, la mayor\u00eda de los pa\u00edses importan una gran parte de su equipo militar, llegando esta proporci\u00f3n a un 80% en el caso de los pa\u00edses miembros de la Uni\u00f3n Europea\u201d, destaca el FMI.<\/p>\n","protected":false},"excerpt":{"rendered":"Donald Trump se comporta como un agente del caos. La guerra desatada contra Ir\u00e1n a finales de febrero&hellip;\n","protected":false},"author":2,"featured_media":489678,"comment_status":"","ping_status":"","sticky":false,"template":"","format":"standard","meta":{"footnotes":""},"categories":[42],"tags":[89903,17,18,4329,8353,8065,352,95,629,13,14,8352,11,61,62,63,64,50529,19,20,9,10,15,16,8064,8066,12,21,22,65,66,67],"class_list":["post-489677","post","type-post","status-publish","format-standard","has-post-thumbnail","category-internacional","tag-ataque-contra-iran","tag-breaking-news","tag-breakingnews","tag-casa-blanca","tag-coyuntura-economica","tag-crecimiento-economico","tag-donald-trump","tag-economia","tag-estados-unidos","tag-featured-news","tag-featurednews","tag-fmi","tag-headlines","tag-internacional","tag-international","tag-international-news","tag-internationalnews","tag-kristalina-georgieva","tag-latest-news","tag-latestnews","tag-news","tag-noticias","tag-noticias-destacadas","tag-noticiasdestacadas","tag-pib","tag-previsiones-economicas","tag-titulares","tag-ultimas-noticias","tag-ultimasnoticias","tag-world","tag-world-news","tag-worldnews"],"share_on_mastodon":{"url":"","error":"Validation failed: Text character limit of 500 exceeded"},"_links":{"self":[{"href":"https:\/\/www.europesays.com\/es\/wp-json\/wp\/v2\/posts\/489677","targetHints":{"allow":["GET"]}}],"collection":[{"href":"https:\/\/www.europesays.com\/es\/wp-json\/wp\/v2\/posts"}],"about":[{"href":"https:\/\/www.europesays.com\/es\/wp-json\/wp\/v2\/types\/post"}],"author":[{"embeddable":true,"href":"https:\/\/www.europesays.com\/es\/wp-json\/wp\/v2\/users\/2"}],"replies":[{"embeddable":true,"href":"https:\/\/www.europesays.com\/es\/wp-json\/wp\/v2\/comments?post=489677"}],"version-history":[{"count":0,"href":"https:\/\/www.europesays.com\/es\/wp-json\/wp\/v2\/posts\/489677\/revisions"}],"wp:featuredmedia":[{"embeddable":true,"href":"https:\/\/www.europesays.com\/es\/wp-json\/wp\/v2\/media\/489678"}],"wp:attachment":[{"href":"https:\/\/www.europesays.com\/es\/wp-json\/wp\/v2\/media?parent=489677"}],"wp:term":[{"taxonomy":"category","embeddable":true,"href":"https:\/\/www.europesays.com\/es\/wp-json\/wp\/v2\/categories?post=489677"},{"taxonomy":"post_tag","embeddable":true,"href":"https:\/\/www.europesays.com\/es\/wp-json\/wp\/v2\/tags?post=489677"}],"curies":[{"name":"wp","href":"https:\/\/api.w.org\/{rel}","templated":true}]}}