{"id":48999,"date":"2025-08-15T11:00:09","date_gmt":"2025-08-15T11:00:09","guid":{"rendered":"https:\/\/www.europesays.com\/es\/48999\/"},"modified":"2025-08-15T11:00:09","modified_gmt":"2025-08-15T11:00:09","slug":"un-ministro-de-israel-anuncia-un-plan-para-acelerar-la-colonizacion-de-cisjordania","status":"publish","type":"post","link":"https:\/\/www.europesays.com\/es\/48999\/","title":{"rendered":"Un ministro de Israel anuncia un plan para acelerar la colonizaci\u00f3n de Cisjordania"},"content":{"rendered":"<p>    <img src=\"https:\/\/www.europesays.com\/es\/wp-content\/uploads\/2025\/08\/69km2zr-item01-ipad-89840301.jpg\" width=\"1024\" height=\"682\" alt=\"\" loading=\"eager\" decoding=\"sync\" fetchpriority=\"high\"\/><\/p>\n<p>            afp_tickers        <\/p>\n<p>        Este contenido fue publicado en    <\/p>\n<p>        15 agosto 2025 &#8211; 12:48\n<\/p>\n<p>Un ministro israel\u00ed de extrema derecha pidi\u00f3 el jueves acelerar un proyecto para construir 3.400 viviendas en Cisjordania y anexar este territorio palestino ocupado por Israel, en respuesta a los anuncios de varios pa\u00edses de reconocer un Estado palestino.<\/p>\n<p>\u00abAquellos que hoy quieren reconocer un Estado palestino obtendr\u00e1n una respuesta de nuestra parte sobre el terreno.(\u2026) Con hechos concretos: casas, barrios, carreteras y familias jud\u00edas que construyen sus vidas\u00bb, declar\u00f3 el ministro israel\u00ed de Finanzas, Bezalel Smotrich.<\/p>\n<p>\u00abEn este d\u00eda importante, llamo al primer ministro Benjamin Netanyahu a aplicar la soberan\u00eda israel\u00ed en Judea y Samaria, a abandonar definitivamente la idea de una partici\u00f3n del pa\u00eds y a garantizar que, para septiembre, los hip\u00f3critas l\u00edderes europeos ya no tengan nada que reconocer\u00bb, dijo.\u00a0<\/p>\n<p>El ministro Smotrich se refer\u00eda al nombre b\u00edblico de Cisjordania utilizado por los israel\u00edes.<\/p>\n<p>Israel ocupa Cisjordania desde 1967. Unos tres millones de palestinos viven all\u00ed, junto a unos 500.000 israel\u00edes instalados en colonias, consideradas ilegales seg\u00fan el derecho internacional.\u00a0<\/p>\n<p>\u00abSi reconocen un Estado palestino en septiembre, nuestra respuesta ser\u00e1 la aplicaci\u00f3n de la soberan\u00eda israel\u00ed sobre todas las partes de Judea y Samaria\u00bb, advirti\u00f3.<\/p>\n<p>La ONU reaccion\u00f3 de inmediato pidiendo a Israel no implementar este proyecto, llamado E1, que seg\u00fan sus detractores dividir\u00eda Cisjordania en dos y evitar\u00eda definitivamente la creaci\u00f3n de un eventual Estado palestino.\u00a0<\/p>\n<p>En el mismo sentido la jefa de la diplomacia de la Uni\u00f3n Europea, Kaja Kallas, inst\u00f3 a Israel a \u00abdesistir\u00bb de su plan, que \u00absocava a\u00fan m\u00e1s la soluci\u00f3n de dos estados y constituye una violaci\u00f3n del derecho internacional\u00bb.<\/p>\n<p>Por su parte el ministerio de Exteriores de Alemania, aliado tradicional de Israel, dijo oponerse \u00abfirmemente\u00bb al proyecto.<\/p>\n<p>El ministro habl\u00f3 durante un evento organizado en la colonia de Maal\u00e9 Adumim, para revisar el avance del proyecto E1.<\/p>\n<p>La Autoridad Palestina con sede en Ramala, en Cisjordania, \u00abconden\u00f3 firmemente\u00bb este proyecto e \u00abhizo un llamado a una intervenci\u00f3n internacional y sanciones para detener su implementaci\u00f3n\u00bb.<\/p>\n<p>\u00abLa construcci\u00f3n en la zona E1 es una continuaci\u00f3n de los planes de ocupaci\u00f3n destinados a aniquilar cualquier posibilidad de establecer el Estado palestino\u00bb, afirm\u00f3.<\/p>\n<p>La oeneg\u00e9 israel\u00ed contra la colonizaci\u00f3n, Paz Ahora, denunci\u00f3 un \u00abplan fatal para el futuro de Israel y para cualquier posibilidad de una soluci\u00f3n de dos Estados\u00bb al conflicto israel\u00ed-palestino.<\/p>\n<p>raz\/dc\/pb\/pc\/cjc<\/p>\n","protected":false},"excerpt":{"rendered":"afp_tickers Este contenido fue publicado en 15 agosto 2025 &#8211; 12:48 Un ministro israel\u00ed de extrema derecha pidi\u00f3&hellip;\n","protected":false},"author":2,"featured_media":49000,"comment_status":"","ping_status":"","sticky":false,"template":"","format":"standard","meta":{"footnotes":""},"categories":[42],"tags":[635,17,18,636,13,14,11,61,62,63,64,19,20,9,10,15,16,88,90,12,21,22,65,66,67],"class_list":{"0":"post-48999","1":"post","2":"type-post","3":"status-publish","4":"format-standard","5":"has-post-thumbnail","7":"category-internacional","8":"tag-armed-conflict","9":"tag-breaking-news","10":"tag-breakingnews","11":"tag-conflict","12":"tag-featured-news","13":"tag-featurednews","14":"tag-headlines","15":"tag-internacional","16":"tag-international","17":"tag-international-news","18":"tag-internationalnews","19":"tag-latest-news","20":"tag-latestnews","21":"tag-news","22":"tag-noticias","23":"tag-noticias-destacadas","24":"tag-noticiasdestacadas","25":"tag-politics","26":"tag-ticker","27":"tag-titulares","28":"tag-ultimas-noticias","29":"tag-ultimasnoticias","30":"tag-world","31":"tag-world-news","32":"tag-worldnews"},"share_on_mastodon":{"url":"","error":""},"_links":{"self":[{"href":"https:\/\/www.europesays.com\/es\/wp-json\/wp\/v2\/posts\/48999","targetHints":{"allow":["GET"]}}],"collection":[{"href":"https:\/\/www.europesays.com\/es\/wp-json\/wp\/v2\/posts"}],"about":[{"href":"https:\/\/www.europesays.com\/es\/wp-json\/wp\/v2\/types\/post"}],"author":[{"embeddable":true,"href":"https:\/\/www.europesays.com\/es\/wp-json\/wp\/v2\/users\/2"}],"replies":[{"embeddable":true,"href":"https:\/\/www.europesays.com\/es\/wp-json\/wp\/v2\/comments?post=48999"}],"version-history":[{"count":0,"href":"https:\/\/www.europesays.com\/es\/wp-json\/wp\/v2\/posts\/48999\/revisions"}],"wp:featuredmedia":[{"embeddable":true,"href":"https:\/\/www.europesays.com\/es\/wp-json\/wp\/v2\/media\/49000"}],"wp:attachment":[{"href":"https:\/\/www.europesays.com\/es\/wp-json\/wp\/v2\/media?parent=48999"}],"wp:term":[{"taxonomy":"category","embeddable":true,"href":"https:\/\/www.europesays.com\/es\/wp-json\/wp\/v2\/categories?post=48999"},{"taxonomy":"post_tag","embeddable":true,"href":"https:\/\/www.europesays.com\/es\/wp-json\/wp\/v2\/tags?post=48999"}],"curies":[{"name":"wp","href":"https:\/\/api.w.org\/{rel}","templated":true}]}}