{"id":490004,"date":"2026-04-09T08:16:18","date_gmt":"2026-04-09T08:16:18","guid":{"rendered":"https:\/\/www.europesays.com\/es\/490004\/"},"modified":"2026-04-09T08:16:18","modified_gmt":"2026-04-09T08:16:18","slug":"las-fotos-que-demuestran-como-es-la-verdadera-relacion-de-los-dos-excunados","status":"publish","type":"post","link":"https:\/\/www.europesays.com\/es\/490004\/","title":{"rendered":"las fotos que demuestran c\u00f3mo es la verdadera relaci\u00f3n de los dos excu\u00f1ados"},"content":{"rendered":"<p class=\"HOLA-TEMAS_5--TEXTO-1er-PARRAFO\" id=\"eKb43-KiIT\" data-wc=\"139\">El\u00a0cari\u00f1o no entiende del tiempo ni de las circunstancias. As\u00ed lo demostraron<strong>\u00a0Eva Gonz\u00e1lez y Francisco Rivera\u00a0<\/strong>este pasado Jueves Santo, en el barrio de Triana, en un reencuentro que emocion\u00f3 a quienes presenciaron el abrazo de dos personas que durante trece a\u00f1os compartieron familia, historia y afecto. Casi cuatro han pasado desde que la presentadora de\u00a0La voz <a class=\"hm-link ho-link\" href=\"https:\/\/www.hola.com\/actualidad\/20260305887626\/eva-gonzalez-cayetano-rivera-cumple-hijo\/\" data-mrf-recirculation=\"article-body-link\" rel=\"nofollow noopener\" target=\"_blank\">pusiera fin a su matrimonio con Cayetano Rivera<\/a>, pero la relaci\u00f3n con su excu\u00f1ado sigue intacta. Ambos se encontraron en las calles de Sevilla, compartiendo su pasi\u00f3n por la Semana Santa y protagonizando una de las im\u00e1genes m\u00e1s entra\u00f1ables de la jornada: un abrazo cargado de complicidad y cari\u00f1o que condens\u00f3 a\u00f1os de recuerdos compartidos. <strong>La sevillana acudi\u00f3 acompa\u00f1ada de su hijo, Cayetano<\/strong>, de ocho a\u00f1os, a quien su t\u00edo paterno tambi\u00e9n dedic\u00f3 gestos afectuosos y un tierno abrazo.<\/p>\n<p id=\"erqWK30gahs\" data-wc=\"60\">Siguiendo la tradici\u00f3n, Eva disfrut\u00f3 de la procesi\u00f3n luciendo un <a class=\"hm-link ho-link\" href=\"https:\/\/www.hola.com\/moda\/20260402893403\/eva-gonzalez-jueves-santo-triana-sevilla-look-lino-semana-santa\/\" data-mrf-recirculation=\"article-body-link\" rel=\"nofollow noopener\" target=\"_blank\">elegante conjunto de tres piezas en lino beis,\u00a0<\/a>con chaqueta\u00a0cropped\u00a0de hombreras marcadas, mientras su hijo vest\u00eda a juego, con traje, chaleco y pajarita, un look perfectamente acorde a la ocasi\u00f3n. Sobre el reencuentro con su excu\u00f1ado, la presentadora declar\u00f3:<strong>\u00a0\u201cVa a ser siempre mi cu\u00f1ado, y ya est\u00e1\u201d.<\/strong><\/p>\n<p>  <img src=\"https:\/\/www.europesays.com\/es\/wp-content\/uploads\/2026\/04\/4a2eaeb55349-lap09010003.jpg\"   width=\"1080\" height=\"1800\" loading=\"lazy\" decoding=\"async\" alt=\"Eva Gonz\u00e1lez, de la mano de su hijo, Cayetano, y Francisco Rivera fueron fotografiados en el barrio de Triana durante la jornada del Jueves Santo&#10;\" fetchpriority=\"auto\" class=\"image ho-image\"\/>\u00a9 LagenciaEva Gonz\u00e1lez, de la mano de su hijo, Cayetano, y Francisco Rivera fueron fotografiados en el barrio de Triana durante la jornada del Jueves Santo<\/p>\n<p>  <img src=\"https:\/\/www.europesays.com\/es\/wp-content\/uploads\/2026\/04\/023d9692ef1b-lap09009001.jpg\"   width=\"1080\" height=\"1080\" loading=\"lazy\" decoding=\"async\" alt=\"La imagen captura el afectuoso reencuentro entre la presentadora y el torero, que no dud\u00f3 en mostrar gestos de cari\u00f1o hacia su sobrino, compartiendo bromas y abrazos, mientras el peque\u00f1o luc\u00eda un elegante conjunto a juego con su madre\" fetchpriority=\"auto\" class=\"image ho-image\"\/>\u00a9 LagenciaLa imagen captura el afectuoso reencuentro entre la presentadora y el torero, que no dud\u00f3 en mostrar gestos de cari\u00f1o hacia su sobrino, compartiendo bromas y abrazos, mientras el peque\u00f1o luc\u00eda un elegante conjunto a juego con su madre<\/p>\n<p class=\"HOLA-TEMAS_5a--TEXTO-NORMAL\" id=\"eQ4xi8qW9QH\" data-wc=\"94\">Eva acompa\u00f1\u00f3 a su hijo durante toda la procesi\u00f3n y, a trav\u00e9s de sus redes sociales, comparti\u00f3 un momento lleno de ternura y devoci\u00f3n: \u201c<strong>Otro a\u00f1o m\u00e1s, vida m\u00eda<\/strong>, y que sean muchos los que nuestra Esperanza nos d\u00e9 salud para ir a verla\u201d, escrib\u00eda junto a una imagen en la que sosten\u00eda a su hijo frente al paso de la Esperanza de Triana. En esta ocasi\u00f3n, la presentadora no acudi\u00f3 con su pareja, Nacho Llanos, pero se mostr\u00f3 serena y feliz, reflejando la estabilidad y tranquilidad que ha recuperado en su vida personal.\u00a0<\/p>\n<p class=\"HOLA-TEMAS_5a--TEXTO-NORMAL\" id=\"eT-FIahA4vA\" data-wc=\"92\">Siempre igual de radiante en su tierra y <a class=\"hm-link ho-link\" href=\"https:\/\/www.hola.com\/actualidad\/20260225885786\/eva-gonzalez-nacho-llanos-imagenes-exclusivas-romantica-escapada-enamorados\/\" data-mrf-recirculation=\"article-body-link\" rel=\"nofollow noopener\" target=\"_blank\">atravesando uno de los momentos m\u00e1s dulces de su vida<\/a>, este a\u00f1o es especial porque la presentadora ha recibido hace escasos meses <strong>la Medalla de Andaluc\u00eda,<\/strong> que ha dedicado a su padre Manuel, que muri\u00f3 en 2013. \u00a0En el acto de entrega de las medallas confesaba as\u00ed que \u00absiente Andaluc\u00eda dentro de ella y lo lleva consigo all\u00e1 donde vaya\u00bb. \u00a0Por lo que la Semana Santa y cada ocasi\u00f3n en la que puede hacer tributo a sus ra\u00edces son una prioridad en su agenda.\u00a0<\/p>\n<p>  <img src=\"https:\/\/www.europesays.com\/es\/wp-content\/uploads\/2026\/04\/fc47b12435b9-u605886008cut.jpg\"   width=\"1080\" height=\"1800\" loading=\"lazy\" decoding=\"async\" alt=\" Fran Rivera y Eva Gonz\u00e1lez, las fotos del reencuentro de dos excu\u00f1ados\" fetchpriority=\"auto\" class=\"image ho-image\"\/>\u00a9 GTRES<\/p>\n<p class=\"HOLA-TEMAS_5a--TEXTO-NORMAL\" id=\"eEEAFIoFGH3\" data-wc=\"85\">Mientras tanto, <a class=\"hm-link ho-link\" href=\"https:\/\/www.hola.com\/actualidad\/20260308888126\/tamara-gorro-cayetano-rivera-cita-romantica-helado\/\" data-mrf-recirculation=\"article-body-link\" rel=\"nofollow noopener\" target=\"_blank\">Cayetano decidi\u00f3 pasar el d\u00eda junto a Tamara Gorro<\/a>, disfrutando de tiempo de calidad en pareja. El torero, que puso punto y final a su trayectoria el pasado mes de septiembre en la plaza de toros de \u00c9cija en Sevilla, ha encontrado la estabilidad junto a la influencer y colaboradora, con quien ya no se esconde y ha aprovechado estos d\u00edas para hacer diferentes planes junto a los padres y los hijos de Tamara, demostrado que ya est\u00e1 s\u00faper integrado en la familia.<\/p>\n<p>  <img src=\"https:\/\/www.europesays.com\/es\/wp-content\/uploads\/2026\/04\/38c8966c95db-frangtres.jpg\"   width=\"1080\" height=\"1800\" loading=\"lazy\" decoding=\"async\" alt=\"Francisco Rivera en la Semana Santa de Sevilla\" fetchpriority=\"auto\" class=\"image ho-image\"\/>\u00a9 GTRES<\/p>\n<p class=\"HOLA-TEMAS_5a--TEXTO-NORMAL\" id=\"emdEIq0-03i\" data-wc=\"170\">Por su parte, Francisco Rivera vivi\u00f3 la jornada con una mezcla de emoci\u00f3n y nostalgia. Por segundo a\u00f1o consecutivo, no pudo participar como costalero bajo el paso del Cristo de las Tres Ca\u00eddas, tras superar la edad m\u00e1xima permitida por la Hermandad de la Esperanza de Triana. Sin embargo, contin\u00faa implic\u00e1ndose en otras hermandades, donde \u201ctodav\u00eda salgo de costalero, que es algo muy importante para m\u00ed\u201d, demostrando que la Semana Santa no es solo una tradici\u00f3n, sino una forma de vida que tanto \u00e9l como su familia sienten desde lo m\u00e1s profundo. As\u00ed es como, <a class=\"hm-link ho-link\" href=\"https:\/\/www.hola.com\/actualidad\/20251127869888\/francisco-rivera-lourdes-montes-bautizo-hijo-nicolas-datos-exclusivos\/\" data-mrf-recirculation=\"article-body-link\" rel=\"nofollow noopener\" target=\"_blank\">con su cuarto hijo a punto de cumplir el primer a\u00f1o de vida<\/a>, Francisco siempre trata de inculcar a su familia la importancia de las tradiciones y la devoci\u00f3n por la Semana Santa. Feliz de poder estar un a\u00f1o m\u00e1s junto a su mujer Lourdes Montes y sus hijos Carmen y Curro, el pasado domingo de Ramos declaraba que \u00abla Semana Santa de Sevilla es m\u00e1gica, emotiva y con una fuerte conexi\u00f3n con la fe\u00bb.<\/p>\n<p>  <img src=\"https:\/\/www.europesays.com\/es\/wp-content\/uploads\/2026\/04\/a68f33790024-u605886011.jpg\"   width=\"1080\" height=\"1080\" loading=\"lazy\" decoding=\"async\" alt=\" Fran Rivera abraza con emoci\u00f3n a su sobrino, el hijo de Eva Gonz\u00e1lez y Cayetano Rivera \" fetchpriority=\"auto\" class=\"image ho-image\"\/>\u00a9 GTRES<\/p>\n<p>  <img src=\"https:\/\/www.europesays.com\/es\/wp-content\/uploads\/2026\/04\/7ecd6a90309d-franevades.jpg\"   width=\"1080\" height=\"1080\" loading=\"lazy\" decoding=\"async\" alt=\"Eva Gonz\u00e1lez y Fran Rivera en la Semana Santa de Sevilla\" fetchpriority=\"auto\" class=\"image ho-image\"\/>\u00a9 LAGENCIA<\/p>\n","protected":false},"excerpt":{"rendered":"El\u00a0cari\u00f1o no entiende del tiempo ni de las circunstancias. As\u00ed lo demostraron\u00a0Eva Gonz\u00e1lez y Francisco Rivera\u00a0este pasado Jueves&hellip;\n","protected":false},"author":2,"featured_media":490005,"comment_status":"","ping_status":"","sticky":false,"template":"","format":"standard","meta":{"footnotes":""},"categories":[174],"tags":[3900,517,255,3899,146,147,25,24,2764,256,6487,23],"class_list":["post-490004","post","type-post","status-publish","format-standard","has-post-thumbnail","category-famosos","tag-hola","tag-actualidad","tag-celebrities","tag-contenido-sensible","tag-entertainment","tag-entretenimiento","tag-es","tag-espana","tag-eva-gonzalez","tag-famosos","tag-francisco-rivera","tag-spain"],"share_on_mastodon":{"url":"https:\/\/pubeurope.com\/@es\/116373762267483557","error":""},"_links":{"self":[{"href":"https:\/\/www.europesays.com\/es\/wp-json\/wp\/v2\/posts\/490004","targetHints":{"allow":["GET"]}}],"collection":[{"href":"https:\/\/www.europesays.com\/es\/wp-json\/wp\/v2\/posts"}],"about":[{"href":"https:\/\/www.europesays.com\/es\/wp-json\/wp\/v2\/types\/post"}],"author":[{"embeddable":true,"href":"https:\/\/www.europesays.com\/es\/wp-json\/wp\/v2\/users\/2"}],"replies":[{"embeddable":true,"href":"https:\/\/www.europesays.com\/es\/wp-json\/wp\/v2\/comments?post=490004"}],"version-history":[{"count":0,"href":"https:\/\/www.europesays.com\/es\/wp-json\/wp\/v2\/posts\/490004\/revisions"}],"wp:featuredmedia":[{"embeddable":true,"href":"https:\/\/www.europesays.com\/es\/wp-json\/wp\/v2\/media\/490005"}],"wp:attachment":[{"href":"https:\/\/www.europesays.com\/es\/wp-json\/wp\/v2\/media?parent=490004"}],"wp:term":[{"taxonomy":"category","embeddable":true,"href":"https:\/\/www.europesays.com\/es\/wp-json\/wp\/v2\/categories?post=490004"},{"taxonomy":"post_tag","embeddable":true,"href":"https:\/\/www.europesays.com\/es\/wp-json\/wp\/v2\/tags?post=490004"}],"curies":[{"name":"wp","href":"https:\/\/api.w.org\/{rel}","templated":true}]}}