{"id":491109,"date":"2026-04-09T23:46:11","date_gmt":"2026-04-09T23:46:11","guid":{"rendered":"https:\/\/www.europesays.com\/es\/491109\/"},"modified":"2026-04-09T23:46:11","modified_gmt":"2026-04-09T23:46:11","slug":"rutte-plantea-un-papel-para-la-otan-en-ormuz-con-el-fin-de-aplacar-a-trump-internacional","status":"publish","type":"post","link":"https:\/\/www.europesays.com\/es\/491109\/","title":{"rendered":"Rutte plantea un papel para la OTAN en Ormuz con el fin de aplacar a Trump | Internacional"},"content":{"rendered":"<p class=\"\"><a href=\"https:\/\/elpais.com\/noticias\/mark-rutte\/\" target=\"_self\" rel=\"nofollow noopener\" title=\"https:\/\/elpais.com\/noticias\/mark-rutte\/\">Mark Rutte<\/a>, el secretario general de la OTAN, conocido \u00faltimamente como el \u201csusurrador\u201d de Donald Trump en la Alianza, se ha embarcado en otra ofensiva para apaciguar al estadounidense en su <a href=\"https:\/\/elpais.com\/internacional\/2026-04-08\/rutte-a-trump-la-gran-mayoria-de-paises-europeos-ha-colaborado-con-estados-unidos.html\" target=\"_self\" rel=\"nofollow noopener\" title=\"https:\/\/elpais.com\/internacional\/2026-04-08\/rutte-a-trump-la-gran-mayoria-de-paises-europeos-ha-colaborado-con-estados-unidos.html\">en\u00e9simo embate contra la organizaci\u00f3n militar<\/a>. En un acto en el Instituto Ronald Reagan de Washington, Rutte \u2014uno de los l\u00edderes que mejor conexi\u00f3n ha logrado establecer con el imprevisible republicano\u2014, ha abierto este jueves la puerta a la participaci\u00f3n de la OTAN en un plan para garantizar el flujo comercial en el <a href=\"https:\/\/elpais.com\/noticias\/estrecho-ormuz\/\" target=\"_self\" rel=\"nofollow noopener\" title=\"https:\/\/elpais.com\/noticias\/estrecho-ormuz\/\">estrecho de Ormuz<\/a>, una rama de olivo para el inquilino de la Casa Blanca, indignado por lo que percibe como falta de ayuda generalizada de los aliados en la ofensiva contra Ir\u00e1n, y como obstrucci\u00f3n en toda la regla por parte de los que, como Espa\u00f1a, han vetado el uso de su espacio a\u00e9reo o sus bases militares para el conflicto.<\/p>\n<p class=\"\">\u201cSi la OTAN puede ayudar, evidentemente no hay ninguna raz\u00f3n para no ofrecernos\u201d, ha sostenido Rutte, en una declaraci\u00f3n que busca neutralizar la indignaci\u00f3n del republicano por lo que considera falta de ayuda de los aliados en esa guerra, y que Trump abandone sus recurrentes amenazas de abandonar la Alianza o disminuir dr\u00e1sticamente el papel de Estados Unidos como l\u00edder. <\/p>\n<p class=\"\">Rutte se reuni\u00f3 con Trump este mi\u00e9rcoles en la Casa Blanca para tratar de calmar las aguas despu\u00e9s de los muy p\u00fablicos exabruptos del republicano contra la Alianza. El encuentro, seg\u00fan la propia versi\u00f3n del ex primer ministro holand\u00e9s, tuvo car\u00e1cter \u201cabierto\u201d y \u201cfranco\u201d, un adjetivo que en lenguaje diplom\u00e1tico se emplea para describir un desacuerdo acalorado. <\/p>\n<p class=\"\">El secretario general inform\u00f3 este jueves a algunos aliados de que, en esa reuni\u00f3n en la Casa Blanca, Trump le indic\u00f3 que busca compromisos concretos (incluido un listado de fuerzas y capacidades militares preparadas para desplegarse) de los aliados europeos de la OTAN para <a href=\"https:\/\/elpais.com\/internacional\/2026-04-09\/iran-intensifica-el-bloqueo-de-ormuz-tras-el-alto-el-fuego.html\" target=\"_self\" rel=\"nofollow noopener\" title=\"https:\/\/elpais.com\/internacional\/2026-04-09\/iran-intensifica-el-bloqueo-de-ormuz-tras-el-alto-el-fuego.html\">garantizar el tr\u00e1nsito en el estrecho de Ormuz <\/a>tras el alto el fuego alcanzado el martes, seg\u00fan explica una fuente de la Alianza. El magnate republicano quiere que se le presente un plan espec\u00edfico en los pr\u00f3ximos d\u00edas, seg\u00fan una informaci\u00f3n adelantada por Bloomberg. <\/p>\n<p class=\"\">\u201cNo podemos aceptar que el estrecho est\u00e9 cerrado. Tiene que abrirse. Y cuando se abra, tenemos que mantenerlo abierto. Esto va de libertad de navegaci\u00f3n, del Derecho Mar\u00edtimo, el libre comercio\u201d, ha defendido Rutte. Y ha apuntado a las varias iniciativas con las que se trabaja en Europa para formar coaliciones una vez callen las bombas y permitir el flujo comercial a trav\u00e9s de ese cuello de botella por el que pasa un tercio de los fertilizantes y el helio (un elemento fundamental para la fabricaci\u00f3n de semiconductores), y un 20% del petr\u00f3leo y el gas mundiales. <\/p>\n<p class=\"\">Entre las iniciativas a las que alude el mandatario se encuentra la que lidera el Reino Unido, que re\u00fane a unos 40 pa\u00edses, no solo europeos, tambi\u00e9n del Golfo, Jap\u00f3n o Canad\u00e1. O la que propuso Francia hace unas semanas. La Uni\u00f3n Europea tambi\u00e9n se ha mostrado abierta a colaborar con dos de sus misiones si se llega a un alto el fuego duradero. Sin embargo, con una tregua d\u00e9bil que pende de un hilo por los ataques de Israel a L\u00edbano, los europeos quieren garant\u00edas primero de que se dar\u00e1n las condiciones para lanzar all\u00ed una misi\u00f3n.<\/p>\n<p class=\"\">\u201cVamos paso a paso\u201d, ha indicado, sobre la posibilidad de que la OTAN participe de alg\u00fan modo en el estrecho de Ormuz. \u201cEn la Alianza, para eso hace falta un acuerdo entre todos los aliados para dar ese paso. En este caso, la estructura precisa es menos importante que la velocidad. Pero <a href=\"https:\/\/elpais.com\/internacional\/2026-04-08\/claves-del-acuerdo-de-alto-el-fuego-entre-iran-y-estados-unidos.html\" target=\"_self\" rel=\"nofollow noopener\" title=\"https:\/\/elpais.com\/internacional\/2026-04-08\/claves-del-acuerdo-de-alto-el-fuego-entre-iran-y-estados-unidos.html\">si la OTAN puede desempe\u00f1ar un papel<\/a>, ser\u00eda estupendo\u201d, ha a\u00f1adido. <\/p>\n<p>Balance de da\u00f1os <\/p>\n<p class=\"\">Con su sonrisa indeleble y sus piropos incesantes al magnate republicano, el viaje a EE UU del ex primer ministro holand\u00e9s (seg\u00fan la OTAN, ya programado hace tiempo) parece h\u00e1bilmente dise\u00f1ado para hacer balance de da\u00f1os en la Alianza y poner unos cuantos parches a las grietas creadas por las cr\u00edticas incesantes de Trump a una organizaci\u00f3n basada en la disuasi\u00f3n y que funciona desde la confianza en que sus miembros se defender\u00e1n unos a otros. Algo que Trump parece poner constantemente en duda. \u201cLa OTAN no est\u00e1 muerta\u201d, ha dicho Rutte en su discurso en el Instituto Reagan de Washington. <\/p>\n<p class=\"\">El lugar para esas palabras no era, ni mucho menos, una casualidad. El fallecido presidente republicano no solo es uno de los \u00eddolos pol\u00edticos de Trump, que tiene un retrato suyo en el Despacho Oval; Ronald Reagan tambi\u00e9n fue un defensor ac\u00e9rrimo de la alianza transatl\u00e1ntica. <\/p>\n<p><img alt=\"Donald Trump y Mark Rutte se re\u00fanen en el Despacho Oval de la Casa Blanca, el 22 de octubre de 2025.\" decoding=\"auto\" class=\"_re lazyload a_m-h\" height=\"233\"  width=\"414\"  src=\"https:\/\/www.europesays.com\/es\/wp-content\/uploads\/2026\/04\/KMMHRNMIFNG47NOYKOLVGNFHEQ.jpg\" loading=\"lazy\"\/>El secretario general, Mark Rutte (izquierda) y el presidente de Estados Unidos, Donald Trump, en una reuni\u00f3n en el Despacho Oval.Alex Brandon (AP)<\/p>\n<p class=\"\">Entre adulaci\u00f3n y adulaci\u00f3n a Trump y su liderazgo, el holand\u00e9s ha defendido t\u00edmidamente a los aliados europeos un d\u00eda despu\u00e9s de reunirse en la Casa Blanca con un Trump muy enfadado por lo que considera un desaire de sus socios en la organizaci\u00f3n. En su intervenci\u00f3n, el secretario general ha repetido lo que explic\u00f3 el mi\u00e9rcoles a Trump: que los miembros europeos, \u201ccasi sin excepci\u00f3n\u201d, \u201chacen todo lo que Estados Unidos pide\u201d en la guerra contra Ir\u00e1n. <\/p>\n<p class=\"\">Este jueves, el presidente estadounidense, que hace unos d\u00edas volvi\u00f3 a amenazar con sacar a su pa\u00eds de la organizaci\u00f3n que lidera, ha asegurado que ning\u00fan aliado de la OTAN entiende nada \u201ca menos que se le presione\u201d. <\/p>\n<p class=\"\">Mientras Rutte trata de persuadir al republicano, Washington se plantea un plan para <a href=\"https:\/\/elpais.com\/internacional\/2026-03-05\/el-secretario-general-de-la-otan-justifica-la-ofensiva-contra-iran-estaba-cerca-de-convertirse-en-una-amenaza-tambien-para-europa.html\" target=\"_self\" rel=\"nofollow noopener\" title=\"https:\/\/elpais.com\/internacional\/2026-03-05\/el-secretario-general-de-la-otan-justifica-la-ofensiva-contra-iran-estaba-cerca-de-convertirse-en-una-amenaza-tambien-para-europa.html\">castigar a pa\u00edses miembros de la OTAN <\/a>de los que considera que no ayudaron a Estados Unidos e Israel en la guerra. La propuesta, revelada por el peri\u00f3dico The Wall Street Journal, prev\u00e9 sacar a soldados estadounidenses del territorio de esos pa\u00edses d\u00edscolos y desplegarlos en otras naciones consideradas m\u00e1s favorables a las pol\u00edticas de Washington.<\/p>\n<p class=\"\">El plan, seg\u00fan el peri\u00f3dico, tambi\u00e9n podr\u00eda incluir el cierre de al menos una base militar en Europa, en uno de los pa\u00edses que la Administraci\u00f3n de Trump considera poco amistosos. Posiblemente, Espa\u00f1a o Alemania, agrega este medio.<\/p>\n<p class=\"\">La guerra de Ir\u00e1n y la oposici\u00f3n cada vez m\u00e1s clara de los aliados europeos de Trump (incluso de algunos de sus m\u00e1s cercanos y con los que m\u00e1s sinton\u00eda tiene, como Italia) est\u00e1 siendo una prueba de fuego para la Alianza Atl\u00e1ntica, una organizaci\u00f3n que el magnate republicano desprecia. Pese a las amenazas, hay distintas salvaguardas que dificultan que Trump saque a EE UU de la OTAN de manera unilateral y que reduzca al m\u00ednimo su contingente en Europa. Sin embargo, recuerda una veterana diplom\u00e1tica europea, el estadounidense puede torpedearla desde dentro. \u201cY desde luego, parece que eso es lo que est\u00e1 haciendo. Vlad\u00edmir Putin puede estar frot\u00e1ndose las manos al ver que la capacidad de disuasi\u00f3n de la OTAN es cada vez menor por la p\u00e9rdida de confianza en su principal aliado, EE UU\u201d, se\u00f1ala la diplom\u00e1tica, que habla bajo condici\u00f3n de anonimato.<\/p>\n","protected":false},"excerpt":{"rendered":"Mark Rutte, el secretario general de la OTAN, conocido \u00faltimamente como el \u201csusurrador\u201d de Donald Trump en la&hellip;\n","protected":false},"author":2,"featured_media":491110,"comment_status":"","ping_status":"","sticky":false,"template":"","format":"standard","meta":{"footnotes":""},"categories":[42],"tags":[89903,17,18,68,70,71,72,352,629,81680,700,13,14,69,11,61,62,63,64,3137,74,19,20,13066,9,10,15,16,77,1613,12,21,22,1617,65,66,67],"class_list":["post-491109","post","type-post","status-publish","format-standard","has-post-thumbnail","category-internacional","tag-ataque-contra-iran","tag-breaking-news","tag-breakingnews","tag-conflicto-arabe-israeli","tag-conflictos","tag-conflictos-armados","tag-conflictos-internacionales","tag-donald-trump","tag-estados-unidos","tag-estrecho-de-ormuz","tag-europa","tag-featured-news","tag-featurednews","tag-guerra","tag-headlines","tag-internacional","tag-international","tag-international-news","tag-internationalnews","tag-iran","tag-israel","tag-latest-news","tag-latestnews","tag-mark-rutte","tag-news","tag-noticias","tag-noticias-destacadas","tag-noticiasdestacadas","tag-oriente-proximo","tag-otan","tag-titulares","tag-ultimas-noticias","tag-ultimasnoticias","tag-union-europea","tag-world","tag-world-news","tag-worldnews"],"share_on_mastodon":{"url":"","error":"Validation failed: Text character limit of 500 exceeded"},"_links":{"self":[{"href":"https:\/\/www.europesays.com\/es\/wp-json\/wp\/v2\/posts\/491109","targetHints":{"allow":["GET"]}}],"collection":[{"href":"https:\/\/www.europesays.com\/es\/wp-json\/wp\/v2\/posts"}],"about":[{"href":"https:\/\/www.europesays.com\/es\/wp-json\/wp\/v2\/types\/post"}],"author":[{"embeddable":true,"href":"https:\/\/www.europesays.com\/es\/wp-json\/wp\/v2\/users\/2"}],"replies":[{"embeddable":true,"href":"https:\/\/www.europesays.com\/es\/wp-json\/wp\/v2\/comments?post=491109"}],"version-history":[{"count":0,"href":"https:\/\/www.europesays.com\/es\/wp-json\/wp\/v2\/posts\/491109\/revisions"}],"wp:featuredmedia":[{"embeddable":true,"href":"https:\/\/www.europesays.com\/es\/wp-json\/wp\/v2\/media\/491110"}],"wp:attachment":[{"href":"https:\/\/www.europesays.com\/es\/wp-json\/wp\/v2\/media?parent=491109"}],"wp:term":[{"taxonomy":"category","embeddable":true,"href":"https:\/\/www.europesays.com\/es\/wp-json\/wp\/v2\/categories?post=491109"},{"taxonomy":"post_tag","embeddable":true,"href":"https:\/\/www.europesays.com\/es\/wp-json\/wp\/v2\/tags?post=491109"}],"curies":[{"name":"wp","href":"https:\/\/api.w.org\/{rel}","templated":true}]}}