{"id":491435,"date":"2026-04-10T05:18:43","date_gmt":"2026-04-10T05:18:43","guid":{"rendered":"https:\/\/www.europesays.com\/es\/491435\/"},"modified":"2026-04-10T05:18:43","modified_gmt":"2026-04-10T05:18:43","slug":"cuales-son-los-beneficios-inmediatos-que-impactan-en-el-cerebro-al-comenzar-a-entrenar","status":"publish","type":"post","link":"https:\/\/www.europesays.com\/es\/491435\/","title":{"rendered":"Cu\u00e1les son los beneficios inmediatos que impactan en el cerebro al comenzar a entrenar"},"content":{"rendered":"<p><img alt=\"(Imagen Ilustrativa Infobae)\" class=\"global-image\" decoding=\"async\" fetchpriority=\"high\" height=\"1024\" loading=\"eager\" src=\"https:\/\/www.europesays.com\/es\/wp-content\/uploads\/2026\/04\/COHCGHFAHZDTVPHM5TR6WRR4BE.jpg\" width=\"1792\"\/>El estudio de la University College London demuestra que doce semanas de entrenamiento aer\u00f3bico generan beneficios cerebrales r\u00e1pidos en adultos sedentarios<br \/>\n(Imagen Ilustrativa Infobae)<\/p>\n<p class=\"paragraph\">Un reciente <a href=\"https:\/\/www.sciencedirect.com\/science\/article\/pii\/S0006899326001125?via%3Dihub\" target=\"_blank\" rel=\"noreferrer nofollow noopener\" title=\"https:\/\/www.sciencedirect.com\/science\/article\/pii\/S0006899326001125?via%3Dihub\">estudio<\/a> de la <b>University College London<\/b> (UCL) concluy\u00f3 que <b>la mejora de la <\/b><a href=\"https:\/\/www.infobae.com\/tag\/salud-fisica\/\" target=\"_blank\" rel=\"noreferrer nofollow noopener\" title=\"https:\/\/www.infobae.com\/tag\/salud-fisica\/\"><b>condici\u00f3n f\u00edsica<\/b><\/a><b> impulsa la liberaci\u00f3n de prote\u00ednas clave en el <\/b><a href=\"https:\/\/www.infobae.com\/tag\/cerebro\/\" target=\"_blank\" rel=\"noreferrer nofollow noopener\" title=\"https:\/\/www.infobae.com\/tag\/cerebro\/\"><b>cerebro<\/b><\/a><b> tras el ejercicio<\/b>, lo que genera <b>efectos inmediatos en la funci\u00f3n cognitiva<\/b> de personas previamente sedentarias.<\/p>\n<p>Metodolog\u00eda y caracter\u00edsticas de la muestra<\/p>\n<p class=\"paragraph\">El estudio, encabezado por la <b>Dra. Flaminia Ronca<\/b>, reclut\u00f3 a <b>30 adultos<\/b> \u201423 hombres y siete mujeres\u2014 sin actividad f\u00edsica regular en los \u00faltimos meses. <\/p>\n<p class=\"paragraph\">El protocolo consisti\u00f3 en un <b>programa de entrenamiento aer\u00f3bico de ciclismo<\/b>, realizado en <b>tres sesiones semanales durante 12 semanas<\/b>. Para evaluar el impacto fisiol\u00f3gico y cerebral, se tomaron <b>mediciones peri\u00f3dicas del consumo m\u00e1ximo de ox\u00edgeno (VO2 m\u00e1ximo)<\/b>, considerado un <b>indicador robusto de la capacidad aer\u00f3bica<\/b>. <\/p>\n<p><img alt=\"(Imagen Ilustrativa Infobae)\" class=\"global-image\" decoding=\"async\" fetchpriority=\"low\" height=\"768\" loading=\"lazy\" src=\"https:\/\/www.europesays.com\/es\/wp-content\/uploads\/2026\/04\/SMFPJNT7BVDNPFFJRKPP2E7JJQ.png\" width=\"1408\"\/>Los participantes mejoraron su funci\u00f3n cognitiva gracias al aumento de prote\u00ednas clave como el BDNF tras iniciar ejercicio f\u00edsico regular<br \/>\n(Imagen Ilustrativa Infobae)<\/p>\n<p class=\"paragraph\">Adem\u00e1s, se analizaron los <b>niveles de factor neurotr\u00f3fico derivado del cerebro (BDNF)<\/b> antes y despu\u00e9s de cada sesi\u00f3n, junto a <b>pruebas de memoria, atenci\u00f3n y control ejecutivo<\/b>.<\/p>\n<p class=\"paragraph\">La investigaci\u00f3n incorpor\u00f3 monitoreos de la <b>actividad cerebral en la corteza prefrontal<\/b>, un \u00e1rea implicada en la <b>toma de decisiones<\/b>, la <b>regulaci\u00f3n emocional<\/b> y la <b>inhibici\u00f3n de impulsos<\/b>. Este enfoque permiti\u00f3 identificar <b>cambios espec\u00edficos en el cerebro<\/b> vinculados a la mejora de la condici\u00f3n f\u00edsica.<\/p>\n<p>Hallazgos principales y diferenciaci\u00f3n de efectos<\/p>\n<p class=\"paragraph\">Al finalizar las 12 semanas, los resultados publicados en la revista Brain Research mostraron que <b>el ejercicio increment\u00f3 la liberaci\u00f3n de BDNF tras la actividad f\u00edsica intensa<\/b>, aunque los <b>niveles basales permanecieron estables<\/b>. <\/p>\n<p><img alt=\"Spinning\" class=\"global-image\" decoding=\"async\" fetchpriority=\"low\" height=\"5333\" loading=\"lazy\" src=\"https:\/\/www.europesays.com\/es\/wp-content\/uploads\/2026\/04\/SSRX3CLEH5GSTI2ES6GNNTRFOU.jpg\" width=\"8000\"\/>El protocolo incluy\u00f3 tres sesiones de ciclismo semanales durante tres meses y monitoreos detallados de consumo de ox\u00edgeno y actividad cerebral<br \/>\n(Cr\u00e9dito: Freepik)<\/p>\n<p class=\"paragraph\">Esta respuesta fue <b>proporcional a la mejora en el VO2 m\u00e1ximo<\/b>, lo que sugiere una <b>relaci\u00f3n directa entre la capacidad aer\u00f3bica y la sensibilidad cerebral a la actividad<\/b>.<\/p>\n<p class=\"paragraph\">El an\u00e1lisis funcional de la <b>corteza prefrontal<\/b> revel\u00f3 que los participantes evidenciaron <b>mejoras en tareas que exigen atenci\u00f3n e inhibici\u00f3n de respuestas autom\u00e1ticas<\/b>. Por el contrario, <b>no se detectaron cambios significativos en la memoria<\/b>, lo que indica que los <b>beneficios iniciales del entrenamiento aer\u00f3bico se focalizan en los dominios ejecutivos<\/b> del cerebro.<\/p>\n<p>Limitaciones del estudio y consideraciones t\u00e9cnicas<\/p>\n<p class=\"paragraph\">Los autores advierten que el <b>tama\u00f1o de la muestra<\/b> y la <b>restricci\u00f3n a adultos previamente sedentarios<\/b> limitan la generalizaci\u00f3n de los resultados a otras poblaciones. <\/p>\n<p><img alt=\"Smartwatch ejercicio\" class=\"global-image\" decoding=\"async\" fetchpriority=\"low\" height=\"3840\" loading=\"lazy\" src=\"https:\/\/www.europesays.com\/es\/wp-content\/uploads\/2026\/04\/2PVLRJ73IFG67D3T5CJLOM5M6Q.jpg\" width=\"5760\"\/>El tama\u00f1o reducido de la muestra y la falta de grupo de control limitan la generalizaci\u00f3n de los resultados a otras poblaciones y actividades<br \/>\n(Cr\u00e9dito: Freepik)<\/p>\n<p class=\"paragraph\">Adem\u00e1s, la intervenci\u00f3n se centr\u00f3 exclusivamente en el <b>ciclismo<\/b>, por lo que no es posible extrapolar los efectos a otras formas de ejercicio aer\u00f3bico o de resistencia. <b>No se incluy\u00f3 un grupo de control sin intervenci\u00f3n<\/b>, lo que podr\u00eda influir en la interpretaci\u00f3n de los hallazgos.<\/p>\n<p class=\"paragraph\">La <b>duraci\u00f3n de tres meses<\/b> permiti\u00f3 identificar <b>cambios r\u00e1pidos<\/b>, pero <b>no se evalu\u00f3 el mantenimiento de los efectos a largo plazo<\/b>. Por ello, los cient\u00edficos recomiendan <b>nuevas investigaciones<\/b> que ampl\u00eden la muestra, incluyan diferentes actividades deportivas y contemplen <b>seguimientos prolongados<\/b> para analizar la persistencia de los beneficios.<\/p>\n<p>Comparaci\u00f3n con antecedentes internacionales<\/p>\n<p class=\"paragraph\">Estudios realizados en <b>Canad\u00e1<\/b> y <b>Alemania<\/b> han reportado aumentos en la <b>producci\u00f3n de BDNF<\/b> tras programas de actividad f\u00edsica en adultos mayores, aunque el presente trabajo destaca por centrarse en <b>adultos j\u00f3venes y de mediana edad sin experiencia previa<\/b>. <\/p>\n<p><img alt=\"(Imagen Ilustrativa Infobae)\" class=\"global-image\" decoding=\"async\" fetchpriority=\"low\" height=\"816\" loading=\"lazy\" src=\"https:\/\/www.europesays.com\/es\/wp-content\/uploads\/2026\/04\/GOYDKWUBQ5ETZPIOEU444OEWAI.jpg\" width=\"1456\"\/>Investigaciones internacionales previas han corroborado el papel del ejercicio en el aumento de BDNF, pero este estudio se enfoca en adultos j\u00f3venes sedentarios<br \/>\n(Imagen Ilustrativa Infobae)<\/p>\n<p class=\"paragraph\">De acuerdo con el portal de estad\u00edsticas <b>Statista<\/b>, cerca del <b>40% de la poblaci\u00f3n mundial adulta<\/b> no realiza suficiente ejercicio, lo que potencia la relevancia de encontrar <b>estrategias efectivas que motiven el cambio de h\u00e1bitos<\/b>.<\/p>\n<p class=\"paragraph\">Investigaciones publicadas en la revista m\u00e9dica The Lancet han se\u00f1alado que la <b>falta de actividad f\u00edsica<\/b> es un <b>factor de riesgo relevante para el deterioro cognitivo y enfermedades neurodegenerativas<\/b>. En ese sentido, los resultados de la UCL aportan <b>evidencia de que la intervenci\u00f3n temprana puede tener efectos tangibles en pocos meses<\/b>.<\/p>\n<p>Implicancias y proyecciones cl\u00ednicas<\/p>\n<p class=\"paragraph\">La <b>Dra. Flaminia Ronca<\/b> subraya que <b>la adopci\u00f3n de rutinas aer\u00f3bicas personalizadas podr\u00eda convertirse en una herramienta terap\u00e9utica<\/b> para optimizar la funci\u00f3n cerebral en adultos con estilos de vida sedentarios. <\/p>\n<p><img alt=\"(Imagen Ilustrativa Infobae)\" class=\"global-image\" decoding=\"async\" fetchpriority=\"low\" height=\"768\" loading=\"lazy\" src=\"https:\/\/www.europesays.com\/es\/wp-content\/uploads\/2026\/04\/DMWZ5UNAMNC5HEUU3ZMVOZ5ECI.png\" width=\"1408\"\/>Expertos subrayan la necesidad de pol\u00edticas p\u00fablicas que promuevan la actividad f\u00edsica para prevenir el deterioro cognitivo y enfermedades neurodegenerativas<br \/>\n(Imagen Ilustrativa Infobae)<\/p>\n<p class=\"paragraph\">Los investigadores prev\u00e9n que <b>futuras aplicaciones<\/b> incluyan <b>programas preventivos en centros de salud<\/b> y <b>cl\u00ednicas de rehabilitaci\u00f3n cognitiva<\/b>.<\/p>\n<p class=\"paragraph\">La publicaci\u00f3n en Brain Research <b>ampl\u00eda la comprensi\u00f3n de los mecanismos<\/b> por los cuales el <b>ejercicio f\u00edsico produce mejoras r\u00e1pidas y espec\u00edficas en la funci\u00f3n cerebral<\/b>, y refuerza la necesidad de <b>pol\u00edticas p\u00fablicas orientadas a incrementar los niveles de actividad f\u00edsica<\/b> en la poblaci\u00f3n general.<\/p>\n","protected":false},"excerpt":{"rendered":"El estudio de la University College London demuestra que doce semanas de entrenamiento aer\u00f3bico generan beneficios cerebrales r\u00e1pidos&hellip;\n","protected":false},"author":2,"featured_media":491436,"comment_status":"","ping_status":"","sticky":false,"template":"","format":"standard","meta":{"footnotes":""},"categories":[92],"tags":[11765,69700,4251,634,4808,8346,25,24,1506,29126,165,166,23,28660],"class_list":["post-491435","post","type-post","status-publish","format-standard","has-post-thumbnail","category-salud","tag-actividad-fisica","tag-bicicleta-estatica","tag-bienestar","tag-deporte","tag-ejercicio","tag-entrenamiento","tag-es","tag-espana","tag-fitness","tag-gimnasio","tag-health","tag-salud","tag-spain","tag-vida-saludable"],"share_on_mastodon":{"url":"https:\/\/pubeurope.com\/@es\/116378724678249082","error":""},"_links":{"self":[{"href":"https:\/\/www.europesays.com\/es\/wp-json\/wp\/v2\/posts\/491435","targetHints":{"allow":["GET"]}}],"collection":[{"href":"https:\/\/www.europesays.com\/es\/wp-json\/wp\/v2\/posts"}],"about":[{"href":"https:\/\/www.europesays.com\/es\/wp-json\/wp\/v2\/types\/post"}],"author":[{"embeddable":true,"href":"https:\/\/www.europesays.com\/es\/wp-json\/wp\/v2\/users\/2"}],"replies":[{"embeddable":true,"href":"https:\/\/www.europesays.com\/es\/wp-json\/wp\/v2\/comments?post=491435"}],"version-history":[{"count":0,"href":"https:\/\/www.europesays.com\/es\/wp-json\/wp\/v2\/posts\/491435\/revisions"}],"wp:featuredmedia":[{"embeddable":true,"href":"https:\/\/www.europesays.com\/es\/wp-json\/wp\/v2\/media\/491436"}],"wp:attachment":[{"href":"https:\/\/www.europesays.com\/es\/wp-json\/wp\/v2\/media?parent=491435"}],"wp:term":[{"taxonomy":"category","embeddable":true,"href":"https:\/\/www.europesays.com\/es\/wp-json\/wp\/v2\/categories?post=491435"},{"taxonomy":"post_tag","embeddable":true,"href":"https:\/\/www.europesays.com\/es\/wp-json\/wp\/v2\/tags?post=491435"}],"curies":[{"name":"wp","href":"https:\/\/api.w.org\/{rel}","templated":true}]}}