{"id":491690,"date":"2026-04-10T09:10:17","date_gmt":"2026-04-10T09:10:17","guid":{"rendered":"https:\/\/www.europesays.com\/es\/491690\/"},"modified":"2026-04-10T09:10:17","modified_gmt":"2026-04-10T09:10:17","slug":"el-disenador-matthew-williamson-despliega-su-colorido-universo-en-el-nuevo-templo-lifestyle-de-mallorca-lo-que-hago-ahora-es-mas-soleado-mas-ingenioso-y-artesanal-que-exotico","status":"publish","type":"post","link":"https:\/\/www.europesays.com\/es\/491690\/","title":{"rendered":"El dise\u00f1ador Matthew Williamson despliega su colorido universo en el nuevo templo \u2018lifestyle\u2019 de Mallorca: \u00abLo que hago ahora es m\u00e1s soleado, m\u00e1s ingenioso y artesanal que ex\u00f3tico\u201d"},"content":{"rendered":"<p><strong>Entramos en Caserra 71, la nueva aventura de <a href=\"https:\/\/www.revistaad.es\/lugares\/articulos\/el-disenador-matthew-williamson-nos-muestra-su-universo-creativo-en-mallorca\" rel=\"nofollow noopener\" target=\"_blank\">Matthew Williamson<\/a> en Mallorca<\/strong><\/p>\n<p>El nombre de <a data-offer-url=\"https:\/\/www.instagram.com\/caserra71\/\" class=\"external-link\" data-event-click=\"{&quot;element&quot;:&quot;ExternalLink&quot;,&quot;outgoingURL&quot;:&quot;https:\/\/www.instagram.com\/caserra71\/&quot;}\" href=\"https:\/\/www.instagram.com\/caserra71\/\" rel=\"nofollow noopener\" target=\"_blank\">Caserra 71<\/a> viene de \u2018casa\u2019 m\u00e1s \u2018sierra\u2019: un lugar en la monta\u00f1a en el que dejarse sorprender, construido con una mezcla de instinto y cuidadosa concepci\u00f3n est\u00e9tica. \u201cBuscaba crear una atm\u00f3sfera seductora e inspiradora, que invite a quedarse\u201d, explica Matthew Williamson, quien reinterpreta la \u201cdecadencia r\u00fastica\u201d de su estilo: <strong>\u201cMe gustan los espacios que transmiten una sensaci\u00f3n de vida, llenos de car\u00e1cter y de historias, un poco imperfectos, sin estar demasiado pulidos\u201d.<\/strong> <a href=\"https:\/\/www.revistaad.es\/articulos\/casa-mallorca-disenadora-sybilla\" rel=\"nofollow noopener\" target=\"_blank\">Mallorca<\/a> ha transformado su amor por el color, los estampados y las texturas, ampliando su libertad y su perspectiva: \u201cAhora lo que hago es m\u00e1s soleado, m\u00e1s ingenioso y artesanal que ex\u00f3tico, con colores suaves, motivos m\u00e1s na\u00edfs\u201d.<\/p>\n<p><img decoding=\"async\" alt=\"Velas perfumes accesorios decorativos hallazgos vintage y ropa. \u00bfQu ms se puede pedir\" loading=\"lazy\" class=\"ResponsiveImageContainer-dkeESL cQPiWi responsive-image__image\"   src=\"https:\/\/www.europesays.com\/es\/wp-content\/uploads\/2026\/04\/AndreaPomelli_Caserra71_Web-4.jpg\"\/><\/p>\n<p>Velas, perfumes, accesorios decorativos, hallazgos vintage y ropa. \u00bfQu\u00e9 m\u00e1s se puede pedir?<\/p>\n<p>Andrea Pomelli<strong>El cliente m\u00e1s exigente<\/strong><\/p>\n<p>En su trabajo se mantiene intacto el asombro infantil, la creaci\u00f3n como un juego. A partir de una idea sencilla o un sue\u00f1o entran en escena la experiencia y la destreza, \u201cmuchas idas y venidas, repeticiones, frustraciones y peque\u00f1as victorias. Esta vez soy yo el cliente, as\u00ed que he seguido mis propios gustos\u201d. El resultado captura la esencia del verano, su estaci\u00f3n predilecta, ba\u00f1ando los espacios de <a href=\"https:\/\/www.revistaad.es\/articulos\/acentos-tropicales-y-estilo-mediterraneo-esta-casa-rosa-con-jardin-secreto-y-guinos-a-mexico-demuestra-que-es-todo-un-acierto\" rel=\"nofollow noopener\" target=\"_blank\">rosas suaves<\/a>, naranja, lim\u00f3n y un tono melocot\u00f3n \u201ccomo la pulpa madura de un mango\u201d, que forman parte de su l\u00ednea de pintura con la marca brit\u00e1nica Pickeson Paints.<\/p>\n<p><strong>Las distintas salas proponen universos complementarios: hogar y lifestyle, \u201cen su mayor\u00eda hallazgos <a href=\"https:\/\/www.revistaad.es\/articulos\/como-decorar-con-muebles-vintage-proyectos-firmados-por-maestros-del-interiorismo\" rel=\"nofollow noopener\" target=\"_blank\">vintage<\/a> procedentes de Espa\u00f1a y Europa\u201d, y una pared-galer\u00eda con algunos de sus cuadros y obras de artistas locales, fragancias de Vyrao y gafas de sol de Jacquemus y Dries Van Noten,<\/strong> as\u00ed como colaboraciones con Arquinesia en una l\u00ednea de velas o con Newby Teas para su propia mezcla de t\u00e9.<\/p>\n<p><script async src=\"\/\/www.instagram.com\/embed.js\"><\/script><\/p>\n","protected":false},"excerpt":{"rendered":"Entramos en Caserra 71, la nueva aventura de Matthew Williamson en Mallorca El nombre de Caserra 71 viene&hellip;\n","protected":false},"author":2,"featured_media":491691,"comment_status":"","ping_status":"","sticky":false,"template":"","format":"standard","meta":{"footnotes":""},"categories":[173],"tags":[229,233,231,230,8372,232,234,146,147,25,24,12444,23,12443],"class_list":["post-491690","post","type-post","status-publish","format-standard","has-post-thumbnail","category-arte-y-diseno","tag-arte","tag-arte-y-diseno","tag-arts","tag-arts-and-design","tag-decoracion","tag-design","tag-diseno","tag-entertainment","tag-entretenimiento","tag-es","tag-espana","tag-magazine","tag-spain","tag-splitscreenimageleftfullbleed"],"share_on_mastodon":{"url":"https:\/\/pubeurope.com\/@es\/116379636599598201","error":""},"_links":{"self":[{"href":"https:\/\/www.europesays.com\/es\/wp-json\/wp\/v2\/posts\/491690","targetHints":{"allow":["GET"]}}],"collection":[{"href":"https:\/\/www.europesays.com\/es\/wp-json\/wp\/v2\/posts"}],"about":[{"href":"https:\/\/www.europesays.com\/es\/wp-json\/wp\/v2\/types\/post"}],"author":[{"embeddable":true,"href":"https:\/\/www.europesays.com\/es\/wp-json\/wp\/v2\/users\/2"}],"replies":[{"embeddable":true,"href":"https:\/\/www.europesays.com\/es\/wp-json\/wp\/v2\/comments?post=491690"}],"version-history":[{"count":0,"href":"https:\/\/www.europesays.com\/es\/wp-json\/wp\/v2\/posts\/491690\/revisions"}],"wp:featuredmedia":[{"embeddable":true,"href":"https:\/\/www.europesays.com\/es\/wp-json\/wp\/v2\/media\/491691"}],"wp:attachment":[{"href":"https:\/\/www.europesays.com\/es\/wp-json\/wp\/v2\/media?parent=491690"}],"wp:term":[{"taxonomy":"category","embeddable":true,"href":"https:\/\/www.europesays.com\/es\/wp-json\/wp\/v2\/categories?post=491690"},{"taxonomy":"post_tag","embeddable":true,"href":"https:\/\/www.europesays.com\/es\/wp-json\/wp\/v2\/tags?post=491690"}],"curies":[{"name":"wp","href":"https:\/\/api.w.org\/{rel}","templated":true}]}}