{"id":492275,"date":"2026-04-10T16:32:13","date_gmt":"2026-04-10T16:32:13","guid":{"rendered":"https:\/\/www.europesays.com\/es\/492275\/"},"modified":"2026-04-10T16:32:13","modified_gmt":"2026-04-10T16:32:13","slug":"lanzan-el-primer-trailer-oficial-de-la-serie-sobre-moria-casan-y-anuncian-la-fecha-de-estreno","status":"publish","type":"post","link":"https:\/\/www.europesays.com\/es\/492275\/","title":{"rendered":"Lanzan el primer tr\u00e1iler oficial de la serie sobre Moria Cas\u00e1n y anuncian la fecha de estreno"},"content":{"rendered":"<p>El primer tr\u00e1iler de la serie de Moria Cas\u00e1n (Video: Instagram\/Netflix)<\/p>\n<p class=\"paragraph\"><b>Netflix present\u00f3 el primer tr\u00e1iler y nuevas im\u00e1genes de <\/b><b>Moria<\/b><b>,<\/b> la esperada serie de ficci\u00f3n basada en la vida de la diva argentina<b> <\/b><a href=\"https:\/\/www.infobae.com\/tag\/moria-casan\/\" target=\"_blank\" rel=\"noreferrer nofollow noopener\" title=\"https:\/\/www.infobae.com\/tag\/moria-casan\/\"><b>Moria Cas\u00e1n<\/b><\/a><b>, que se estrenar\u00e1 el 14 de agosto a nivel mundial y anticipa la celebraci\u00f3n de sus 80 a\u00f1os<\/b>. La producci\u00f3n, realizada en Argentina, recorre <a href=\"https:\/\/www.infobae.com\/teleshow\/2026\/04\/08\/se-viene-la-serie-sobre-moria-casan-las-impactantes-nuevas-imagenes-de-sofia-gala-griselda-siciliani-y-cecilia-roth\/\" target=\"_blank\" rel=\"noreferrer nofollow noopener\" title=\"https:\/\/www.infobae.com\/teleshow\/2026\/04\/08\/se-viene-la-serie-sobre-moria-casan-las-impactantes-nuevas-imagenes-de-sofia-gala-griselda-siciliani-y-cecilia-roth\/\">distintos momentos de la trayectoria personal y profesional de la protagonista<\/a>, quien asume el control de su propio relato y se convierte en la titiritera de su historia. Y al mismo tiempo, refleja virtudes y miserias de la cultura popular argentina del \u00faltimo medio siglo.<\/p>\n<p class=\"paragraph\">En la serie, <b>Sof\u00eda Gala Castiglione<\/b>, <b>Griselda Siciliani<\/b> y <b>Cecilia Roth<\/b> interpretan a Moria Cas\u00e1n en diferentes etapas de su vida. Cada actriz se encarga de retratar los diversos momentos de la carrera de la figura central, desde los comienzos en el escenario como vedette hasta su consolidaci\u00f3n en la televisi\u00f3n y el espect\u00e1culo. <\/p>\n<p><img alt=\"Una figura central vestida de rojo con un gran tocado dorado en forma de sol est\u00e1 de pie en un bote, que tambi\u00e9n contiene a tres personas m\u00e1s, iluminado por luces rojas en la noche\" class=\"global-image\" decoding=\"async\" fetchpriority=\"low\" height=\"1080\" loading=\"lazy\" src=\"https:\/\/www.europesays.com\/es\/wp-content\/uploads\/2026\/04\/GCIPREBLCREM7LJDZEZG3BUKHA.jpg\" width=\"1920\"\/>Sof\u00eda Gala interpreta a su madre Moria Cas\u00e1n en sus primeros a\u00f1os en el espect\u00e1culo (Alina Schwarcz\/Netflix)<\/p>\n<p class=\"paragraph\">\u201c<b>Para los que no me conocen, mi nombre es Moria. Soy nueva en la revista y soy un caso raro e inusual<\/b>\u201d, dice Gala en la apertura del tr\u00e1iler, personificando a su madre con est\u00e9tica setentosa y la actitud con la que definir\u00eda su carrera. <b>\u201cYo estudi\u00e9 algo as\u00ed. Pas\u00e9 de las escalinatas de la Facultad de Derecho al Teatro Nacional el mismo d\u00eda\u201d<\/b>, reflexiona Roth con mirada retrospectiva.<b> \u201cEstoy ac\u00e1 porque mi presencia jerarquiza la pista\u201d<\/b>, apunta Siciliani en tiempos de ShowMatch, picos de rating y espct\u00e1culo garantizado. El tr\u00e1iler es un recorrido por frases ic\u00f3nicas, est\u00e9ticas bien reconocibles y un desfile de personajes y situaciones ligadas a la cultura popular argentina.<\/p>\n<p class=\"paragraph\">\u201cSon a\u00f1os de entrega, profesionalismo, amor y dedicaci\u00f3n. Gracias a ustedes\u201d, dijo la propia Cas\u00e1n en su programa de El Trece al presentar el tr\u00e1iler. \u201cSi no estuvieran ustedes, yo no estar\u00eda ac\u00e1. Eso es obra de ustedes, que hace m\u00e1s de cincuenta a\u00f1os que me eligen\u201d, agreg\u00f3 con gratitud.<\/p>\n<p><img alt=\"Moria Cas\u00e1n sentada, con cabello oscuro y flequillo, viste una chaqueta tweed negra y colorida sobre un top claro. Un libro y flores est\u00e1n en una mesa a su lado\" class=\"global-image\" decoding=\"async\" fetchpriority=\"low\" height=\"1080\" loading=\"lazy\" src=\"https:\/\/www.europesays.com\/es\/wp-content\/uploads\/2026\/04\/AAVSDZQJJ5EDPFKE2KT7Y4XJSY.jpg\" width=\"1920\"\/>Griselda Siciliani caracterizada como Moria Cas\u00e1n en la presentaci\u00f3n de su autobiograf\u00eda (Alina Schwarcz\/Netflix)<\/p>\n<p class=\"paragraph\">De acuerdo con la informaci\u00f3n oficial, <b>la producci\u00f3n se propone como un homenaje a la cultura popular argentina<\/b> y muestra a una mujer que transform\u00f3 la transgresi\u00f3n en una forma de subsistencia. La direcci\u00f3n y el guion est\u00e1n a cargo de <b>Javier Van de Couter<\/b>, y la producci\u00f3n corresponde a <b>About Entertainment<\/b>, bajo la conducci\u00f3n de <b>Mercedes Reincke<\/b> y <b>Armando Bo<\/b>.<\/p>\n<p class=\"paragraph\">Durante la campa\u00f1a de lanzamiento, las protagonistas participaron en una serie de promos que exploran el desaf\u00edo de interpretar a una figura tan reconocida. En una de estas piezas, <b>Sof\u00eda Gala Castiglione<\/b> relat\u00f3 la experiencia particular de encarnar a su propia madre, mientras que <b>Griselda Siciliani<\/b> y <b>Cecilia Roth<\/b> destacaron el trabajo colectivo para retratar el universo de la artista. El material difundido incluye escenas que recrean momentos ic\u00f3nicos de la vida de Cas\u00e1n y referencias a frases emblem\u00e1ticas de la diva.<\/p>\n<p><img alt=\"Moria Cas\u00e1n, con cabello oscuro y flequillo, sentada en un sof\u00e1 estampado de leopardo y tigre, luciendo una blusa negra, camisa blanca y jeans rotos\" class=\"global-image\" decoding=\"async\" fetchpriority=\"low\" height=\"1080\" loading=\"lazy\" src=\"https:\/\/www.europesays.com\/es\/wp-content\/uploads\/2026\/04\/FADYQ5SPGZDY3BY2Y7J4TI3SFU.jpg\" width=\"1920\"\/>Cecilia Roth interpreta la etapa actual de la diva(Alina Schwarcz\/Netflix)<\/p>\n<p class=\"paragraph\">Entre las im\u00e1genes difundidas, se observa a <b>Sof\u00eda Gala Castiglione<\/b> en el rol de vedette y a <b>Griselda Siciliani<\/b> en la etapa de adultez de la protagonista, durante la presentaci\u00f3n de la biograf\u00eda \u201cMemoria\u201d en 2012. <b>Cecilia Roth<\/b> representa el per\u00edodo m\u00e1s reciente, vinculado a la participaci\u00f3n televisiva de la artista. La serie incluye gui\u00f1os a la vigencia de Moria Cas\u00e1n y al impacto de su figura en el espect\u00e1culo argentino, y <a href=\"https:\/\/www.infobae.com\/teleshow\/2026\/01\/23\/moria-casan-salio-al-cruce-de-los-rumores-y-defendio-a-cecilia-roth-esta-fascinada\/\" target=\"_blank\" rel=\"noreferrer nofollow noopener\" title=\"https:\/\/www.infobae.com\/teleshow\/2026\/01\/23\/moria-casan-salio-al-cruce-de-los-rumores-y-defendio-a-cecilia-roth-esta-fascinada\/\">el rodaje no estuvo exento de pol\u00e9micas y entredichos<\/a>. No hubiera podido ser de otra manera en una de las grandes protagonistas del show business local.<\/p>\n<p class=\"paragraph\">El estreno de la serie est\u00e1 programado para el 14 de agosto en todo el mundo a trav\u00e9s de <b>Netflix<\/b> y forma parte de la estrategia de la plataforma para fortalecer su oferta de contenidos argentinos y latinoamericanos. Seg\u00fan la sinopsis oficial, la trama no se limita al retrato de una estrella del cine, el teatro y la televisi\u00f3n, sino que narra la historia de una mujer que desafi\u00f3 los l\u00edmites y dej\u00f3 una marca en la cultura popular.<\/p>\n","protected":false},"excerpt":{"rendered":"El primer tr\u00e1iler de la serie de Moria Cas\u00e1n (Video: Instagram\/Netflix) Netflix present\u00f3 el primer tr\u00e1iler y nuevas&hellip;\n","protected":false},"author":2,"featured_media":492276,"comment_status":"","ping_status":"","sticky":false,"template":"","format":"standard","meta":{"footnotes":""},"categories":[171],"tags":[283,229,17774,77062,146,147,25,24,10392,16238,193,156,23,183,214,28690],"class_list":["post-492275","post","type-post","status-publish","format-standard","has-post-thumbnail","category-tv","tag-argentina","tag-arte","tag-bote","tag-celebridad","tag-entertainment","tag-entretenimiento","tag-es","tag-espana","tag-espectaculo","tag-moria-casan","tag-noche","tag-serie","tag-spain","tag-trailer","tag-tv","tag-vestuario"],"share_on_mastodon":{"url":"https:\/\/pubeurope.com\/@es\/116381374784848180","error":""},"_links":{"self":[{"href":"https:\/\/www.europesays.com\/es\/wp-json\/wp\/v2\/posts\/492275","targetHints":{"allow":["GET"]}}],"collection":[{"href":"https:\/\/www.europesays.com\/es\/wp-json\/wp\/v2\/posts"}],"about":[{"href":"https:\/\/www.europesays.com\/es\/wp-json\/wp\/v2\/types\/post"}],"author":[{"embeddable":true,"href":"https:\/\/www.europesays.com\/es\/wp-json\/wp\/v2\/users\/2"}],"replies":[{"embeddable":true,"href":"https:\/\/www.europesays.com\/es\/wp-json\/wp\/v2\/comments?post=492275"}],"version-history":[{"count":0,"href":"https:\/\/www.europesays.com\/es\/wp-json\/wp\/v2\/posts\/492275\/revisions"}],"wp:featuredmedia":[{"embeddable":true,"href":"https:\/\/www.europesays.com\/es\/wp-json\/wp\/v2\/media\/492276"}],"wp:attachment":[{"href":"https:\/\/www.europesays.com\/es\/wp-json\/wp\/v2\/media?parent=492275"}],"wp:term":[{"taxonomy":"category","embeddable":true,"href":"https:\/\/www.europesays.com\/es\/wp-json\/wp\/v2\/categories?post=492275"},{"taxonomy":"post_tag","embeddable":true,"href":"https:\/\/www.europesays.com\/es\/wp-json\/wp\/v2\/tags?post=492275"}],"curies":[{"name":"wp","href":"https:\/\/api.w.org\/{rel}","templated":true}]}}