{"id":49270,"date":"2025-08-15T13:46:14","date_gmt":"2025-08-15T13:46:14","guid":{"rendered":"https:\/\/www.europesays.com\/es\/49270\/"},"modified":"2025-08-15T13:46:14","modified_gmt":"2025-08-15T13:46:14","slug":"el-ubu-san-pablo-motores-en-el-xiii-torneo-nacional-de-balonmano-de-torrelavega","status":"publish","type":"post","link":"https:\/\/www.europesays.com\/es\/49270\/","title":{"rendered":"El UBU San Pablo motores en el XIII Torneo Nacional de Balonmano de Torrelavega"},"content":{"rendered":"<p><a class=\"v-mdl-ath__fig-a\" href=\"https:\/\/www.burgosconecta.es\/autor\/burgosconecta-2120.html\" title=\"BURGOSconecta\" rel=\"nofollow noopener\" target=\"_blank\"><br \/>\n<img decoding=\"async\" class=\"v-mdl-ath__img\" src=\"https:\/\/www.europesays.com\/es\/wp-content\/uploads\/2025\/08\/autor-2120-foto-2.jpeg\" alt=\"BURGOSconecta\"\/><br \/>\n<\/a><\/p>\n<p class=\"v-mdl-ath__p v-mdl-ath__p--6\">\nViernes, 15 de agosto 2025, 12:52<\/p>\n<p class=\"v-p\">El UBU San Pablo Bm. Burgos afronta este s\u00e1bado 16 de agosto su primera prueba de la pretemporada en el XIII Torneo Nacional de Balonmano Ayuntamiento de Torrelavega, un cuadrangular con formato expr\u00e9s que mide sensaciones y engrasa automatismos ante rivales de nivel Asobal. La cita, en el Vicente Trueba y con entrada gratuita, se podr\u00e1 seguir en directo por el canal de YouTube de Balonmano Torrelavega.<\/p>\n<p class=\"v-p\">El formato repite el del pasado a\u00f1o: dos tiempos de 20 minutos por partido y todo concentrado en la tarde del s\u00e1bado. El UBU San Pablo disputar\u00e1 la segunda semifinal (18:00 horas) ante el Bathco BM Torrelavega; antes, a las 16:30 horas, se miden Tubos Aranda Villa de Aranda y Recoletas Atl\u00e9tico Valladolid. A las 19:30 se juega el partido por el tercer y cuarto puesto y a las 21:00, la final.<\/p>\n<p class=\"v-p\">Para el equipo de <a href=\"https:\/\/www.burgosconecta.es\/deportes\/balonmano\/jorge-berzosa-objetivo-equipo-club-arriba-posible-20250728194505-nt.html\" data-voc-vtm-id=\"in-text-traffic\" title=\"Jorge Berzosa\" data-mrf-link=\"www.burgosconecta.es\" rel=\"nofollow noopener\" target=\"_blank\">Jorge Berzosa<\/a>, el torneo es el escenario ideal para engrasar mecanismos, ajustar las sincron\u00edas defensa\u2013transici\u00f3n y empezar a definir roles con bal\u00f3n a ritmo competitivo. El contexto tambi\u00e9n a\u00f1ade alicientes: el evento sirve de presentaci\u00f3n del Bathco BM Torrelavega ante su afici\u00f3n en plena semana grande de la Virgen Grande, con el Vicente Trueba como epicentro del balonmano regional.<\/p>\n<p>\u00daltimos fichajes<\/p>\n<p class=\"v-p\">El UBU San Pablo presentar\u00e1 sobre la pista varias caras nuevas llamadas a marcar diferencias, como Miguel Malo (procedente del Bada Huesca), que aporta golpe de vista y amenaza exterior tras firmar una gran campa\u00f1a en Asobal. Bajo palos, la porter\u00eda suma experiencia con Dani Santamar\u00eda (ex Helvetia Anaitasuna) y Gerard Forns (ex Guadalajara), dupla pensada para sostener ritmos altos. En primera l\u00ednea, el internacional argelino Nassim Bellahcene a\u00f1ade lanzamiento y f\u00edsico, y en el extremo se incorpora Jaime Fern\u00e1ndez, que llega tras su etapa en el Montpellier HB. Adem\u00e1s, regresan perfiles conocidos como Asier Pedroarena y se mantiene la columna vertebral con nombres como Fabrizio Casanova, Jaime Gonz\u00e1lez o Tom\u00e1s Moreira.<\/p>\n<p class=\"v-p\">Adem\u00e1s, el bloque se completa con la presencia de los burgaleses Marcos Garc\u00eda \u2014de vuelta al equipo\u2014 y de Pablo G\u00f3mez y Gonzalo Andino, que sumar\u00e1n minutos en esta pretemporada como apuesta por el talento de la casa y refuerzo del ADN cidiano.<\/p>\n<p class=\"v-p\">El choque ante el Bathco tendr\u00e1 tambi\u00e9n un componente emocional por la presencia en el bando burgal\u00e9s de ex &#8216;naranjas&#8217; como Pedroarena y Casanova, que volver\u00e1n a un Vicente Trueba que conocen bien. Otro motivo a\u00f1adido para medir pulsaciones, rotaciones y primeras sociedades ofensivas del nuevo curso.<\/p>\n<p class=\"v-p\">Con el Vicente Trueba como primer term\u00f3metro, el UBU San Pablo Bm. Burgos afronta una jornada que debe servir para coger ritmo, repartir minutos y afianzar automatismos con las nuevas incorporaciones ya en din\u00e1mica de partido. El duelo ante el Bathco BM Torrelavega, y el siguiente ante Tubos Aranda Villa de Aranda o Recoletas Atl\u00e9tico Valladolid, pondr\u00e1 a prueba la solidez defensiva, la transici\u00f3n y las asociaciones en primera l\u00ednea, con el foco puesto en salir del torneo con sensaciones crecientes.<\/p>\n<p>Comenta<\/p>\n<p>Reporta un error<\/p>\n","protected":false},"excerpt":{"rendered":"Viernes, 15 de agosto 2025, 12:52 El UBU San Pablo Bm. Burgos afronta este s\u00e1bado 16 de agosto&hellip;\n","protected":false},"author":2,"featured_media":49271,"comment_status":"","ping_status":"","sticky":false,"template":"","format":"standard","meta":{"footnotes":""},"categories":[278],"tags":[376,168,25,24,375,14395,813,618,2228,23,167,775,10956,2227,22127],"class_list":{"0":"post-49270","1":"post","2":"type-post","3":"status-publish","4":"format-standard","5":"has-post-thumbnail","7":"category-balonmano","8":"tag-balonmano","9":"tag-deportes","10":"tag-es","11":"tag-espana","12":"tag-handball","13":"tag-motores","14":"tag-nacional","15":"tag-pablo","16":"tag-san","17":"tag-spain","18":"tag-sports","19":"tag-torneo","20":"tag-torrelavega","21":"tag-ubu","22":"tag-xiii"},"share_on_mastodon":{"url":"","error":""},"_links":{"self":[{"href":"https:\/\/www.europesays.com\/es\/wp-json\/wp\/v2\/posts\/49270","targetHints":{"allow":["GET"]}}],"collection":[{"href":"https:\/\/www.europesays.com\/es\/wp-json\/wp\/v2\/posts"}],"about":[{"href":"https:\/\/www.europesays.com\/es\/wp-json\/wp\/v2\/types\/post"}],"author":[{"embeddable":true,"href":"https:\/\/www.europesays.com\/es\/wp-json\/wp\/v2\/users\/2"}],"replies":[{"embeddable":true,"href":"https:\/\/www.europesays.com\/es\/wp-json\/wp\/v2\/comments?post=49270"}],"version-history":[{"count":0,"href":"https:\/\/www.europesays.com\/es\/wp-json\/wp\/v2\/posts\/49270\/revisions"}],"wp:featuredmedia":[{"embeddable":true,"href":"https:\/\/www.europesays.com\/es\/wp-json\/wp\/v2\/media\/49271"}],"wp:attachment":[{"href":"https:\/\/www.europesays.com\/es\/wp-json\/wp\/v2\/media?parent=49270"}],"wp:term":[{"taxonomy":"category","embeddable":true,"href":"https:\/\/www.europesays.com\/es\/wp-json\/wp\/v2\/categories?post=49270"},{"taxonomy":"post_tag","embeddable":true,"href":"https:\/\/www.europesays.com\/es\/wp-json\/wp\/v2\/tags?post=49270"}],"curies":[{"name":"wp","href":"https:\/\/api.w.org\/{rel}","templated":true}]}}