{"id":493121,"date":"2026-04-11T06:34:11","date_gmt":"2026-04-11T06:34:11","guid":{"rendered":"https:\/\/www.europesays.com\/es\/493121\/"},"modified":"2026-04-11T06:34:11","modified_gmt":"2026-04-11T06:34:11","slug":"avances-y-concienciacion-en-el-dia-mundial-del-parkinson-queremos-darlle-visibilidade-porque-e-algo-que-nos-atinxe-a-todos-la-voz-de-galicia","status":"publish","type":"post","link":"https:\/\/www.europesays.com\/es\/493121\/","title":{"rendered":"Avances y concienciaci\u00f3n en el D\u00eda Mundial del P\u00e1rkinson: \u00abQueremos darlle visibilidade porque \u00e9 algo que nos atinxe a todos\u00bb &#8211; La Voz de Galicia"},"content":{"rendered":"<ol>\n<li><a href=\"https:\/\/news.google.com\/rss\/articles\/CBMi1wFBVV95cUxOdUNSal94TGhfUXdaSndxYzZVc2NjQk9oQWVJal91dlRVRUtfTW5jRGxiVDNFc3k0TVJtODh1SkNUTHdvblNrd0pGUm80VXU3dTJuM3BPendSVEhGd3I5Nks1VDhkRkdyTmhSQXJTV05nNDRTbEpjZWhyMm9qYTY3RFgyeWwxQUVLam5rNHpHUFVoLUhsMjV3Qi13bDE0NzFuaDFsMzQwRE9adWdXRFI0RWlrbk1xd1R2Y2Y5eHV1V2FZckJQTzB2eW9IbzZxcU5pWHVoZHNfc9IB8wFBVV95cUxPQm5VZDRNMkFvQkRDTktXUDY2UzcxOFdBOFBsbWtUZXFodWhmUTcyVXZkVklsdl9nendpVXVLWWNmaFMzMXdudTkxcHZSTlhHNmUta3pZVnVRUFVQUzV0TWNIMWs1dnVoS3I5TnI5TTBTdEs2YW0xczdSdFI0dFdMV1ZLbFFodW1RTGFpalNxS2RWMWNmV28xaTV5cEFEYWNMdW5EaG9nOU96eV9hVjBZbnN2cU9WRjNOM2ZHdDdEWTVyemttTEppdjFIZHdYd1B4aWV1bjdtSlNhOFJraGVycVFSQ2RJU2Q3SklZYWZGdElrbUk?oc=5\" target=\"_blank\" rel=\"nofollow noopener\">Avances y concienciaci\u00f3n en el D\u00eda Mundial del P\u00e1rkinson: \u00abQueremos darlle visibilidade porque \u00e9 algo que nos atinxe a todos\u00bb<\/a>&nbsp;&nbsp;La Voz de Galicia<\/li>\n<li><a href=\"https:\/\/news.google.com\/rss\/articles\/CBMinwFBVV95cUxQWExicEFlRFZCaV91Mi04VGpSeDBPZHZOaF9UcXNnNUJCdkNsRUxHd2dDMG41eXRXR0RtQjJ3SWEwazUwOUp6akdlTGNPc1RpYXNXTk90T2E5V21Nb0RzcXhOTjlkZkpDU1ZJYmlqY1VoelhCaDJjME9ScEhXSHMzX1VURzYtMS1JLVB2OG9MNmNQcHRhSlF6Y2d3X3BkcGc?oc=5\" target=\"_blank\" rel=\"nofollow noopener\">Esto es lo que sucede en el cerebro de un paciente con p\u00e1rkinson<\/a>&nbsp;&nbsp;El Correo<\/li>\n<li><a href=\"https:\/\/news.google.com\/rss\/articles\/CBMirgFBVV95cUxPcnY3STdSWjExbWRsVEIxVEJYZWdaczF2ZkZXSEhHYlZOYldxdmpXMV83N0tmaWREdEkwN1plMU5ITlMzellWazQwN1NhdkliOFpOcnQ0UUVrX0EybE5lVnFqelBhckRmOTZ5LVFKMm5uUWdfM0lWZFlsbll4NFNzYmhRUnNRTmpnT0ZnemtkczFhcnBST0JVY0ptMGdvSWFfc1NJLVU2QlFPMHF2U0E?oc=5\" target=\"_blank\" rel=\"nofollow noopener\">El n\u00famero de pacientes con p\u00e1rkinson se ha duplicado en Espa\u00f1a en los \u00faltimos 14 a\u00f1os<\/a>&nbsp;&nbsp;El Confidencial<\/li>\n<li><a href=\"https:\/\/news.google.com\/rss\/articles\/CBMiuwFBVV95cUxQWXhFaXRaSVF2Y3VVSFJrdU5pMVplejlPT2J1ckliZHlMYnJnMDZQMVJDYUVCNi1ObGFMUG1tOE1PUERfVlA1OUp4ekItczhTOTU0LWtqd0VjQldzNUY1bzltdXQ4QmhkM0d6NjVsR1dWM1dQdnZNamJuLVpyUkcyTWN0T0VpMWZzdTBESDQta3YwUXo0NW1Xb1dTODdLLUNzV2I2aGl4SWlYWlZ1WF93LXd2WGJrSkFtN3BV0gG7AUFVX3lxTE1La19xcXdPMERmci0tSF9GeFh1Wm5sOHJvQ0xxRFVnek1yeVlndGsxa1ZUY214OVU4VTBraE9PSHJRN1pVRTJVd3dvRUE2Q0lKMTdOY0YxdUtfaEFqSDg1eVlTcV9kOHJfRnNVZVpmTUVBUTBaSEZudWR5QzlsODFmNUhQRkEzZWlRZGJzNVozMzBGUzFTckc3VnFYVkNGZnhfNnhCYmNsWnRDYUp3Yk56azBIWU9GV2JuR0k?oc=5\" target=\"_blank\" rel=\"nofollow noopener\">El p\u00e1rkinson no es solo temblor: otros s\u00edntomas que podr\u00edan permitir anticipar el diagn\u00f3stico<\/a>&nbsp;&nbsp;El Peri\u00f3dico<\/li>\n<li><a href=\"https:\/\/news.google.com\/rss\/articles\/CBMi1wFBVV95cUxQcTJYUVR5N3UtaThIWGxHX1AtMDFrOGxjVTFpeGxVTTFsekI2UVRnQzFjaWNjWlN4OEp6WXUwLTY2emc5WWNsZmFHN2dnMGg0R2M4WmhTX09NVEdUMEtkRk9yeTZfZDVBR1BETUdiTHU4RGxRUHplemxJeUVlRWdXTWZLT3ZoRTc0cTE1cjc2MjV4eXRQNEljQmJySDhUVWtXekpXQlFFNlVHRVk0dWFESXJXNW53b0N6THVqanRLbGJaSjJqbDNtMTFLSERtQ1docjNpbExJQdIB6wFBVV95cUxNNlRlcm1tcVkxWXdsbTIyVUhzcDZFVThFbnRSN2NSdllYMVRyMW52X052QWVpMEVEMEtkRUxab0d1RER1T0pJZk42TEFxbDYwWm5jdjF5M2JGYVBpUVZzb1V1ajFHSGJWWWZhaHNfVlRxQWEwZll3cnZaMkJycEFldGo4LUFwNUdVbW9xYmNJcGx5NTNRalFVSXpDaFByNWt1cDZVUTNnTkZqSXFnbGdadGtaM19TUkk3bVM3RTNNS0tXUnBGay1uQzlfc2gwa0VRVG9obXVqRTZSeU43VUhkd1k2cVFWZE9FbFB3?oc=5\" target=\"_blank\" rel=\"nofollow noopener\">D\u00eda mundial de Parkinson: 260.000 diagnosticados y la necesidad de un tratamiento precoz<\/a>&nbsp;&nbsp;Cadena SER<\/li>\n<\/ol>\n","protected":false},"excerpt":{"rendered":"Avances y concienciaci\u00f3n en el D\u00eda Mundial del P\u00e1rkinson: \u00abQueremos darlle visibilidade porque \u00e9 algo que nos atinxe&hellip;\n","protected":false},"author":2,"featured_media":493122,"comment_status":"","ping_status":"","sticky":false,"template":"","format":"standard","meta":{"footnotes":""},"categories":[92],"tags":[3350,29235,25,1815,24,165,7787,3351,1550,166,23,99563,3518],"class_list":["post-493121","post","type-post","status-publish","format-standard","has-post-thumbnail","category-salud","tag-alzheimer","tag-chuo","tag-es","tag-esclerosis-multiple","tag-espana","tag-health","tag-ourense-ciudad","tag-parkinson","tag-rfef","tag-salud","tag-spain","tag-universidade-de-vigo","tag-vigo-ciudad"],"share_on_mastodon":{"url":"https:\/\/pubeurope.com\/@es\/116384685462373643","error":""},"_links":{"self":[{"href":"https:\/\/www.europesays.com\/es\/wp-json\/wp\/v2\/posts\/493121","targetHints":{"allow":["GET"]}}],"collection":[{"href":"https:\/\/www.europesays.com\/es\/wp-json\/wp\/v2\/posts"}],"about":[{"href":"https:\/\/www.europesays.com\/es\/wp-json\/wp\/v2\/types\/post"}],"author":[{"embeddable":true,"href":"https:\/\/www.europesays.com\/es\/wp-json\/wp\/v2\/users\/2"}],"replies":[{"embeddable":true,"href":"https:\/\/www.europesays.com\/es\/wp-json\/wp\/v2\/comments?post=493121"}],"version-history":[{"count":0,"href":"https:\/\/www.europesays.com\/es\/wp-json\/wp\/v2\/posts\/493121\/revisions"}],"wp:featuredmedia":[{"embeddable":true,"href":"https:\/\/www.europesays.com\/es\/wp-json\/wp\/v2\/media\/493122"}],"wp:attachment":[{"href":"https:\/\/www.europesays.com\/es\/wp-json\/wp\/v2\/media?parent=493121"}],"wp:term":[{"taxonomy":"category","embeddable":true,"href":"https:\/\/www.europesays.com\/es\/wp-json\/wp\/v2\/categories?post=493121"},{"taxonomy":"post_tag","embeddable":true,"href":"https:\/\/www.europesays.com\/es\/wp-json\/wp\/v2\/tags?post=493121"}],"curies":[{"name":"wp","href":"https:\/\/api.w.org\/{rel}","templated":true}]}}