{"id":493599,"date":"2026-04-11T15:21:18","date_gmt":"2026-04-11T15:21:18","guid":{"rendered":"https:\/\/www.europesays.com\/es\/493599\/"},"modified":"2026-04-11T15:21:18","modified_gmt":"2026-04-11T15:21:18","slug":"la-exposicion-de-la-pintora-luz-serrano-en-toro-que-ilumina-el-exilio","status":"publish","type":"post","link":"https:\/\/www.europesays.com\/es\/493599\/","title":{"rendered":"La exposici\u00f3n de la pintora Luz Serrano en Toro que \u00abilumina\u00bb el exilio"},"content":{"rendered":"<p class=\"ft-text\">La exposici\u00f3n de <strong>la pintora Luz Serrano<\/strong> sobre el <strong>exilio<\/strong>, titulada <strong>\u201cLa luz, a pesar de todo\u201d,<\/strong> se ha inaugurado este viernes 10 de abril en la <strong>Casa de Cultura,<\/strong> donde podr\u00e1 contemplarse hasta <strong>el pr\u00f3ximo viernes 25<\/strong>. La muestra se enmarca dentro del <strong>hermanamiento entre Toro y Condom (Francia), as\u00ed como en el proyecto cultural \u201cFormas de leer el Vac\u00edo\u201d.<\/strong><\/p>\n<p class=\"ft-text\">Durante la presentaci\u00f3n, Serrano expres\u00f3 que su vida \u201cno ha sido un r\u00edo largo de <strong>tranquilidad<\/strong>\u201d y que \u201clibre de imaginar d\u00edas mejores\u201d, comenz\u00f3 a abordar el <strong>exilio<\/strong> en sus obras.<\/p>\n<p class=\"ft-text\">A partir de entonces, a\u00f1adi\u00f3 que en sus lienzos comenzaron a surgir \u201c<strong>siluetas<\/strong> enigm\u00e1ticas vestidas de manera atemporal, sin ojos, sin sonrisas, pero con maletas, bultos\u201d y, en ocasiones, con <strong>una ni\u00f1a peque\u00f1a en brazos.<\/strong> En ellos, continu\u00f3, \u201cestaban mis padres: <strong>Braulio y Vicenta<\/strong>\u201d, a quienes \u201cyo segu\u00eda con mi pincel, con emoci\u00f3n y cierto \u00e9xito, caminando con dignidad\u201d.<\/p>\n<p><img decoding=\"async\" src=\"https:\/\/www.europesays.com\/es\/wp-content\/uploads\/2026\/04\/ec4cbb0a-65e2-4c32-9a8c-828723d515a8_alta-libre-aspect-ratio_default_0_x720y270.jpg\" width=\"1200\" height=\"676\" alt=\"La pintora Luz Serrano expone en Toro &quot;La luz, a pesar de todo&quot;.\" class=\"ft-helper-img-rd\" loading=\"lazy\" fetchpriority=\"auto\"\/><\/p>\n<p class=\"ft-helper-fontColor-quaternary ft-helper-fontSize-body-S ft-helper-spacer-t-xxs\">La pintora Luz Serrano expone en Toro \u00abLa luz, a pesar de todo\u00bb.  \/ Yago Costoya<\/p>\n<p class=\"ft-text\"><strong>Michel- Henry, el vicepresidente del comit\u00e9 de hermanamiento entre Toro y Condom, <\/strong>a\u00f1adi\u00f3 que Serrano \u201ctiene una gran confianza en la vida y su pintura no es ni <strong>amarga ni nost\u00e1lgica\u201d<\/strong>. Expres\u00f3 que \u201ccada uno vivimos en un exilio; el exilio de lo que fuimos y de aquello que so\u00f1amos ser\u201d, se\u00f1alando que la pintura de la artista \u201cnos da la confianza en una <strong>luz fr\u00e1gil y obstinada<\/strong>\u201d.<\/p>\n<p class=\"ft-text\"><strong>El concejal de Cultura, Javier L\u00f3pez,<\/strong> explic\u00f3 que esta exposici\u00f3n se enmarca dentro del <strong>hermanamiento entre Toro y Condom, <\/strong>\u201cque lleva en marcha m\u00e1s de 35 a\u00f1os\u201d. Adem\u00e1s, detall\u00f3 que tambi\u00e9n se incluye en el proyecto cultural <strong>\u201cFormas de leer el Vac\u00edo\u201d<\/strong>, en el que se presentar\u00e1n distintas iniciativas hasta la celebraci\u00f3n de la <strong>IV Feria del Libro<\/strong>, que tendr\u00e1 lugar el s\u00e1bado 9 y domingo 10 de mayo.<\/p>\n<p class=\"ft-text\">Serrano reconoci\u00f3 que \u201ces un <strong>honor<\/strong>\u201d representar el hermanamiento, agradeciendo a sus amigos y a <strong>Cristina Tamames, Crist\u00edn y Michel- Henry, <\/strong>\u201cque iniciaron esta exposici\u00f3n y que, desde hace unos meses, me van acompa\u00f1ando con entusiasmo hasta conseguir alejar la duda que atormenta a cada artista\u201d. Natural de <strong>Arag\u00f3n<\/strong> y afincada en <strong>la regi\u00f3n de Occitania (Francia), <\/strong>Serrano se despidi\u00f3 expresando su gratitud por sentirse tanto <strong>espa\u00f1ola como francesa.<\/strong><\/p>\n<p><img decoding=\"async\" src=\"https:\/\/www.europesays.com\/es\/wp-content\/uploads\/2026\/04\/9c2e0c01-b82d-42c8-805d-67a96f556bce_alta-libre-aspect-ratio_default_0_x720y270.jpg\" width=\"1200\" height=\"676\" alt=\"El m\u00fasico Fernando Barba, interpretando una pieza durante la inauguraci\u00f3n de la exposici\u00f3n.\" class=\"ft-helper-img-rd\" loading=\"lazy\" fetchpriority=\"auto\"\/><\/p>\n<p class=\"ft-helper-fontColor-quaternary ft-helper-fontSize-body-S ft-helper-spacer-t-xxs\">El m\u00fasico Fernando Barba, interpretando una pieza durante la inauguraci\u00f3n de la exposici\u00f3n.  \/ Yago Costoya<\/p>\n<p class=\"ft-text\">Durante las ponencias tambi\u00e9n hubo agradecimientos al <strong>Ayuntamiento de Toro y al Ayuntamiento de Condom, <\/strong>como a sus respectivos alcaldes, <strong>Carlos Rodr\u00edguez y Jean-Fran\u00e7ois,<\/strong> as\u00ed como a <strong>representantes del comit\u00e9 de hermanamiento<\/strong> y <strong>al personal de la Casa de Cultura<\/strong> por la organizaci\u00f3n y colaboraci\u00f3n en la exposici\u00f3n.<\/p>\n<p class=\"ft-text\">Tras las intervenciones, <strong>el m\u00fasico Fernando Barba<\/strong> interpret\u00f3 cuatro piezas que, por su <strong>armon\u00eda menor,<\/strong> se\u00f1al\u00f3 que \u201cpodr\u00edamos establecer una conexi\u00f3n entre la historia reciente y triste de Espa\u00f1a, la pintura de Luz y la m\u00fasica\u201d.<\/p>\n<p class=\"ft-text\">Durante el acto tambi\u00e9n estuvieron presentes <strong>el alcalde de Toro, Carlos Rodr\u00edguez,<\/strong> <strong>la presidenta del comit\u00e9 de hermanamiento entre Toro y Condom, Fran\u00e7oise Mart\u00ednez<\/strong>, l<strong>a directora de la Casa de Cultura, Cristina Tamames,<\/strong> as\u00ed como otros representantes y asistentes.<\/p>\n","protected":false},"excerpt":{"rendered":"La exposici\u00f3n de la pintora Luz Serrano sobre el exilio, titulada \u201cLa luz, a pesar de todo\u201d, se&hellip;\n","protected":false},"author":2,"featured_media":493600,"comment_status":"","ping_status":"","sticky":false,"template":"","format":"standard","meta":{"footnotes":""},"categories":[173],"tags":[229,233,231,230,9197,232,234,146,147,25,24,2003,1875,11110,11608,23],"class_list":["post-493599","post","type-post","status-publish","format-standard","has-post-thumbnail","category-arte-y-diseno","tag-arte","tag-arte-y-diseno","tag-arts","tag-arts-and-design","tag-casa-de-cultura-de-toro","tag-design","tag-diseno","tag-entertainment","tag-entretenimiento","tag-es","tag-espana","tag-exposicion","tag-luz","tag-pesar","tag-pintora","tag-spain"],"share_on_mastodon":{"url":"https:\/\/pubeurope.com\/@es\/116386757835728804","error":""},"_links":{"self":[{"href":"https:\/\/www.europesays.com\/es\/wp-json\/wp\/v2\/posts\/493599","targetHints":{"allow":["GET"]}}],"collection":[{"href":"https:\/\/www.europesays.com\/es\/wp-json\/wp\/v2\/posts"}],"about":[{"href":"https:\/\/www.europesays.com\/es\/wp-json\/wp\/v2\/types\/post"}],"author":[{"embeddable":true,"href":"https:\/\/www.europesays.com\/es\/wp-json\/wp\/v2\/users\/2"}],"replies":[{"embeddable":true,"href":"https:\/\/www.europesays.com\/es\/wp-json\/wp\/v2\/comments?post=493599"}],"version-history":[{"count":0,"href":"https:\/\/www.europesays.com\/es\/wp-json\/wp\/v2\/posts\/493599\/revisions"}],"wp:featuredmedia":[{"embeddable":true,"href":"https:\/\/www.europesays.com\/es\/wp-json\/wp\/v2\/media\/493600"}],"wp:attachment":[{"href":"https:\/\/www.europesays.com\/es\/wp-json\/wp\/v2\/media?parent=493599"}],"wp:term":[{"taxonomy":"category","embeddable":true,"href":"https:\/\/www.europesays.com\/es\/wp-json\/wp\/v2\/categories?post=493599"},{"taxonomy":"post_tag","embeddable":true,"href":"https:\/\/www.europesays.com\/es\/wp-json\/wp\/v2\/tags?post=493599"}],"curies":[{"name":"wp","href":"https:\/\/api.w.org\/{rel}","templated":true}]}}