{"id":493800,"date":"2026-04-11T18:27:12","date_gmt":"2026-04-11T18:27:12","guid":{"rendered":"https:\/\/www.europesays.com\/es\/493800\/"},"modified":"2026-04-11T18:27:12","modified_gmt":"2026-04-11T18:27:12","slug":"cuando-danny-daniel-fue-humillado-en-tve","status":"publish","type":"post","link":"https:\/\/www.europesays.com\/es\/493800\/","title":{"rendered":"Cuando Danny Daniel fue humillado en TVE"},"content":{"rendered":"<p>Nuestro gozo en un pozo. Hace medio siglo, medio Gij\u00f3n estaba pegado a la pantalla para ver &#8216;Direct\u00edsimo&#8217;, a sabiendas de que en el programa  &#8230; de TVE, dirigido por Jos\u00e9 Mar\u00eda \u00cd\u00f1igo, actuar\u00eda nuestro paisano <a href=\"https:\/\/www.elcomercio.es\/culturas\/danny-daniel-reclama-sgae-gipsy-kings-20230303001104-ntvo.html\" data-voc-vtm-id=\"in-text-traffic\" title=\"Danny Daniel\" data-mrf-link=\"www.elcomercio.es\" rel=\"nofollow noopener\" target=\"_blank\">Danny Daniel<\/a>. Lo har\u00eda con retraso, eso s\u00ed, por la retransmisi\u00f3n previa de la final de la Copa de Europa de balonmano, pero lo har\u00eda. Y al final&#8230; no. Sin explicaci\u00f3n. Sin apenas unas breves palabras que justificasen la ausencia del cantante que, pocos a\u00f1os antes, hab\u00eda arrasado con su &#8216;Vals de las mariposas&#8217;, y que ahora cruzaba el charco para llevar a Latinoam\u00e9rica su &#8216;Por el amor de una mujer&#8217;. <\/p>\n<p class=\"v-p\">Ni cortos ni perezosos, en EL COMERCIO nos aprestamos en descubrir el tinglado que nos hab\u00eda quitado a Danny Daniel de la parrilla televisiva. \u00abMira, gallu\u00bb, nos contest\u00f3, con el acento intacto a pesar de la fama internacional. \u00abSon cosas muy desagradables, pero ya va siendo hora de que la gente las conozca\u00bb. Ocurr\u00eda que Daniel, que ese mismo d\u00eda inauguraba una discoteca en Villalba, se hab\u00eda personado en tiempo y forma en el plat\u00f3, con cuatro canciones preparadas. Ese era el trato que pronto empezar\u00eda a cambiar. <\/p>\n<p>Cacicada de \u00cd\u00f1igo<\/p>\n<p class=\"v-p\">Primero, horas antes de la retransmisi\u00f3n, le comunicaron que, a causa del partido de balonmano, \u00abdeber\u00eda interpretar solamente tres canciones, ya que el tiempo del programa se ver\u00eda ostensiblemente reducido\u00bb. Acept\u00f3, pero cuando faltaba una hora para arrancar, oje\u00f3 el guion del programa y&#8230; \u00abveo que est\u00e1 estructurado de la siguiente manera: una entrevista, Rita Pavone canta una canci\u00f3n, otra entrevista, salgo yo y canto dos canciones, entrevista, otra vez Rita Pavone con dos canciones, otra entrevista y por \u00faltimo una entrevista m\u00e1s a Rita Pavone y canta otra canci\u00f3n, que luego fueron dos\u00bb. Resultado: cuatro o cinco canciones para la Pavone, solo dos para nuestro Danny Daniel. El gijon\u00e9s amenaz\u00f3 con irse e \u00cd\u00f1igo, con cajas destempladas y al grito de \u00ab\u00a1Que se vaya!\u00bb no lo impidi\u00f3. \u00abCacicada de Jos\u00e9 Mar\u00eda \u00cd\u00f1igo\u00bb, titulamos hace hoy cincuenta a\u00f1os. \u00abCualquier pelagatos de fuera se coloca por delante de un artista nacional\u00bb, recalcamos en el cuerpo de la noticia. \u00a1Fue grande la afrenta! <\/p>\n","protected":false},"excerpt":{"rendered":"Nuestro gozo en un pozo. Hace medio siglo, medio Gij\u00f3n estaba pegado a la pantalla para ver &#8216;Direct\u00edsimo&#8217;,&hellip;\n","protected":false},"author":2,"featured_media":493801,"comment_status":"","ping_status":"","sticky":false,"template":"","format":"standard","meta":{"footnotes":""},"categories":[174],"tags":[255,2943,67093,146,147,25,24,256,48298,23,3156],"class_list":["post-493800","post","type-post","status-publish","format-standard","has-post-thumbnail","category-famosos","tag-celebrities","tag-daniel","tag-danny","tag-entertainment","tag-entretenimiento","tag-es","tag-espana","tag-famosos","tag-humillado","tag-spain","tag-tve"],"share_on_mastodon":{"url":"https:\/\/pubeurope.com\/@es\/116387489130079768","error":""},"_links":{"self":[{"href":"https:\/\/www.europesays.com\/es\/wp-json\/wp\/v2\/posts\/493800","targetHints":{"allow":["GET"]}}],"collection":[{"href":"https:\/\/www.europesays.com\/es\/wp-json\/wp\/v2\/posts"}],"about":[{"href":"https:\/\/www.europesays.com\/es\/wp-json\/wp\/v2\/types\/post"}],"author":[{"embeddable":true,"href":"https:\/\/www.europesays.com\/es\/wp-json\/wp\/v2\/users\/2"}],"replies":[{"embeddable":true,"href":"https:\/\/www.europesays.com\/es\/wp-json\/wp\/v2\/comments?post=493800"}],"version-history":[{"count":0,"href":"https:\/\/www.europesays.com\/es\/wp-json\/wp\/v2\/posts\/493800\/revisions"}],"wp:featuredmedia":[{"embeddable":true,"href":"https:\/\/www.europesays.com\/es\/wp-json\/wp\/v2\/media\/493801"}],"wp:attachment":[{"href":"https:\/\/www.europesays.com\/es\/wp-json\/wp\/v2\/media?parent=493800"}],"wp:term":[{"taxonomy":"category","embeddable":true,"href":"https:\/\/www.europesays.com\/es\/wp-json\/wp\/v2\/categories?post=493800"},{"taxonomy":"post_tag","embeddable":true,"href":"https:\/\/www.europesays.com\/es\/wp-json\/wp\/v2\/tags?post=493800"}],"curies":[{"name":"wp","href":"https:\/\/api.w.org\/{rel}","templated":true}]}}