{"id":493944,"date":"2026-04-11T21:05:14","date_gmt":"2026-04-11T21:05:14","guid":{"rendered":"https:\/\/www.europesays.com\/es\/493944\/"},"modified":"2026-04-11T21:05:14","modified_gmt":"2026-04-11T21:05:14","slug":"grupo-costa-y-arum-group-invertiran-50-millones-para-situar-bongolf-entre-los-10-mejores-campos-de-golf-de-espana","status":"publish","type":"post","link":"https:\/\/www.europesays.com\/es\/493944\/","title":{"rendered":"Grupo Costa y Arum Group invertir\u00e1n 50 millones para situar BonGolf entre los 10 mejores campos de golf de Espa\u00f1a"},"content":{"rendered":"<p class=\"ft-text\"><a class=\"ft-link ft-link--decoration\" href=\"https:\/\/www.elperiodicodearagon.com\/tags\/grupo-costa\/\" target=\"_blank\" rel=\"nofollow noopener\">Grupo Empresarial Costa<\/a> y Arum Group han anunciado su alianza para llevar a cabo la rehabilitaci\u00f3n y puesta al d\u00eda de BonGolf, un complejo residencial, deportivo y tur\u00edstico de referencia en Tarragona, situado en Mont-roig del Camp. Para ello, las dos compa\u00f1\u00edas tienen previsto <strong>invertir en torno a 50 millones de euros con el objetivo de convertirlo en un destino residencial y tur\u00edstico de referencia, con un campo de golf que aspiran a situar entre los 10 mejores de Espa\u00f1a<\/strong>.<\/p>\n<p class=\"ft-text\">Ubicado en plena Costa Dorada y perfectamente comunicado, BonGolf cuenta con un campo de golf dise\u00f1ado por el legendario Robert Trent Jones Jr como eje vertebrador del proyecto. Este ser\u00e1 objeto de una <strong>completa intervenci\u00f3n para preservar el trazado original, pero incorporando las mejores y \u00faltimas t\u00e9cnicas paisaj\u00edsticas y medioambientales<\/strong> de acuerdo con los m\u00e1s altos est\u00e1ndares del golf europeo de primer nivel.<\/p>\n<p class=\"ft-text\">Jorge Costa, presidente ejecutivo del Grupo Empresarial Costa, ha se\u00f1alado que su<strong> apuesta por el relanzamiento de BonGolf es s\u00f3lida y responde a una visi\u00f3n clara: convertirlo en un referente nacional e internacionalmente<\/strong>: \u00abConfiamos plenamente en su potencial para convertirse en uno de los principales destinos de Espa\u00f1a, donde el buen clima y un entorno \u00fanico den lugar a experiencias inolvidables\u201d.<\/p>\n<p class=\"ft-text\">Por su parte, Jordi Robinat, fundador de Arum Group, ha valorado la iniciativa como un proyecto ilusionante: \u201cContamos con el m\u00fasculo financiero y el conocimiento para situar a BonGolf como un destino preferente para los amantes del golf de todo el mundo. Los servicios de una leyenda como MG Orender nos ayudar\u00e1n en este cometido. Tenemos muchas ganas de poder mostrar al mundo el resultado de todo este trabajo. <strong>En poco tiempo estaremos contribuyendo a que Mont-roig del Camp sea todav\u00eda m\u00e1s conocido en todo el mundo<\/strong>\u201d.<\/p>\n<p class=\"ft-text\">En el acto tambi\u00e9n han participado el conseller de Empresa y Trabajo de la Generalitat de Catalunya, Miquel S\u00e0mper; los alcaldes de Mont-roig del Camp y Pratdip, Fran Morancho y S\u00edlvia Carrillo; el director de Green Project, Alfonso Vidaor; y el expresidente de la PGA of America, MG Orender, <strong>que va a apoyar el proyecto con su conocimiento<\/strong>.<\/p>\n<p>Nueva vida por delante<\/p>\n<p class=\"ft-text\"><strong>M\u00e1s all\u00e1 de la renovaci\u00f3n completa del campo de golf, otro de los pilares del proyecto sobre el que se intervendr\u00e1 es el hotel.<\/strong> Este activo ser\u00e1 sometido a una rehabilitaci\u00f3n integral para que las 136 habitaciones del complejo hotelero cumplan con los requisitos de un 5 estrellas gran lujo. El hotel contar\u00e1 tambi\u00e9n con 24 \u201cbranded residences\u201d, extensi\u00f3n del hotel principal, que ofrecer\u00e1n un servicio complementario pensado como una tipolog\u00eda de alojamiento flexible, con servicios hotelero para estancias de medio y largo plazo. Con todo,<strong> BonGolf cuenta con crear m\u00e1s de 200 empleos directos, de los que m\u00e1s del 90% ser\u00e1n cubiertos por vecinos de la zona<\/strong>.<\/p>\n<p class=\"ft-text\">El desarrollo de BonGolf se inici\u00f3 a principios de los a\u00f1os 90, momento en el que se inaugur\u00f3 el campo de golf dise\u00f1ado por Robert Trent Jones Jr. Este hito marc\u00f3 el origen de un proyecto residencial y tur\u00edstico de alto nivel en la Costa Dorada. Durante los a\u00f1os siguientes, la urbanizaci\u00f3n experiment\u00f3 un crecimiento sostenido con la creaci\u00f3n de hasta 600 viviendas. <strong>Las perspectivas de crecimiento se vieron entonces lastradas por el contexto socio-econ\u00f3mico de las crisis mundiales<\/strong>.<\/p>\n<p class=\"ft-text\">En 2024, Grupo Costa y Arum Group adquirieron el campo de golf, la casa club, la zona deportiva y diversas parcelas residenciales, operaci\u00f3n que se complet\u00f3 en marzo de 2025 con la compra del hotel. Ahora, el proyecto, en manos de esta alianza empresarial s\u00f3lida, est\u00e1 estructurado para <strong>garantizar tanto la viabilidad financiera como la excelencia en la gesti\u00f3n y ejecuci\u00f3n del desarrollo<\/strong>.<\/p>\n<p>Auge del golf en un enclave \u00fanico <\/p>\n<p class=\"ft-text\">Desde que se decidi\u00f3 que la edici\u00f3n de 2031 de la Ryder Cup iba a celebrarse en Catalu\u00f1a, <strong>el golf vuelve a ser uno de los deportes m\u00e1s de moda y con mayor crecimiento<\/strong>.<\/p>\n<p class=\"ft-text\">En este sentido, en los \u00faltimos a\u00f1os el golf ha experimentado un incremento significativo en su popularidad, consolid\u00e1ndose como un deporte capaz de atraer visitantes de perfil internacional, con alto poder adquisitivo y que <strong>contribuye a la desestacionalizaci\u00f3n de la <\/strong><a class=\"ft-link ft-link--decoration\" href=\"https:\/\/www.elperiodicodearagon.com\/tags\/turismo\/\" target=\"_blank\" rel=\"nofollow noopener\">demanda tur\u00edstica<\/a>.<\/p>\n<p class=\"ft-text\">BonGolf cuenta con un campo de golf y unas instalaciones deportivas que constituyen los ejes estructurales del proyecto. Dise\u00f1ados bajo est\u00e1ndares t\u00e9cnicos y paisaj\u00edsticos de primer nivel, estos dos activos <strong>aspiran a convertirse en los principales polos de atracci\u00f3n de turismo tanto nacional como internacional<\/strong>.<\/p>\n<p class=\"ft-text\">Precisamente la renovaci\u00f3n del campo de golf ser\u00e1 liderada por Green Project, la compa\u00f1\u00eda desarrollada por Alfonso Vidaor y Mag\u00ed Sard\u00e0 especializada en la puesta a punto de campos de golf. <strong>El objetivo es estar alineados con la celebraci\u00f3n de la Ryder Cup 2031<\/strong>.<\/p>\n<p class=\"ft-text\">Por ello, las previsiones de trabajo aspiran a<strong> tener lista la apertura de los 9 primeros hoyos antes de final de 2026<\/strong>.Todo ello har\u00e1 de BonGolf uno de los grandes destinos de golf en Espa\u00f1a.<\/p>\n<p>Sostenibilidad y regeneraci\u00f3n del entorno<\/p>\n<p class=\"ft-text\"><strong>La sostenibilidad constituye uno de los pilares fundamentales del proyecto, integr\u00e1ndose de manera transversal en su dise\u00f1o, ejecuci\u00f3n y futura operaci\u00f3n<\/strong>. Por ello, BonGolf tambi\u00e9n incorpora un enfoque integral de sostenibilidad, orientado tanto a la eficiencia en el uso de recursos como a la mejora y regeneraci\u00f3n del entorno natural en el que se inserta.<\/p>\n<p class=\"ft-text\">Uno de los elementos m\u00e1s destacados es la implantaci\u00f3n de un sistema de riego basado en el uso de agua regenerada procedente de una depuradora, que permitir\u00e1 que el consumo de agua sea totalmente de origen regenerado. Adem\u00e1s, <strong>la construcci\u00f3n de una planta fotovoltaica permitir\u00e1 que se optimicen los recursos energ\u00e9ticos naturales<\/strong> y se garantice una gesti\u00f3n responsable. El <a class=\"ft-link ft-link--decoration\" href=\"https:\/\/www.elperiodicodearagon.com\/tags\/hoteles\/\" target=\"_blank\" rel=\"nofollow noopener\">hotel <\/a>optar\u00e1 a una certificaci\u00f3n BREEAM.<\/p>\n<p class=\"ft-text\">Asimismo, el desarrollo del complejo contempla la recuperaci\u00f3n integral de su entorno. En ese sentido, <strong>el proyecto prev\u00e9 la creaci\u00f3n y ampliaci\u00f3n de zonas verdes, la generaci\u00f3n de grandes lagos y l\u00e1minas de agua<\/strong> que contribuir\u00e1n al desarrollo de la biodiversidad y equilibrio paisaj\u00edstico, la utilizaci\u00f3n prioritaria de especies vegetales aut\u00f3ctonas, adaptadas al clima mediterr\u00e1neo y, por \u00faltimo, la implementaci\u00f3n de soluciones de bajo consumo h\u00eddrico y mantenimiento eficiente.<\/p>\n<p class=\"ft-text\">Este conjunto de actuaciones permitir\u00e1 no solo reducir el impacto ambiental del desarrollo, sino tambi\u00e9n <strong>mejorar de forma significativa la calidad paisaj\u00edstica y ecol\u00f3gica del entorno<\/strong>.<\/p>\n<p class=\"ft-text\">El proyecto se concibe, por tanto, como <strong>una actuaci\u00f3n de regeneraci\u00f3n territorial que combina desarrollo econ\u00f3mico con criterios avanzados de sostenibilidad<\/strong>, en l\u00ednea con las pol\u00edticas actuales de gesti\u00f3n responsable del territorio.<\/p>\n","protected":false},"excerpt":{"rendered":"Grupo Empresarial Costa y Arum Group han anunciado su alianza para llevar a cabo la rehabilitaci\u00f3n y puesta&hellip;\n","protected":false},"author":2,"featured_media":493945,"comment_status":"","ping_status":"","sticky":false,"template":"","format":"standard","meta":{"footnotes":""},"categories":[275],"tags":[4499,99635,3213,2828,168,50890,25,24,86017,329,34593,100,99637,99636,23,167,1665],"class_list":["post-493944","post","type-post","status-publish","format-standard","has-post-thumbnail","category-golf","tag-aragon","tag-arum","tag-consumo","tag-costa","tag-deportes","tag-ejecutivo","tag-es","tag-espana","tag-generalitat-de-catalunya","tag-golf","tag-group","tag-grupo","tag-grupo-costa","tag-invertiran","tag-spain","tag-sports","tag-tarragona"],"share_on_mastodon":{"url":"https:\/\/pubeurope.com\/@es\/116388110335441280","error":""},"_links":{"self":[{"href":"https:\/\/www.europesays.com\/es\/wp-json\/wp\/v2\/posts\/493944","targetHints":{"allow":["GET"]}}],"collection":[{"href":"https:\/\/www.europesays.com\/es\/wp-json\/wp\/v2\/posts"}],"about":[{"href":"https:\/\/www.europesays.com\/es\/wp-json\/wp\/v2\/types\/post"}],"author":[{"embeddable":true,"href":"https:\/\/www.europesays.com\/es\/wp-json\/wp\/v2\/users\/2"}],"replies":[{"embeddable":true,"href":"https:\/\/www.europesays.com\/es\/wp-json\/wp\/v2\/comments?post=493944"}],"version-history":[{"count":0,"href":"https:\/\/www.europesays.com\/es\/wp-json\/wp\/v2\/posts\/493944\/revisions"}],"wp:featuredmedia":[{"embeddable":true,"href":"https:\/\/www.europesays.com\/es\/wp-json\/wp\/v2\/media\/493945"}],"wp:attachment":[{"href":"https:\/\/www.europesays.com\/es\/wp-json\/wp\/v2\/media?parent=493944"}],"wp:term":[{"taxonomy":"category","embeddable":true,"href":"https:\/\/www.europesays.com\/es\/wp-json\/wp\/v2\/categories?post=493944"},{"taxonomy":"post_tag","embeddable":true,"href":"https:\/\/www.europesays.com\/es\/wp-json\/wp\/v2\/tags?post=493944"}],"curies":[{"name":"wp","href":"https:\/\/api.w.org\/{rel}","templated":true}]}}