{"id":494036,"date":"2026-04-11T22:26:25","date_gmt":"2026-04-11T22:26:25","guid":{"rendered":"https:\/\/www.europesays.com\/es\/494036\/"},"modified":"2026-04-11T22:26:25","modified_gmt":"2026-04-11T22:26:25","slug":"en-judas-priest-no-nos-rendimos","status":"publish","type":"post","link":"https:\/\/www.europesays.com\/es\/494036\/","title":{"rendered":"En JUDAS PRIEST no nos rendimos"},"content":{"rendered":"<p>El guitarrista desvel\u00f3 en 2018 que padec\u00eda la enfermedad<\/p>\n<p>Con motivo del <strong>D\u00eda Mundial del P\u00e1rkinson<\/strong>, que se celebra este 11 de abril, <strong>Rob Halford, cantante de JUDAS PRIEST<\/strong>, ha querido poner en el foco a su compa\u00f1ero y amigo <strong>Glenn Tipton<\/strong>, guitarrista de la banda de Heavy Metal aquejado de dicha enfermedad.<\/p>\n<p>Halford ha compartido en sus redes sociales:<\/p>\n<p style=\"text-align: center;\">\u00abD\u00eda Mundial del P\u00e1rkinson: <strong>\u00a1No nos rendimos, te queremos, Glenn!<\/strong> Heavy Metal, luchador, leyenda, icono de la guitarra, amor, familia, amigos, fans, un mundo, paz, respeto para todos\u00bb.<\/p>\n<p>Tipton revel\u00f3 en febrero de 2018 que le hab\u00edan <a href=\"https:\/\/www.hellpress.com\/noticias\/glenn-tipton-judas-priest-parkinson\/\" rel=\"nofollow noopener\" target=\"_blank\">diagnosticado p\u00e1rkinson<\/a>, cuyos s\u00edntomas llevaba a\u00f1os sufriendo. Ese mismo a\u00f1o, JUDAS PRIEST cre\u00f3 la <strong><a href=\"https:\/\/www.hellpress.com\/noticias\/judas-priest-glenn-tipton-parkinson-foundation\/\" rel=\"nofollow noopener\" target=\"_blank\">Glenn Tipton Parkinson&#8217;s Foundation<\/a><\/strong>, una organizaci\u00f3n ben\u00e9fica que recauda fondos para la investigaci\u00f3n sobre esta enfermedad degenerativa.<\/p>\n<p>Desde entonces el m\u00fasico <a href=\"https:\/\/www.hellpress.com\/glenn-tipton-sigue-judas-priest-rob-halford\/\" rel=\"nofollow noopener\" target=\"_blank\">ha seguido en JUDAS PRIEST<\/a>, aunque dejando a un lado las actividades de gira.\u00a0No obstante, Tipton ha colaborado\u00a0<a href=\"https:\/\/www.hellpress.com\/glenn-tipton-escenario-judas-priest\/\" rel=\"nofollow noopener\" target=\"_blank\">subi\u00e9ndose al escenario con JUDAS PRIEST<\/a> y tocando algunos temas en numerosas ocasiones. Sobre el escenario, ocupa su puesto el productor <strong>Andy Sneap\u00a0<\/strong>(HELL, SABBAT), productor de los discos <a href=\"https:\/\/www.hellpress.com\/critica-judas-priest-firepower\/\" rel=\"nofollow noopener\" target=\"_blank\">\u00abFirepower\u00bb<\/a> e \u00abInvincible Shield\u00bb.<\/p>\n<p>En 2021, <a href=\"https:\/\/www.hellpress.com\/noticias\/glenn-tipton-vende-participacion-canciones-judas-priest\/\" rel=\"nofollow noopener\" target=\"_blank\">Tipton vendi\u00f3 el 50% de su participaci\u00f3n en las canciones de la banda<\/a>.<\/p>\n<p><\/p>\n<blockquote class=\"instagram-media\" style=\"background: #FFF; border: 0; border-radius: 3px; box-shadow: 0 0 1px 0 rgba(0,0,0,0.5),0 1px 10px 0 rgba(0,0,0,0.15); margin: 1px; max-width: 540px; min-width: 326px; padding: 0; width: calc(100% - 2px);\" data-instgrm-permalink=\"https:\/\/www.instagram.com\/p\/DW-9ydjlcZV\/?utm_source=ig_embed&amp;utm_campaign=loading\" data-instgrm-version=\"14\">\n<\/blockquote>\n<p>El\u00a0<strong>D\u00eda Mundial del P\u00e1rkinson\u00a0se celebra cada\u00a011 de abril<\/strong> para sensibilizar sobre esta enfermedad neurodegenerativa. La fecha coincide con el nacimiento de James Parkinson, quien describi\u00f3 la enfermedad en 1817. El objetivo es concienciar, visibilizar la realidad de los pacientes y fomentar la investigaci\u00f3n para mejorar su calidad de vida.<\/p>\n<p><\/p>\n<p data-start=\"0\" data-end=\"617\" data-is-last-node=\"\" data-is-only-node=\"\">Glenn Tipton (Blackheath, Reino Unido, 1947) es un guitarrista brit\u00e1nico y miembro clave de JUDAS PRIEST desde 1974. Considerado uno de los m\u00fasicos m\u00e1s influyentes del Heavy Metal, ha destacado por sus virtuosos solos y su trabajo junto a su excompa\u00f1ero K.K. Downing, formando uno de los d\u00faos m\u00e1s reconocidos del Metal. Su estilo incorpora t\u00e9cnicas avanzadas como el sweep-picking, consolidado en discos como \u00abDefenders of the Faith\u00bb. Tambi\u00e9n ha publicado trabajos en solitario como \u00abBaptizm of Fire\u00bb.<\/p>\n<p>JUDAS PRIEST, que est\u00e1 <a href=\"https:\/\/www.hellpress.com\/noticias\/judas-priest-trabaja-disco-sucesor-invincible-shield-hemos-empezado-grabar\/\" rel=\"nofollow noopener\" target=\"_blank\">grabando un nuevo disco<\/a>, celebr\u00f3 en su \u00faltima gira el aniversario del \u00e1lbum <strong><a href=\"https:\/\/www.hellpress.com\/noticias\/judas-priest-celebrara-35-anos-painkiller-proxima-gira\/\" rel=\"nofollow noopener\" target=\"_blank\">\u00abPainkiller\u00bb por sus 35 a\u00f1os<\/a><\/strong>. Vimos a la banda en <a href=\"https:\/\/www.hellpress.com\/conciertos\/judas-priest-celebra-35-anos-painkiller-bilbao-concierto-luces-sombras\/\" rel=\"nofollow noopener\" target=\"_blank\">Bilbao<\/a>\u00a0y\u00a0<a href=\"https:\/\/www.hellpress.com\/conciertos\/hellfest-2025-judas-priest-heavy-metal-sin-florituras-abbath-aplasta-blood-fire-death\/\" rel=\"nofollow noopener\" target=\"_blank\">Hellfest 2025<\/a>.<\/p>\n<p>Repasamos los\u00a0<a href=\"https:\/\/www.hellpress.com\/judas-priest-mejores-discos\/\" rel=\"nofollow noopener\" target=\"_blank\">mejores discos de\u00a0<strong>JUDAS PRIEST<\/strong><\/a>.<\/p>\n<p>M\u00e1s informaci\u00f3n sobre el grupo en su\u00a0<a href=\"https:\/\/judaspriest.com\/\" target=\"_blank\" rel=\"noopener noreferrer nofollow\">web oficial<\/a>.<\/p>\n<p>Sigue a\u00a0<a href=\"https:\/\/whatsapp.com\/channel\/0029Va89dzX9cDDVSdC3pt2Q\" target=\"_blank\" rel=\"noopener nofollow\"><strong>HELLPRESS en Whatsapp<\/strong><\/a>\u00a0para m\u00e1s noticias.<\/p>\n<p><script async src=\"\/\/www.instagram.com\/embed.js\"><\/script><\/p>\n","protected":false},"excerpt":{"rendered":"El guitarrista desvel\u00f3 en 2018 que padec\u00eda la enfermedad Con motivo del D\u00eda Mundial del P\u00e1rkinson, que se&hellip;\n","protected":false},"author":2,"featured_media":343057,"comment_status":"","ping_status":"","sticky":false,"template":"","format":"standard","meta":{"footnotes":""},"categories":[170],"tags":[146,147,25,24,99657,188,478,184,185,43200,23],"class_list":["post-494036","post","type-post","status-publish","format-standard","has-post-thumbnail","category-musica","tag-entertainment","tag-entretenimiento","tag-es","tag-espana","tag-glenn-tipton","tag-heavy-metal","tag-judas-priest","tag-music","tag-musica","tag-rob-halford","tag-spain"],"share_on_mastodon":{"url":"https:\/\/pubeurope.com\/@es\/116388428864788678","error":""},"_links":{"self":[{"href":"https:\/\/www.europesays.com\/es\/wp-json\/wp\/v2\/posts\/494036","targetHints":{"allow":["GET"]}}],"collection":[{"href":"https:\/\/www.europesays.com\/es\/wp-json\/wp\/v2\/posts"}],"about":[{"href":"https:\/\/www.europesays.com\/es\/wp-json\/wp\/v2\/types\/post"}],"author":[{"embeddable":true,"href":"https:\/\/www.europesays.com\/es\/wp-json\/wp\/v2\/users\/2"}],"replies":[{"embeddable":true,"href":"https:\/\/www.europesays.com\/es\/wp-json\/wp\/v2\/comments?post=494036"}],"version-history":[{"count":0,"href":"https:\/\/www.europesays.com\/es\/wp-json\/wp\/v2\/posts\/494036\/revisions"}],"wp:featuredmedia":[{"embeddable":true,"href":"https:\/\/www.europesays.com\/es\/wp-json\/wp\/v2\/media\/343057"}],"wp:attachment":[{"href":"https:\/\/www.europesays.com\/es\/wp-json\/wp\/v2\/media?parent=494036"}],"wp:term":[{"taxonomy":"category","embeddable":true,"href":"https:\/\/www.europesays.com\/es\/wp-json\/wp\/v2\/categories?post=494036"},{"taxonomy":"post_tag","embeddable":true,"href":"https:\/\/www.europesays.com\/es\/wp-json\/wp\/v2\/tags?post=494036"}],"curies":[{"name":"wp","href":"https:\/\/api.w.org\/{rel}","templated":true}]}}