{"id":494122,"date":"2026-04-11T23:34:27","date_gmt":"2026-04-11T23:34:27","guid":{"rendered":"https:\/\/www.europesays.com\/es\/494122\/"},"modified":"2026-04-11T23:34:27","modified_gmt":"2026-04-11T23:34:27","slug":"un-amerizaje-perfecto-el-artemis-ii-vuelve-a-la-tierra-con-exito-y-kim-kardashian-se-pierde-el-momento","status":"publish","type":"post","link":"https:\/\/www.europesays.com\/es\/494122\/","title":{"rendered":"\u201cUn amerizaje perfecto\u201d: el Artemis II vuelve a la Tierra con \u00e9xito (y Kim Kardashian se pierde el momento)"},"content":{"rendered":"<p>Ya est\u00e1n en casa. Los cuatro tripulantes de la misi\u00f3n <a href=\"https:\/\/www.revistavanityfair.es\/articulos\/los-astronautas-del-artemis-2-bautizan-un-crater-lunar-en-honor-a-la-esposa-fallecida\" target=\"_blank\" rel=\"nofollow noopener\"><strong>Artemis II<\/strong><\/a> han regresado sanos y salvos tras completar <strong>el primer vuelo tripulado alrededor de la Luna en m\u00e1s de medio siglo<\/strong>. La nave <strong>Orion<\/strong>, de la NASA, <strong>ha amerizado con \u00e9xito<\/strong> en el oc\u00e9ano Pac\u00edfico, cerca de la costa de San Diego, en torno a las 2:07 de la madrugada (hora peninsular espa\u00f1ola), tras atravesar la atm\u00f3sfera a unos 40.000 kil\u00f3metros por hora y desplegar tres paraca\u00eddas para amortiguar su ca\u00edda. Final feliz a una misi\u00f3n hist\u00f3rica que ha llevado al espacio a la primera mujer en este tipo de viaje, <strong>Christina Koch<\/strong>, al primer astronauta afroamericano en una misi\u00f3n lunar, <strong>Victor Glover<\/strong>, y al primer representante internacional en una misi\u00f3n de este perfil, el canadiense <strong>Jeremy Hansen<\/strong>, junto al comandante <strong>Reid Wiseman<\/strong>. Este \u00e9pico momento ha cerrado una de las misiones m\u00e1s simb\u00f3licas del nuevo programa de exploraci\u00f3n de la NASA, pero tambi\u00e9n una de las <strong>teor\u00edas conspirativas<\/strong> m\u00e1s persistentes de los siglos XX y XXI: el bulo de que la llegada a la Luna en 1969 fue falsa.<\/p>\n<p>El nombre m\u00e1s repetido en la cultura de la conspiraci\u00f3n es el del cineasta <strong>Stanley Kubrick<\/strong>, quien nunca habl\u00f3 p\u00fablicamente del tema, pero cuya figura es central en la construcci\u00f3n cultural de la duda. La idea de que habr\u00eda \u201cdirigido el rodaje\u201d de la llegada a la Luna se convirti\u00f3 en un mito pop desde los 80. Tambi\u00e9n se suele atribuir a <strong>John Lennon<\/strong> cierta desconfianza, cuando en realidad solamente expres\u00f3 su escepticismo hacia narrativas oficiales del poder estadounidense en algunas entrevistas de los a\u00f1os 70. De hecho, y hasta hace solo unos meses, la duda no hab\u00eda campado en el star system, sino en sus m\u00e1rgenes, a trav\u00e9s de figuras perif\u00e9ricas cuya influencia creci\u00f3 con el tiempo m\u00e1s en internet que en su propio momento hist\u00f3rico. Eso era as\u00ed hasta hace muy poco.<\/p>\n<p>Esto nos lleva al 30 octubre de 2025, el d\u00eda en que <strong>Khlo\u00e9 Kardashian<\/strong> convenci\u00f3 a su hermana <strong>Kim<\/strong> de que el aterrizaje en la Luna era falso y dio un altavoz de oro a una de las teor\u00edas de la conspiraci\u00f3n m\u00e1s persistentes de la cultura pop. Era la sexta temporada de The Kardashians y Kim Kardashian comentaba con la actriz <strong>Sarah Paulson<\/strong> el alunizaje de 1969: \u201cI think it was fake\u201d (\u201cCreo que fue falso\u201d), lleg\u00f3 a decir. El comentario, emitido en un formato de gran audiencia global, reactiv\u00f3 uno de los bulos m\u00e1s insistentes del siglo XX. El episodio creci\u00f3 a\u00fan m\u00e1s cuando Khlo\u00e9 <a data-offer-url=\"https:\/\/people.com\/khloe-kardashian-hasnt-slept-with-the-lights-off-in-years-because-of-this-ghost-encounter-11861226\" class=\"external-link\" data-event-click=\"{&quot;element&quot;:&quot;ExternalLink&quot;,&quot;outgoingURL&quot;:&quot;https:\/\/people.com\/khloe-kardashian-hasnt-slept-with-the-lights-off-in-years-because-of-this-ghost-encounter-11861226&quot;}\" href=\"https:\/\/people.com\/khloe-kardashian-hasnt-slept-with-the-lights-off-in-years-because-of-this-ghost-encounter-11861226\" rel=\"nofollow noopener\" target=\"_blank\">coment\u00f3 despu\u00e9s<\/a> que en casa se hab\u00edan escuchado este tipo de teor\u00edas y que, de alguna manera, ella misma hab\u00eda insuflado esas dudas a su hermana.<\/p>\n<p>La respuesta institucional no tard\u00f3 en llegar. Lo hizo a trav\u00e9s de las redes sociales y sorprendi\u00f3 por su tono y su visibilidad. <strong>La NASA no solo corrigi\u00f3 la afirmaci\u00f3n<\/strong> recordando que el programa Apolo llev\u00f3 a cabo seis alunizajes tripulados entre 1969 y 1972, sino que adem\u00e1s decidi\u00f3 intervenir en el terreno simb\u00f3lico: el entonces administrador en funciones, <strong>Sean Duffy<\/strong>, invit\u00f3 p\u00fablicamente a Kardashian a asistir a un lanzamiento del programa Artemis en el Kennedy Space Center. Un gesto que no se ha llegado a materializar, ya que no hay evidencia de que Kardashian haya asistido al lanzamiento del Artemis II.<\/p>\n","protected":false},"excerpt":{"rendered":"Ya est\u00e1n en casa. Los cuatro tripulantes de la misi\u00f3n Artemis II han regresado sanos y salvos tras&hellip;\n","protected":false},"author":2,"featured_media":494123,"comment_status":"","ping_status":"","sticky":false,"template":"","format":"standard","meta":{"footnotes":""},"categories":[171],"tags":[146,147,25,24,492,23,8373,214,8374],"class_list":["post-494122","post","type-post","status-publish","format-standard","has-post-thumbnail","category-tv","tag-entertainment","tag-entretenimiento","tag-es","tag-espana","tag-sociedad","tag-spain","tag-textaboveleftsmall","tag-tv","tag-web"],"share_on_mastodon":{"url":"https:\/\/pubeurope.com\/@es\/116388696299283314","error":""},"_links":{"self":[{"href":"https:\/\/www.europesays.com\/es\/wp-json\/wp\/v2\/posts\/494122","targetHints":{"allow":["GET"]}}],"collection":[{"href":"https:\/\/www.europesays.com\/es\/wp-json\/wp\/v2\/posts"}],"about":[{"href":"https:\/\/www.europesays.com\/es\/wp-json\/wp\/v2\/types\/post"}],"author":[{"embeddable":true,"href":"https:\/\/www.europesays.com\/es\/wp-json\/wp\/v2\/users\/2"}],"replies":[{"embeddable":true,"href":"https:\/\/www.europesays.com\/es\/wp-json\/wp\/v2\/comments?post=494122"}],"version-history":[{"count":0,"href":"https:\/\/www.europesays.com\/es\/wp-json\/wp\/v2\/posts\/494122\/revisions"}],"wp:featuredmedia":[{"embeddable":true,"href":"https:\/\/www.europesays.com\/es\/wp-json\/wp\/v2\/media\/494123"}],"wp:attachment":[{"href":"https:\/\/www.europesays.com\/es\/wp-json\/wp\/v2\/media?parent=494122"}],"wp:term":[{"taxonomy":"category","embeddable":true,"href":"https:\/\/www.europesays.com\/es\/wp-json\/wp\/v2\/categories?post=494122"},{"taxonomy":"post_tag","embeddable":true,"href":"https:\/\/www.europesays.com\/es\/wp-json\/wp\/v2\/tags?post=494122"}],"curies":[{"name":"wp","href":"https:\/\/api.w.org\/{rel}","templated":true}]}}