{"id":49421,"date":"2025-08-15T15:25:09","date_gmt":"2025-08-15T15:25:09","guid":{"rendered":"https:\/\/www.europesays.com\/es\/49421\/"},"modified":"2025-08-15T15:25:09","modified_gmt":"2025-08-15T15:25:09","slug":"la-laguna-tenerife-un-competidor-incansable-se-retira","status":"publish","type":"post","link":"https:\/\/www.europesays.com\/es\/49421\/","title":{"rendered":"LA LAGUNA TENERIFE | Un competidor incansable se retira"},"content":{"rendered":"<p class=\"ft-text\">Se retira \u00c1lex L\u00f3pez. Tras algunos rumores sobre su posible continuidad en la LEB Oro, el exbase aurinegro ha decidido poner punto y final a una trayectoria profesional de 16 temporadas en la c\u00faspide del baloncesto espa\u00f1ol. El exterior lagunero, que en su \u00faltima campa\u00f1a milit\u00f3 en la Fundaci\u00f3n Lucentum \u2013entidad cuyo primer equipo compite en la segunda divisi\u00f3n nacional\u2013, <strong>cierra el cap\u00edtulo m\u00e1s largo de su vida.<\/strong><\/p>\n<p class=\"ft-text\">\u00abLlega el d\u00eda de poner punto final a una etapa de mi vida. Me retiro del baloncesto profesional, vac\u00edo de saber que le he dado todo siempre, y que he puesto el m\u00e1ximo en cada momento para poder hacer lo que me gustaba\u00bb, escribi\u00f3 L\u00f3pez en una carta en sus redes.<\/p>\n<p class=\"ft-text\">Con 34 a\u00f1os y un curr\u00edculum que aglutina 152 encuentros en Liga Endesa \u2013luciendo el escudo de entidades como Dreamland Gran Canaria, San Pablo Burgos, La Laguna Tenerife o Fuenlabrada\u2013, L\u00f3pez se despide dejando una impronta imborrable de entrega y disciplina en cada vestuario que pis\u00f3. Sum\u00f3, adem\u00e1s, ocho campa\u00f1as en la LEB Oro, escenario donde protagoniz\u00f3 <strong>episodios inolvidables como el ascenso con San Pablo Burgos en 2017.<\/strong><\/p>\n<p class=\"ft-text\">Despu\u00e9s de enfundarse la el\u00e1stica canarista en las temporadas 2019\/20 y 2020\/21, su retorno a la Isla en el verano de 2023 despertaba de ilusi\u00f3n. Volv\u00eda un director de juego en quien el Canarias depositaba su confianza por su conocimiento del engranaje de Txus Vidorreta y su valiosa condici\u00f3n de cupo en torneos europeos \u2013campe\u00f3n de la Copa Intercontinental 2020 con el cuadro lagunero\u2013. La realidad fue menos benevolente: apenas 53 minutos disputados en toda la temporada, un dato demoledor para cualquier profesional. Pese a ello, \u00c1lex sostuvo el pulso gracias a su actitud, su constancia, su predisposici\u00f3n y su aceptaci\u00f3n de un rol que no le permiti\u00f3 venirse abajo. Le toc\u00f3 salir, reinventarse y volver a alzar el vuelo en Alicante. \u00abSu actitud es positiva cada d\u00eda\u00bb, as\u00ed lo defin\u00eda Txus Vidorreta en reiteradas ocasiones.<\/p>\n<p class=\"ft-text\">En su carta de despedida, hubo espacio para todos: \u00abA mis compa\u00f1eros, que muchos han acabado siendo amigos\u2026 competir a vuestro lado, esos ratos de vestuario, rutinas, amor por el basket\u2026 es lo que m\u00e1s echar\u00e9 de menos\u00bb. Tambi\u00e9n agradeci\u00f3 el respaldo silencioso de entrenadores, preparadores f\u00edsicos, m\u00e9dicos y personal de club, \u00abque no se ven y que hacen que todo sea mucho m\u00e1s f\u00e1cil\u00bb.<\/p>\n<p class=\"ft-text\">Se inici\u00f3 en el baloncesto en el Colegio Nuryana, antes de dar el salto a las categor\u00edas de base del Unelco y, todav\u00eda en plena etapa formativa, integrarse en la cantera del Gran Canaria, con cuyo primer equipo debut\u00f3 en febrero de 2011. A partir de ah\u00ed, emprendi\u00f3 un itinerario por diversos referentes de la LEB Oro: UB La Palma, C\u00e1ceres, Breog\u00e1n y Burgos. Internacional con Espa\u00f1a en categor\u00edas inferiores, el tinerfe\u00f1o se colg\u00f3 la plata en el Eurobasket U16 de 2007, celebrado en Creta (Grecia), y tambi\u00e9n form\u00f3 parte del combinado nacional en el Eurobasket U18 de 2009, en Metz (Francia).<\/p>\n","protected":false},"excerpt":{"rendered":"Se retira \u00c1lex L\u00f3pez. Tras algunos rumores sobre su posible continuidad en la LEB Oro, el exbase aurinegro&hellip;\n","protected":false},"author":2,"featured_media":49422,"comment_status":"","ping_status":"","sticky":false,"template":"","format":"standard","meta":{"footnotes":""},"categories":[269],"tags":[21684,299,298,623,22171,168,25,24,5278,830,15896,23,167],"class_list":{"0":"post-49421","1":"post","2":"type-post","3":"status-publish","4":"format-standard","5":"has-post-thumbnail","7":"category-baloncesto","8":"tag-alex-lopez","9":"tag-baloncesto","10":"tag-basketball","11":"tag-burgos","12":"tag-competidor","13":"tag-deportes","14":"tag-es","15":"tag-espana","16":"tag-incansable","17":"tag-leb-oro","18":"tag-retira","19":"tag-spain","20":"tag-sports"},"share_on_mastodon":{"url":"","error":""},"_links":{"self":[{"href":"https:\/\/www.europesays.com\/es\/wp-json\/wp\/v2\/posts\/49421","targetHints":{"allow":["GET"]}}],"collection":[{"href":"https:\/\/www.europesays.com\/es\/wp-json\/wp\/v2\/posts"}],"about":[{"href":"https:\/\/www.europesays.com\/es\/wp-json\/wp\/v2\/types\/post"}],"author":[{"embeddable":true,"href":"https:\/\/www.europesays.com\/es\/wp-json\/wp\/v2\/users\/2"}],"replies":[{"embeddable":true,"href":"https:\/\/www.europesays.com\/es\/wp-json\/wp\/v2\/comments?post=49421"}],"version-history":[{"count":0,"href":"https:\/\/www.europesays.com\/es\/wp-json\/wp\/v2\/posts\/49421\/revisions"}],"wp:featuredmedia":[{"embeddable":true,"href":"https:\/\/www.europesays.com\/es\/wp-json\/wp\/v2\/media\/49422"}],"wp:attachment":[{"href":"https:\/\/www.europesays.com\/es\/wp-json\/wp\/v2\/media?parent=49421"}],"wp:term":[{"taxonomy":"category","embeddable":true,"href":"https:\/\/www.europesays.com\/es\/wp-json\/wp\/v2\/categories?post=49421"},{"taxonomy":"post_tag","embeddable":true,"href":"https:\/\/www.europesays.com\/es\/wp-json\/wp\/v2\/tags?post=49421"}],"curies":[{"name":"wp","href":"https:\/\/api.w.org\/{rel}","templated":true}]}}