{"id":494496,"date":"2026-04-12T06:30:10","date_gmt":"2026-04-12T06:30:10","guid":{"rendered":"https:\/\/www.europesays.com\/es\/494496\/"},"modified":"2026-04-12T06:30:10","modified_gmt":"2026-04-12T06:30:10","slug":"no-podemos-estar-mas-orgullosos","status":"publish","type":"post","link":"https:\/\/www.europesays.com\/es\/494496\/","title":{"rendered":"No podemos estar m\u00e1s orgullosos"},"content":{"rendered":"<p class=\"c-paragraph\">Yasmina Praderas cuenta que ha tenido la suerte de criarse en un pueblo. Y ese lugar fue <a href=\"https:\/\/www.heraldo.es\/tags\/lugares\/montesusin.html\" title=\"Montesus\u00edn\" rel=\"nofollow noopener\" target=\"_blank\">Montesus\u00edn<\/a>, pedan\u00eda de <a href=\"https:\/\/www.heraldo.es\/tags\/lugares\/granen.html\" title=\"Gra\u00f1\u00e9n\" rel=\"nofollow noopener\" target=\"_blank\">Gra\u00f1\u00e9n<\/a>, donde vivi\u00f3 una infancia marcada por la libertad, el tiempo en la calle y los juegos en grupo. All\u00ed, sus recientes logros como t\u00e9cnico de sonido de grandes pel\u00edculas <b>se han vivido como propios<\/b>. Para sus vecinas y vecinos, la primera aragonesa nominada a los Premios \u00d3scar es \u00abuna m\u00e1s\u00bb, se\u00f1alan. \u00abHa crecido aqu\u00ed, corriendo y jugando por estas calles; aqu\u00ed est\u00e1 su hogar\u00bb, resumen.<\/p>\n","protected":false},"excerpt":{"rendered":"Yasmina Praderas cuenta que ha tenido la suerte de criarse en un pueblo. Y ese lugar fue Montesus\u00edn,&hellip;\n","protected":false},"author":2,"featured_media":494497,"comment_status":"","ping_status":"","sticky":false,"template":"","format":"standard","meta":{"footnotes":""},"categories":[174],"tags":[19340,1346,255,146,147,25,24,256,4207,99695,13644,23],"class_list":["post-494496","post","type-post","status-publish","format-standard","has-post-thumbnail","category-famosos","tag-alfombra","tag-calles","tag-celebrities","tag-entertainment","tag-entretenimiento","tag-es","tag-espana","tag-famosos","tag-las","tag-montesusin","tag-roja","tag-spain"],"share_on_mastodon":{"url":"https:\/\/pubeurope.com\/@es\/116390332178615917","error":""},"_links":{"self":[{"href":"https:\/\/www.europesays.com\/es\/wp-json\/wp\/v2\/posts\/494496","targetHints":{"allow":["GET"]}}],"collection":[{"href":"https:\/\/www.europesays.com\/es\/wp-json\/wp\/v2\/posts"}],"about":[{"href":"https:\/\/www.europesays.com\/es\/wp-json\/wp\/v2\/types\/post"}],"author":[{"embeddable":true,"href":"https:\/\/www.europesays.com\/es\/wp-json\/wp\/v2\/users\/2"}],"replies":[{"embeddable":true,"href":"https:\/\/www.europesays.com\/es\/wp-json\/wp\/v2\/comments?post=494496"}],"version-history":[{"count":0,"href":"https:\/\/www.europesays.com\/es\/wp-json\/wp\/v2\/posts\/494496\/revisions"}],"wp:featuredmedia":[{"embeddable":true,"href":"https:\/\/www.europesays.com\/es\/wp-json\/wp\/v2\/media\/494497"}],"wp:attachment":[{"href":"https:\/\/www.europesays.com\/es\/wp-json\/wp\/v2\/media?parent=494496"}],"wp:term":[{"taxonomy":"category","embeddable":true,"href":"https:\/\/www.europesays.com\/es\/wp-json\/wp\/v2\/categories?post=494496"},{"taxonomy":"post_tag","embeddable":true,"href":"https:\/\/www.europesays.com\/es\/wp-json\/wp\/v2\/tags?post=494496"}],"curies":[{"name":"wp","href":"https:\/\/api.w.org\/{rel}","templated":true}]}}