{"id":494616,"date":"2026-04-12T08:28:10","date_gmt":"2026-04-12T08:28:10","guid":{"rendered":"https:\/\/www.europesays.com\/es\/494616\/"},"modified":"2026-04-12T08:28:10","modified_gmt":"2026-04-12T08:28:10","slug":"el-calculo-detras-de-su-diseno","status":"publish","type":"post","link":"https:\/\/www.europesays.com\/es\/494616\/","title":{"rendered":"el c\u00e1lculo detr\u00e1s de su dise\u00f1o"},"content":{"rendered":"<p class=\"c-paragraph\">La forma curva y la robustez de la <a href=\"https:\/\/www.20minutos.es\/tags\/lugares\/torre-eiffel.html\" title=\"Torre Eiffel\" rel=\"nofollow noopener\" target=\"_blank\">Torre Eiffel<\/a>\u00a0no es fruto del azar ni de una decisi\u00f3n est\u00e9tica. Su peculiaridad reside en<b> un principio fundamental\u00a0que determina c\u00f3mo se distribuyen los esfuerzos<\/b> en una estructura para evitar que se doble o vuelque. As\u00ed lo explica la arquitecta y creadora de contenido Ter, quien\u00a0detalla que la geometr\u00eda del emblem\u00e1tico monumento parisino responde a una l\u00f3gica precisa de ingenier\u00eda. \u00abLa torre es, en esencia, un diagrama\u00bb, resume..<\/p>\n<p class=\"c-paragraph\">El principal desaf\u00edo al construir una torre de gran altura no es solo soportar su propio peso, sino <b>resistir la fuerza del viento<\/b>, que tiende a empujarla lateralmente y provocar su vuelco. El comportamiento estructural es similar al de un voladizo \u2014como un balc\u00f3n\u2014, donde no todos los puntos soportan el mismo esfuerzo.<\/p>\n<p class=\"c-paragraph\">En una torre, ese esfuerzo se concentra en la base, mientras que la parte superior apenas lo sufre. Esta distribuci\u00f3n se representa mediante el llamado <b>diagrama de momento flector<\/b>, una curva que muestra c\u00f3mo aumenta la tensi\u00f3n desde la cima hasta el suelo.<\/p>\n<p class=\"c-paragraph\">La clave del dise\u00f1o de la Torre Eiffel est\u00e1 en adaptar su forma a ese diagrama:\u00a0<b><b>la base es m\u00e1s ancha\u00a0<\/b><\/b>porque es donde se concentra el mayor esfuerzo,\u00a0la parte superior es m\u00e1s estrecha al requerir menos resistencia estructural y la curvatura sigue exactamente esa l\u00f3gica de cargas.<\/p>\n<p class=\"c-paragraph\">Este planteamiento permite <b>minimizar el uso de material sin comprometer la estabilidad<\/b>, algo esencial en una estructura de m\u00e1s de 300 metros de altura y 10.100 toneladas de peso.\u00a0Aunque podr\u00edan haberse planteado alternativas. como una torre recta o con otra geometr\u00eda, estas habr\u00edan implicado un uso innecesario de material o una menor eficiencia frente al viento.<\/p>\n<p class=\"c-paragraph\">El dise\u00f1o final, impulsado por el ingeniero Gustave Eiffel y su equipo, se basa en d\u00e9cadas de experiencia en puentes met\u00e1licos, donde ya hab\u00edan trabajado con estructuras sometidas a grandes cargas. De hecho, el propio Eiffel defendi\u00f3 que <b>la prioridad del proyecto era la resistencia al viento<\/b>, y que las curvas del monumento eran el resultado directo de los c\u00e1lculos necesarios para garantizarla.<\/p>\n<p class=\"c-paragraph\">Construida para la Exposici\u00f3n Universal de Par\u00eds con motivo del centenario de la Revoluci\u00f3n Francesa,<b> la torre gener\u00f3 cr\u00edticas<\/b>, tanto por su forma como por el uso del hierro, un material que muchos consideraban poco noble frente a la piedra. Sin embargo, su \u00e9xito t\u00e9cnico y su utilidad como torre de comunicaciones evitaron su desmontaje y la consolidaron como uno de los iconos m\u00e1s reconocibles del mundo.<\/p>\n","protected":false},"excerpt":{"rendered":"La forma curva y la robustez de la Torre Eiffel\u00a0no es fruto del azar ni de una decisi\u00f3n&hellip;\n","protected":false},"author":2,"featured_media":494617,"comment_status":"","ping_status":"","sticky":false,"template":"","format":"standard","meta":{"footnotes":""},"categories":[173],"tags":[229,233,231,230,99711,232,234,60098,146,147,25,24,99712,23,5344],"class_list":["post-494616","post","type-post","status-publish","format-standard","has-post-thumbnail","category-arte-y-diseno","tag-arte","tag-arte-y-diseno","tag-arts","tag-arts-and-design","tag-calculos","tag-design","tag-diseno","tag-eiffel","tag-entertainment","tag-entretenimiento","tag-es","tag-espana","tag-indestructible","tag-spain","tag-torre"],"share_on_mastodon":{"url":"https:\/\/pubeurope.com\/@es\/116390796042411456","error":""},"_links":{"self":[{"href":"https:\/\/www.europesays.com\/es\/wp-json\/wp\/v2\/posts\/494616","targetHints":{"allow":["GET"]}}],"collection":[{"href":"https:\/\/www.europesays.com\/es\/wp-json\/wp\/v2\/posts"}],"about":[{"href":"https:\/\/www.europesays.com\/es\/wp-json\/wp\/v2\/types\/post"}],"author":[{"embeddable":true,"href":"https:\/\/www.europesays.com\/es\/wp-json\/wp\/v2\/users\/2"}],"replies":[{"embeddable":true,"href":"https:\/\/www.europesays.com\/es\/wp-json\/wp\/v2\/comments?post=494616"}],"version-history":[{"count":0,"href":"https:\/\/www.europesays.com\/es\/wp-json\/wp\/v2\/posts\/494616\/revisions"}],"wp:featuredmedia":[{"embeddable":true,"href":"https:\/\/www.europesays.com\/es\/wp-json\/wp\/v2\/media\/494617"}],"wp:attachment":[{"href":"https:\/\/www.europesays.com\/es\/wp-json\/wp\/v2\/media?parent=494616"}],"wp:term":[{"taxonomy":"category","embeddable":true,"href":"https:\/\/www.europesays.com\/es\/wp-json\/wp\/v2\/categories?post=494616"},{"taxonomy":"post_tag","embeddable":true,"href":"https:\/\/www.europesays.com\/es\/wp-json\/wp\/v2\/tags?post=494616"}],"curies":[{"name":"wp","href":"https:\/\/api.w.org\/{rel}","templated":true}]}}