{"id":494830,"date":"2026-04-12T12:19:18","date_gmt":"2026-04-12T12:19:18","guid":{"rendered":"https:\/\/www.europesays.com\/es\/494830\/"},"modified":"2026-04-12T12:19:18","modified_gmt":"2026-04-12T12:19:18","slug":"golemac-decimo-entrenador-despedido-de-la-euroliga","status":"publish","type":"post","link":"https:\/\/www.europesays.com\/es\/494830\/","title":{"rendered":"Golemac, d\u00e9cimo entrenador despedido de la Euroliga"},"content":{"rendered":"<p>\n        La Euroliga acaba de vivir la en\u00e9sima destituci\u00f3n en un banquillo <strong>cuando tan solo resta una jornada para el cierre de la fase regular. <\/strong>Horas despu\u00e9s de una dolorosa derrota ante el Efes por 69-85 que puede costarle el billete para el play-in salvo que gane al Valencia Basket y el Barcelona caiga ante el Bayern en el Palau, <a href=\"https:\/\/www.noticiasdealava.eus\/baskonia\/2026\/03\/11\/baskonia-dubai-euroliga-caboclo-10809577.html\" title=\"el Dubai Basketball\" target=\"_blank\" class=\"link copy\" rel=\"nofollow noopener\"><strong>el Dubai Basketball <\/strong><\/a><strong>ha decidido prescindir de los servicios de Jurica Golemac.<\/strong>\n<\/p>\n<p>            <a href=\"https:\/\/www.noticiasdealava.eus\/baskonia\/2026\/03\/12\/cronica-baskonia-dubai-basketball-euroliga-10814514.html\" title=\"El Baskonia comparece tarde en su visita al Dub\u00e1i\" class=\"new__media\" rel=\"nofollow noopener\" target=\"_blank\"><\/p>\n<p>                <img alt=\"El Baskonia comparece tarde en su visita al Dub\u00e1i\" data-src=\"https:\/\/www.europesays.com\/es\/wp-content\/uploads\/2026\/04\/473d5883-a7be-4346-8c61-3819f4dc8481_16-9-aspect-ratio_default_0_x971y35.jpg\" class=\"lozad\"\/><\/p>\n<p>        <\/a><\/p>\n<p>        <a href=\"https:\/\/www.noticiasdealava.eus\/baskonia\/2026\/03\/12\/cronica-baskonia-dubai-basketball-euroliga-10814514.html\" title=\"El Baskonia comparece tarde en su visita al Dub\u00e1i\" class=\"new__headline\" rel=\"nofollow noopener\" target=\"_blank\"><br \/>\n            El Baskonia comparece tarde en su visita al Dub\u00e1i<br \/>\n        <\/a><\/p>\n<p class=\"article-body__text \">\n        La marcha del t\u00e9cnico esloveno<strong> resulta m\u00e1s sorprendente si cabe teniendo en cuenta que esta misma campa\u00f1a fue renovado hasta 2028<\/strong> al frente de uno de los nuevos ricos de la Euroliga. Adem\u00e1s de tener un balance positivo en la m\u00e1xima competici\u00f3n continental (19 victorias por 18 derrotas), el conjunto \u00e1rabe es co-l\u00edder de la Liga Adri\u00e1tica junto al Partizan con tan solo una derrota en 16 jornadas.\n<\/p>\n<p class=\"article-body__text \">\n        Pese a que la trayectoria del Dubai es relativamente positiva, sus rectores han decidido prescindir de Golemac<strong> en lo que supone el d\u00e9cimo cambio de entrenador en esta edici\u00f3n continental.<\/strong> Entre decisiones fulminantes de los equipos y dimisiones, quitando a los seis primeros clasificados, la mayor\u00eda de los clubes que no figuran actualmente dentro de las posiciones de play off han cambiado de inquilino durante la campa\u00f1a.\n<\/p>\n<p>            <a href=\"https:\/\/www.noticiasdealava.eus\/baskonia\/2026\/03\/01\/viaje-baskonia-dubai-serio-peligro-euroliga-10764344.html\" title=\"El viaje del Baskonia a Dub\u00e1i, en serio peligro\" class=\"new__media\" rel=\"nofollow noopener\" target=\"_blank\"><\/p>\n<p>                <img alt=\"El viaje del Baskonia a Dub\u00e1i, en serio peligro\" data-src=\"https:\/\/www.europesays.com\/es\/wp-content\/uploads\/2026\/03\/c8cdcac9-da61-4b8e-8ee2-1122eceb9a51_16-9-aspect-ratio_default_0_x535y308.jpg\" class=\"lozad\"\/><\/p>\n<p>        <\/a><\/p>\n<p>        <a href=\"https:\/\/www.noticiasdealava.eus\/baskonia\/2026\/03\/01\/viaje-baskonia-dubai-serio-peligro-euroliga-10764344.html\" title=\"El viaje del Baskonia a Dub\u00e1i, en serio peligro\" class=\"new__headline\" rel=\"nofollow noopener\" target=\"_blank\"><br \/>\n            El viaje del Baskonia a Dub\u00e1i, en serio peligro<br \/>\n        <\/a><\/p>\n<p class=\"article-body__text \">\n        El Estrella Roja (Ioannis Sfairopoulos), el Barcelona (Joan Pe\u00f1arroya), el Armani Milan\u00a0(Ettore Messina), el Partizan (Zeljko Obradovic), el Anadolu Efes (Igor Kokoskov), el AS M\u00f3naco (Vassilis Spanoulis), el Bayern Munich (Gordon Herbert), el Par\u00eds Basketball (Francesco Tabellini) y la Virtus Bolonia (Dusko Ivanovic) <strong>han sido los conjuntos que hab\u00edan protagonizado con anterioridad un relevo t\u00e9cnico.<\/strong><\/p>\n","protected":false},"excerpt":{"rendered":"La Euroliga acaba de vivir la en\u00e9sima destituci\u00f3n en un banquillo cuando tan solo resta una jornada para&hellip;\n","protected":false},"author":2,"featured_media":494831,"comment_status":"","ping_status":"","sticky":false,"template":"","format":"standard","meta":{"footnotes":""},"categories":[269],"tags":[299,298,31010,168,11790,2226,25,24,833,99730,23,167],"class_list":["post-494830","post","type-post","status-publish","format-standard","has-post-thumbnail","category-baloncesto","tag-baloncesto","tag-basketball","tag-decimo","tag-deportes","tag-despedido","tag-entrenador","tag-es","tag-espana","tag-euroliga","tag-golemac","tag-spain","tag-sports"],"share_on_mastodon":{"url":"https:\/\/pubeurope.com\/@es\/116391704430051962","error":""},"_links":{"self":[{"href":"https:\/\/www.europesays.com\/es\/wp-json\/wp\/v2\/posts\/494830","targetHints":{"allow":["GET"]}}],"collection":[{"href":"https:\/\/www.europesays.com\/es\/wp-json\/wp\/v2\/posts"}],"about":[{"href":"https:\/\/www.europesays.com\/es\/wp-json\/wp\/v2\/types\/post"}],"author":[{"embeddable":true,"href":"https:\/\/www.europesays.com\/es\/wp-json\/wp\/v2\/users\/2"}],"replies":[{"embeddable":true,"href":"https:\/\/www.europesays.com\/es\/wp-json\/wp\/v2\/comments?post=494830"}],"version-history":[{"count":0,"href":"https:\/\/www.europesays.com\/es\/wp-json\/wp\/v2\/posts\/494830\/revisions"}],"wp:featuredmedia":[{"embeddable":true,"href":"https:\/\/www.europesays.com\/es\/wp-json\/wp\/v2\/media\/494831"}],"wp:attachment":[{"href":"https:\/\/www.europesays.com\/es\/wp-json\/wp\/v2\/media?parent=494830"}],"wp:term":[{"taxonomy":"category","embeddable":true,"href":"https:\/\/www.europesays.com\/es\/wp-json\/wp\/v2\/categories?post=494830"},{"taxonomy":"post_tag","embeddable":true,"href":"https:\/\/www.europesays.com\/es\/wp-json\/wp\/v2\/tags?post=494830"}],"curies":[{"name":"wp","href":"https:\/\/api.w.org\/{rel}","templated":true}]}}