{"id":494901,"date":"2026-04-12T13:30:12","date_gmt":"2026-04-12T13:30:12","guid":{"rendered":"https:\/\/www.europesays.com\/es\/494901\/"},"modified":"2026-04-12T13:30:12","modified_gmt":"2026-04-12T13:30:12","slug":"pedia-una-pizza-comia-y-me-volvia-a-dormir-ni-siquiera-salia-de-casa-harrison-ford-se-sincera-sobre-la-depresion-que-sufrio-cuando-era-estudiante","status":"publish","type":"post","link":"https:\/\/www.europesays.com\/es\/494901\/","title":{"rendered":"\u201cPed\u00eda una pizza, com\u00eda y me volv\u00eda a dormir. Ni siquiera sal\u00eda de casa\u201d: Harrison Ford se sincera sobre la depresi\u00f3n que sufri\u00f3 cuando era estudiante"},"content":{"rendered":"<p class=\"has-dropcap body dropcap\">Es un <strong>Harrison<\/strong> Ford \u00edntimo y reflexivo el que ha hablado con el podcast de The Hollywood Reporter, Awards Chatter. Adem\u00e1s de hablar del \u00e9xito de la serie de Apple TV** Shrinking**, recientemente <strong>confirmada para una cuarta temporada<\/strong> y en la que tambi\u00e9n act\u00faa Michael J. Fox, la estrella rememor\u00f3 su juventud y record\u00f3 cuando, <strong>siendo estudiante universitario, sufri\u00f3 problemas de salud mental<\/strong>, que super\u00f3 gracias a un curso de arte dram\u00e1tico.<\/p>\n<p><a href=\"https:\/\/www.vanityfair.it\/article\/harrison-ford-discorso-protezione-natura-animali\" target=\"_blank\" rel=\"nofollow noopener\">Harrison Ford<\/a> asisti\u00f3 al Ripon College de Wisconsin, pero a diferencia de muchos estudiantes, aquellos a\u00f1os no fueron despreocupados para \u00e9l. Ni mucho menos. \u00abMe levantaba de mi cama individual, iba al tel\u00e9fono, ped\u00eda una pizza, volv\u00eda a la cama y esperaba a que llegara. Me la com\u00eda, tiraba los envoltorios a un rinc\u00f3n y me volv\u00eda a dormir\u00bb, explica, <strong>hablando abiertamente de la depresi\u00f3n<\/strong>. \u00abTen\u00eda una habitaci\u00f3n individual y ten\u00eda que asistir a clase, pero rara vez sal\u00eda, y en las contadas ocasiones en que iba a clase, sol\u00eda tocar la puerta desde fuera del edificio, darme la vuelta y volver. Estaba m\u00e1s que deprimida. Estaba enfermo social y psicol\u00f3gicamente\u00bb.<\/p>\n<p><strong>Una condici\u00f3n que<\/strong>, al impedirle estudiar con tranquilidad, <strong>empeor\u00f3 su nota media.<\/strong> Sin embargo, esto no le hundi\u00f3 sino que, al contrario, fue la espoleta involuntaria que le llev\u00f3 a superar aquel mal momento. <strong>En un intento de mejorar su media universitaria<\/strong>, Ford se matricul\u00f3 <strong>en un curso llamado simplemente \u00abteatro\u00bb,<\/strong> del que sab\u00eda poco o nada, salvo que incluir\u00eda la lectura y el an\u00e1lisis de obras. En su apuro, no hab\u00eda le\u00eddo que los estudiantes tendr\u00edan que tomar parte activa en las obras, e incluso esto podr\u00eda decirse que fue una suerte ya que, seg\u00fan admiti\u00f3, al no haberlo hecho nunca antes, podr\u00eda no haberse lanzado.<\/p>\n<p>Afortunadamente, lo hizo y descubri\u00f3 que \u00ablos que yo consideraba simples empollones y marginados como yo eran en realidad algunas de las personas m\u00e1s interesantes que conoc\u00eda. Hac\u00edan algo que yo realmente no entend\u00eda, contaban historias sobre la vida y algunos de ellos eran excepcionales a la hora de comprender el comportamiento humano\u00bb.<\/p>\n<p><strong>Aquella experiencia fue una electrocuci\u00f3n para Ford, que le permiti\u00f3 salir de la depresi\u00f3n<\/strong> y encontrar el camino de la felicidad: \u00abSimplemente encontr\u00e9 mi lugar entre los contadores de historias y cambi\u00f3 mi mundo y mi vida\u00bb.<\/p>\n<p>Tras <strong>sus primeras audiciones, comedias, algunos encuentros fortuitos<\/strong> y una carrera estelar que le llev\u00f3 a protagonizar pel\u00edculas legendarias que han recaudado m\u00e1s de 10.000 millones de d\u00f3lares en todo el mundo. Entre ellas El fugitivo, La guerra de las galaxias, Blade Runner, <a href=\"https:\/\/www.vanityfair.it\/article\/indiana-jones-e-il-quadrante-del-destino-10-curiosita\" target=\"_blank\" rel=\"nofollow noopener\">Indiana Jones<\/a>, por citar algunas, a las que se han sumado en los \u00faltimos a\u00f1os series de televisi\u00f3n como Encogidos, que el a\u00f1o pasado, <strong>a sus 82 a\u00f1os<\/strong>, le vali\u00f3 la primera nominaci\u00f3n <strong>al Emmy<\/strong> de su carrera.<\/p>\n","protected":false},"excerpt":{"rendered":"Es un Harrison Ford \u00edntimo y reflexivo el que ha hablado con el podcast de The Hollywood Reporter,&hellip;\n","protected":false},"author":2,"featured_media":494902,"comment_status":"","ping_status":"","sticky":false,"template":"","format":"standard","meta":{"footnotes":""},"categories":[174],"tags":[255,146,147,25,24,256,3183,23],"class_list":["post-494901","post","type-post","status-publish","format-standard","has-post-thumbnail","category-famosos","tag-celebrities","tag-entertainment","tag-entretenimiento","tag-es","tag-espana","tag-famosos","tag-harrison-ford","tag-spain"],"share_on_mastodon":{"url":"https:\/\/pubeurope.com\/@es\/116391983513413085","error":""},"_links":{"self":[{"href":"https:\/\/www.europesays.com\/es\/wp-json\/wp\/v2\/posts\/494901","targetHints":{"allow":["GET"]}}],"collection":[{"href":"https:\/\/www.europesays.com\/es\/wp-json\/wp\/v2\/posts"}],"about":[{"href":"https:\/\/www.europesays.com\/es\/wp-json\/wp\/v2\/types\/post"}],"author":[{"embeddable":true,"href":"https:\/\/www.europesays.com\/es\/wp-json\/wp\/v2\/users\/2"}],"replies":[{"embeddable":true,"href":"https:\/\/www.europesays.com\/es\/wp-json\/wp\/v2\/comments?post=494901"}],"version-history":[{"count":0,"href":"https:\/\/www.europesays.com\/es\/wp-json\/wp\/v2\/posts\/494901\/revisions"}],"wp:featuredmedia":[{"embeddable":true,"href":"https:\/\/www.europesays.com\/es\/wp-json\/wp\/v2\/media\/494902"}],"wp:attachment":[{"href":"https:\/\/www.europesays.com\/es\/wp-json\/wp\/v2\/media?parent=494901"}],"wp:term":[{"taxonomy":"category","embeddable":true,"href":"https:\/\/www.europesays.com\/es\/wp-json\/wp\/v2\/categories?post=494901"},{"taxonomy":"post_tag","embeddable":true,"href":"https:\/\/www.europesays.com\/es\/wp-json\/wp\/v2\/tags?post=494901"}],"curies":[{"name":"wp","href":"https:\/\/api.w.org\/{rel}","templated":true}]}}