{"id":494984,"date":"2026-04-12T14:48:34","date_gmt":"2026-04-12T14:48:34","guid":{"rendered":"https:\/\/www.europesays.com\/es\/494984\/"},"modified":"2026-04-12T14:48:34","modified_gmt":"2026-04-12T14:48:34","slug":"muere-el-actor-john-nolan-conocido-por-su-papel-en-la-exitosa-serie-vigilados-person-of-interest","status":"publish","type":"post","link":"https:\/\/www.europesays.com\/es\/494984\/","title":{"rendered":"Muere el actor John Nolan, conocido por su papel en la exitosa serie &#8216;Vigilados: Person of interest&#8217;"},"content":{"rendered":"<p class=\"article-text\">\n        El actor brit\u00e1nico <strong>John Nolan<\/strong>, conocido a nivel mundial por sus papeles en varias pel\u00edculas y la serie <strong>Vigilados: Person of interest<\/strong>, falleci\u00f3 este s\u00e1bado 11 de abril a la edad de 87 a\u00f1os, seg\u00fan infoma el peri\u00f3dico <a href=\"https:\/\/www.stratford-herald.com\/news\/tributes-to-john-nolan-actor-director-and-a-free-spirit-9461362\/\" target=\"_blank\" data-mrf-recirculation=\"links-noticia\" class=\"link\" rel=\"nofollow noopener\">Stratford Herald<\/a>.\n    <\/p>\n<p>    <a href=\"https:\/\/www.eldiario.es\/vertele\/noticias\/raquel-bollo-apoya-kiko-rivera-enfrentamiento-colaboradores-de-viernes_1_13136818.html\" data-mrf-recirculation=\"saber-mas\" data-dl-event=\"saber-mas\" rel=\"nofollow noopener\" target=\"_blank\"><\/p>\n<p class=\"know-more__title\">Raquel Bollo apoya a Kiko Rivera en su enfrentamiento con los colaboradores de &#8216;De Viernes&#8217;: \u00abEso te saca de tus casillas\u00bb<\/p>\n<p>            <img decoding=\"async\" class=\"lazy\" loading=\"lazy\" data-src=\"https:\/\/static.eldiario.es\/clip\/2101d83e-2b31-4889-bd0e-d088129444ac_16-9-aspect-ratio_default_0.jpg\" src=\"data:image\/svg+xml,%3Csvg xmlns=\" http:=\"\" viewbox=\"0 0 880 495\" alt=\"Raquel Bollo apoya a Kiko Rivera en su enfrentamiento con los colaboradores de 'De Viernes': &quot;Eso te saca de tus casillas&quot;\"\/><\/p>\n<p>                        <\/a><\/p>\n<p class=\"article-text\">\n        Nolan estudi\u00f3 arte dram\u00e1tico y comenz\u00f3 su carrera interpretativa en el mundo del teatro. En la d\u00e9cada de 1960 hizo sus primeras apariciones en la peque\u00f1a pantalla con personajes secundarios y, a\u00f1os m\u00e1s tarde, en 1998, particip\u00f3 en la pel\u00edcula <strong>Following<\/strong>, la \u00f3pera prima de su sobrino <strong>Christopher Nolan<\/strong>. Junto a \u00e9l trabaj\u00f3 en <strong>El caballero oscuro: La leyenda renace<\/strong>, donde dio vida a Fredericks.\n    <\/p>\n<p class=\"article-text\">\n        Entre 2013 y 2016 trabaj\u00f3 en la exitosa serie de televisi\u00f3n <strong>Vigilados: Person of intereset<\/strong> con el papel de John Greer, un exagente del servicio secreto del MI6. El personaje tuvo cierta relevancia a lo largo de 28 cap\u00edtulos.\n    <\/p>\n<p>    <a href=\"https:\/\/www.eldiario.es\/vertele\/noticias\/noche-aimar-bretos-revela-privilegio-plato-nuevo-programa-lasexta_1_13136321.html\" data-mrf-recirculation=\"saber-mas-abajo\" data-dl-event=\"saber-mas-abajo\" rel=\"nofollow noopener\" target=\"_blank\"><\/p>\n<p class=\"know-more__title\">Aimar Bretos revela el &#8216;privilegio&#8217; que tendr\u00e1 el plat\u00f3 de su nuevo programa en laSexta, &#8216;La noche de Aimar&#8217;<\/p>\n<p>            <img decoding=\"async\" class=\"lazy\" loading=\"lazy\" data-src=\"https:\/\/static.eldiario.es\/clip\/98743c0f-15fb-4f3f-8fba-566bba5766fd_16-9-aspect-ratio_default_0.jpg\" src=\"data:image\/svg+xml,%3Csvg xmlns=\" http:=\"\" viewbox=\"0 0 880 495\" alt=\"Aimar Bretos revela el 'privilegio' que tendr\u00e1 el plat\u00f3 de su nuevo programa en laSexta, 'La noche de Aimar'\"\/><\/p>\n<p>                        <\/a><\/p>\n<p class=\"article-text\">\n        \u201cFue un esp\u00edritu libre que siempre supo lo que quer\u00eda y actu\u00f3 seg\u00fan sus propios t\u00e9rminos; el \u00fanico pensador verdaderamente original que creo haber conocido\u201d, ha escrito su mujer, Kim Hartman, en un mensaje de despedida. \u201cArticulado, inteligente y con un ingenio an\u00e1rquico, siempre estaba dispuesto a considerar ambos lados de una discusi\u00f3n\u201d.\n    <\/p>\n","protected":false},"excerpt":{"rendered":"El actor brit\u00e1nico John Nolan, conocido a nivel mundial por sus papeles en varias pel\u00edculas y la serie&hellip;\n","protected":false},"author":2,"featured_media":494985,"comment_status":"","ping_status":"","sticky":false,"template":"","format":"standard","meta":{"footnotes":""},"categories":[91],"tags":[1339,146,147,25,24,40029,25472,8938,14202,31998,847,3779,156,23,99744],"class_list":["post-494984","post","type-post","status-publish","format-standard","has-post-thumbnail","category-entretenimiento","tag-actor","tag-entertainment","tag-entretenimiento","tag-es","tag-espana","tag-interest","tag-john","tag-muere","tag-nolan","tag-of","tag-papel","tag-person","tag-serie","tag-spain","tag-vigilados"],"share_on_mastodon":{"url":"https:\/\/pubeurope.com\/@es\/116392293357202156","error":""},"_links":{"self":[{"href":"https:\/\/www.europesays.com\/es\/wp-json\/wp\/v2\/posts\/494984","targetHints":{"allow":["GET"]}}],"collection":[{"href":"https:\/\/www.europesays.com\/es\/wp-json\/wp\/v2\/posts"}],"about":[{"href":"https:\/\/www.europesays.com\/es\/wp-json\/wp\/v2\/types\/post"}],"author":[{"embeddable":true,"href":"https:\/\/www.europesays.com\/es\/wp-json\/wp\/v2\/users\/2"}],"replies":[{"embeddable":true,"href":"https:\/\/www.europesays.com\/es\/wp-json\/wp\/v2\/comments?post=494984"}],"version-history":[{"count":0,"href":"https:\/\/www.europesays.com\/es\/wp-json\/wp\/v2\/posts\/494984\/revisions"}],"wp:featuredmedia":[{"embeddable":true,"href":"https:\/\/www.europesays.com\/es\/wp-json\/wp\/v2\/media\/494985"}],"wp:attachment":[{"href":"https:\/\/www.europesays.com\/es\/wp-json\/wp\/v2\/media?parent=494984"}],"wp:term":[{"taxonomy":"category","embeddable":true,"href":"https:\/\/www.europesays.com\/es\/wp-json\/wp\/v2\/categories?post=494984"},{"taxonomy":"post_tag","embeddable":true,"href":"https:\/\/www.europesays.com\/es\/wp-json\/wp\/v2\/tags?post=494984"}],"curies":[{"name":"wp","href":"https:\/\/api.w.org\/{rel}","templated":true}]}}