{"id":495644,"date":"2026-04-13T02:16:13","date_gmt":"2026-04-13T02:16:13","guid":{"rendered":"https:\/\/www.europesays.com\/es\/495644\/"},"modified":"2026-04-13T02:16:13","modified_gmt":"2026-04-13T02:16:13","slug":"el-ensino-se-luce-remonta-pero-pierde-la-voz-de-galicia","status":"publish","type":"post","link":"https:\/\/www.europesays.com\/es\/495644\/","title":{"rendered":"El Ensino se luce, remonta, pero pierde &#8211; La Voz de Galicia"},"content":{"rendered":"<ol>\n<li><a href=\"https:\/\/news.google.com\/rss\/articles\/CBMiswFBVV95cUxNekVLNEZwQVJZQy1Xbnk5Tzhmdi1iY1dZWE5EUmxIWkxRSkg5ajZ3WEdxUzFHX2dZQXl1X2NKbC15bE9KT0JrQ2RaN05rNDcyTDR6X3I2ejlGWkk1cHU5ZHJRck5uSHRSRWZDekRHSlA1ZFdPRFRubGhJSEFIc1BTOEw1TXhWZGRaaXFYR3VyWW5BSHpJQXR0SkZYQUhfSUFkdDVqZ1NWc2NiWFdCLTdudTlnZ9IBzwFBVV95cUxNeFBWOGlZUk5kZTY4c01tZ1ZoMnVNaXJ2X1Y0VHI0VjYtLURDcWgtcmo5VmxPYmR3RVVDajF5eGZ3M292N1BSN2duYzJ2ZTIxQWd0SkZwb1pCcTJWWU51d2lQc21fUWMtelo0OWhtcGdRa21KM0lxTVA5MU82M2FRRFFDSDBIR3JEYlpvSzNsZGlOTjBWSU5wQlBOZHlNVEpibm0yaXdNSmpqazBVdTVsanozT1dTalNldlhobWRQY2tPZUpaR0VGY253bHcyZk0?oc=5\" target=\"_blank\" rel=\"nofollow noopener\">El Ensino se luce, remonta, pero pierde<\/a>&nbsp;&nbsp;La Voz de Galicia<\/li>\n<li><a href=\"https:\/\/news.google.com\/rss\/articles\/CBMitwFBVV95cUxPRWxRWlFtUnZUMm9heXNacEZLWkhIWV9zNHNXa3RqSGc1SjhwbFRmbzd0SHB3QjhISFJiUjdtaW9ydWEyZXA3Z1MyNFE1VzBBUEFsT3huaFhtWEMzOU04VnliZTZOZTZ6T245QVhNLVFIS1dzWXJEMzE0UDhWSjNwUUxhbEpuZWV1TEd6TFZOV3h3cDFzREF0Y0gxMTYyaHhFXzg5a0NweVNVVUpta0N5c1hjdFlQWWfSAcQBQVVfeXFMTjFjU1NMN2FTQW5iNUhxbUl3cV9lSkpqTnE3VndDQ3VjNXY4ZzdiaDJCYXNuX0NVbW80S3hYT1pGWWoyR0syNDkxS2RoM0pTbmtGLXNpQ0o2dGZtMkZhblF0UDVkQzFmZFhvNER5QUF2Y0x2dGN5bXQxU1NmVy1jOVdoNzFHeG1mOE1UUURoNFllOFN4eVE2UENQMjNZdWZHdDVVRzgxY0RQWXRIV2JTMmpYaGJpLXNJeFNpZ3NkS21rb3hvUg?oc=5\" target=\"_blank\" rel=\"nofollow noopener\">90-95: El Spar Girona se impone en Lugo tras una pr\u00f3rroga<\/a>&nbsp;&nbsp;Mundo Deportivo<\/li>\n<li><a href=\"https:\/\/news.google.com\/rss\/articles\/CBMirgFBVV95cUxPZjNhX0tuUFI4Y0FqaDl0NzFDQzJoV3NwWVRWeWNxWFNidXh3NGk5NG1HdVZBWGY5Sm5MWTNNZkd5UGVnckVWaklJWVNiTzBId1F3NTlLTlNSb3hHekFjb281RVZCeWR6b0s2QWItcXpKNFozMTNXcE1UUmwtQlF0VUJzZl9xR2ZmeGFsVVRzWTNWZk5yYWh0QVlNRXZ6ek5yVkRXRWVuTS11X1NEanc?oc=5\" target=\"_blank\" rel=\"nofollow noopener\">90-95. El Ensino m\u00e1s coral roza la haza\u00f1a en la pr\u00f3rroga ante el Spar Girona<\/a>&nbsp;&nbsp;El Progreso de Lugo<\/li>\n<li><a href=\"https:\/\/news.google.com\/rss\/articles\/CBMimAFBVV95cUxNZGNMSVJScXNQZWpIaW9haENLaEQ1SjRDQ3FDckZTYU5OQUNDNzcwU0VOaGVqdmNaOFdJUUdSN3dvQ1VSb2lQZGRWS05HVm1OMW9VRlc2ZWJSQll4OTNieUlkVFdBVUNTalh3R2pxTlgwN1lWX2lwai1naVZUZW9tb1dFQ3VLTXFCMEF0SDBBUlZnRV9zMkdaZA?oc=5\" target=\"_blank\" rel=\"nofollow noopener\">Suso Garrido pide al Ensino \u00abcompetir\u00bb este domingo ante el Girona<\/a>&nbsp;&nbsp;El Progreso de Lugo<\/li>\n<\/ol>\n","protected":false},"excerpt":{"rendered":"El Ensino se luce, remonta, pero pierde&nbsp;&nbsp;La Voz de Galicia 90-95: El Spar Girona se impone en Lugo&hellip;\n","protected":false},"author":2,"featured_media":495645,"comment_status":"","ping_status":"","sticky":false,"template":"","format":"standard","meta":{"footnotes":""},"categories":[269],"tags":[299,298,41049,168,25,24,22425,23,167],"class_list":["post-495644","post","type-post","status-publish","format-standard","has-post-thumbnail","category-baloncesto","tag-baloncesto","tag-basketball","tag-cd-ensino","tag-deportes","tag-es","tag-espana","tag-lugo-ciudad","tag-spain","tag-sports"],"share_on_mastodon":{"url":"https:\/\/pubeurope.com\/@es\/116394995650971296","error":""},"_links":{"self":[{"href":"https:\/\/www.europesays.com\/es\/wp-json\/wp\/v2\/posts\/495644","targetHints":{"allow":["GET"]}}],"collection":[{"href":"https:\/\/www.europesays.com\/es\/wp-json\/wp\/v2\/posts"}],"about":[{"href":"https:\/\/www.europesays.com\/es\/wp-json\/wp\/v2\/types\/post"}],"author":[{"embeddable":true,"href":"https:\/\/www.europesays.com\/es\/wp-json\/wp\/v2\/users\/2"}],"replies":[{"embeddable":true,"href":"https:\/\/www.europesays.com\/es\/wp-json\/wp\/v2\/comments?post=495644"}],"version-history":[{"count":0,"href":"https:\/\/www.europesays.com\/es\/wp-json\/wp\/v2\/posts\/495644\/revisions"}],"wp:featuredmedia":[{"embeddable":true,"href":"https:\/\/www.europesays.com\/es\/wp-json\/wp\/v2\/media\/495645"}],"wp:attachment":[{"href":"https:\/\/www.europesays.com\/es\/wp-json\/wp\/v2\/media?parent=495644"}],"wp:term":[{"taxonomy":"category","embeddable":true,"href":"https:\/\/www.europesays.com\/es\/wp-json\/wp\/v2\/categories?post=495644"},{"taxonomy":"post_tag","embeddable":true,"href":"https:\/\/www.europesays.com\/es\/wp-json\/wp\/v2\/tags?post=495644"}],"curies":[{"name":"wp","href":"https:\/\/api.w.org\/{rel}","templated":true}]}}