{"id":496284,"date":"2026-04-13T13:11:11","date_gmt":"2026-04-13T13:11:11","guid":{"rendered":"https:\/\/www.europesays.com\/es\/496284\/"},"modified":"2026-04-13T13:11:11","modified_gmt":"2026-04-13T13:11:11","slug":"fin-al-pitorreo-catalan-con-las-pinturas-de-sijena-libertad-digital","status":"publish","type":"post","link":"https:\/\/www.europesays.com\/es\/496284\/","title":{"rendered":"\u00bfFin al pitorreo catal\u00e1n con las pinturas de Sijena? &#8211; Libertad Digital"},"content":{"rendered":"<p>El Museu Nacional d&#8217;Art de Catalunya (MNAC) <a href=\"https:\/\/www.libertaddigital.com\/cultura\/arte\/2026-04-13\/la-justicia-da-al-museo-de-arte-de-cataluna-56-semanas-para-devolver-los-murales-de-sijena-7387399\/\" rel=\"nofollow noopener\" target=\"_blank\">tiene un plazo de 56 semanas<\/a> para devolver las <a href=\"https:\/\/www.libertaddigital.com\/temas\/el-expolio-de-sijena\/\" rel=\"nofollow noopener\" target=\"_blank\">pinturas robadas por la Generalidad republicana en el Real Monasterio de Santa Mar\u00eda de Sijena<\/a>, en los Monegros oscenses. La juez del juzgado de Primera Instancia e Instrucci\u00f3n n\u00famero 2 de Huesca ha emitido un requerimiento al museo, cuya titularidad comparten el Ministerio de Cultura, la Generalidad y el Ayuntamiento de Barcelona, para que proceda a la <strong>devoluci\u00f3n de las pinturas \u00abcon la m\u00e1xima prudencia, cautela y diligencia<\/strong> y con estricto sometimiento a las exigencias t\u00e9cnicas que impone la singular naturaleza de los bienes objeto de restituci\u00f3n\u00bb.<\/p>\n<p>Para ello la juez establece un plazo de 56 semanas, algo menos del tiempo calculado por el MNAC para llevar a cabo los trabajos de desmontaje de las obras y devolverlas al Gobierno de Arag\u00f3n y al Ayuntamiento de Villanueva de Sijena para su restituci\u00f3n en la sala capitular del monasterio, de donde fueron arrancadas al comienzo de la Guerra Civil. <strong>Los responsables del museo hab\u00edan hablado de 64 semanas<\/strong>, pero siempre dando a entender por activa y por pasiva que la operaci\u00f3n implica un riesgo absoluto de destrucci\u00f3n total de las pinturas.<\/p>\n<p>En el requerimiento la juez advierte al MNAC de que \u00abel incumplimiento del calendario fijado, aun parcial y referido a cualquiera de sus fases, habilitar\u00e1 a la parte ejecutante para instar y llevar a cabo la ejecuci\u00f3n, bajo su responsabilidad, si bien a costa de la ejecutada, con reclamaci\u00f3n, en su caso, de cuantos gastos se deriven para ello\u00bb.<\/p>\n<p><strong>Un sobrino de Narc\u00eds Serra<\/strong><\/p>\n<p>Los t\u00e9rminos de la juez<strong> responden a la estrategia dilatoria del museo<\/strong>, que dirige Pepe Serra, sobrino de Narc\u00eds Serra, desde 2012, y a la campa\u00f1a propagand\u00edstica sobre la supuesta destrucci\u00f3n de las obras que implica el desmontaje y traslado. Las instituciones que forman parte del patronato del museo, todas en manos socialistas, no se oponen al traslado y en teor\u00eda aceptan la sentencia de la juez del caso, ratificada por el Tribunal Supremo el a\u00f1o pasado, y el \u00faltimo requerimiento marcando un plazo para su ejecuci\u00f3n.<\/p>\n<p>La resoluci\u00f3n judicial ha sido comunicada a las partes este lunes, d\u00eda en el que arranca la cuenta atr\u00e1s para la devoluci\u00f3n de las pinturas de Sijena, una serie de valiosos frescos rom\u00e1nicos expuestos en el MNAC en p\u00e9simas condiciones a pesar de lo que dicen Pepe Serra, sus subordinados y los medios catalanes. <a href=\"https:\/\/www.libertaddigital.com\/cultura\/arte\/2025-07-29\/aragon-denuncia-que-el-mnac-pone-trabas-a-los-tecnicos-que-estudian-el-traslado-de-las-pinturas-de-sijena-7281333\/\" rel=\"noopener noreferrer nofollow\" target=\"_blank\" title=\"https:\/\/www.libertaddigital.com\/cultura\/arte\/2025-07-29\/aragon-denuncia-que-el-mnac-pone-trabas-a-los-tecnicos-que-estudian-el-traslado-de-las-pinturas-de-sijena-7281333\/\">El pasado verano un equipo t\u00e9cnico del Gobierno de Arag\u00f3n evalu\u00f3 el estado de conservaci\u00f3n de las pinturas y realiz\u00f3 un solvente dictamen sobre el traslado a pesar de que fue objeto de boicot en el MNAC<\/a>, que no les dio acceso a todo el material que debe ser devuelto.<\/p>\n<p><strong>Un pr\u00f3fugo y una condenada<\/strong><\/p>\n<p>En paralelo, un grupo de exconsejeros de Cultura de la Generalidad entre los que se cuentan el pr\u00f3fugo Llu\u00eds Puig y la condenada por corrupci\u00f3n Laura Borr\u00e0s (que deber\u00eda ingresar en prisi\u00f3n si el Gobierno de S\u00e1nchez no la indulta) present\u00f3 en el Tribunal Superior de Justicia de Arag\u00f3n una denuncia contra la juez de Huesca y las autoridades auton\u00f3micas aragonesas con el argumento de que el cumplimiento del fallo, el traslado de las obras, pone en riesgo su conservaci\u00f3n.<\/p>\n<p><strong>Conservaci\u00f3n penosa<\/strong><\/p>\n<p>La tesis m\u00e1s extendida en Catalu\u00f1a es que las pinturas murales de Sijena se conservan gracias a los cuidados prodigados por el MNAC y que si salen del museo se volatizar\u00e1n al contacto con el aire.<\/p>\n<p>    Relacionado<\/p>\n<p><a href=\"https:\/\/www.libertaddigital.com\/cultura\/arte\/2025-10-28\/colillas-y-humedades-aragon-denuncia-la-desastrosa-conservacion-de-las-pinturas-de-sijena-en-cataluna-7313491\/\" rel=\"noopener noreferrer nofollow\" target=\"_blank\" title=\"https:\/\/www.libertaddigital.com\/cultura\/arte\/2025-10-28\/colillas-y-humedades-aragon-denuncia-la-desastrosa-conservacion-de-las-pinturas-de-sijena-en-cataluna-7313491\/\">Sin embargo, los t\u00e9cnicos enviados por el Gobierno de Arag\u00f3n detectaron colillas y tornillos detr\u00e1s de las pinturas y zonas muy afectadas por humedade<\/a><a href=\"https:\/\/www.blogger.com\/blog\/post\/edit\/797548960566640786\/6553294124047765936#\" rel=\"nofollow noreferrer noopener\" target=\"_blank\">s<\/a>. El abogado del Ayuntamiento de Villanueva de Sijena, Jorge Espa\u00f1ol, mostr\u00f3 durante el juicio un <a href=\"https:\/\/www.libertaddigital.com\/cultura\/arte\/2025-06-09\/cagadas-de-palomas-y-mentiras-el-abogado-de-sijena-desmonta-las-excusas-catalanas-para-no-devolver-los-murales-7263780\/\" rel=\"noopener noreferrer nofollow\" target=\"_blank\" title=\"https:\/\/www.libertaddigital.com\/cultura\/arte\/2025-06-09\/cagadas-de-palomas-y-mentiras-el-abogado-de-sijena-desmonta-las-excusas-catalanas-para-no-devolver-los-murales-7263780\/\">documento del MNAC de 1994 con la denuncia de una conservadora que hab\u00eda hallado excrementos de paloma sobre una de las pinturas<\/a>.<\/p>\n<p>La resoluci\u00f3n de la juez de Huesca <strong>deber\u00eda zanjar definitivamente el pleito <\/strong>sobre la devoluci\u00f3n del patrimonio aragon\u00e9s retenido en Catalu\u00f1a. El independentismo ha tratado de hacer del caso una afrenta a los catalanes, pero las manifestaciones convocadas por la Assemblea Nacional Catalana (ANC) y \u00d2mnium no tuvieron ning\u00fan seguimiento.<\/p>\n<p><strong>Reacci\u00f3n aragonesa<\/strong><\/p>\n<p>El director general de Cultura del Gobierno de Arag\u00f3n, Pedro Olloqui, ha calificado la resoluci\u00f3n judicial de \u00abexcelente noticia para todos los aragoneses\u00bb y ha puesto en valor el trabajo realizado por el equipo t\u00e9cnico enviado al MNAC el pasado verano para evaluar el traslado, definir los trabajos y un cronograma para hacer posible el cumplimiento de la sentencia, un hecho no precisamente f\u00e1cil en Catalu\u00f1a cuando el fallo es contra la Generalidad o el Parlament.<\/p>\n<p>Olloqui ha se\u00f1alado adem\u00e1s que en el requerimiento judicial \u00ab<strong>hay una voluntad de evitar el filibusterismo procesal<\/strong>, la juez deja claro que ya no es momento de m\u00e1s enredos\u00bb. <\/p>\n<p>En el MNAC dicen que est\u00e1n estudiando el requerimiento mientras que la consejer\u00eda de Cultura de Catalu\u00f1a a\u00fan no se ha pronunciado. <\/p>\n","protected":false},"excerpt":{"rendered":"El Museu Nacional d&#8217;Art de Catalunya (MNAC) tiene un plazo de 56 semanas para devolver las pinturas robadas&hellip;\n","protected":false},"author":2,"featured_media":496285,"comment_status":"","ping_status":"","sticky":false,"template":"","format":"standard","meta":{"footnotes":""},"categories":[173],"tags":[229,233,231,230,232,234,146,147,25,24,56505,3453,23],"class_list":["post-496284","post","type-post","status-publish","format-standard","has-post-thumbnail","category-arte-y-diseno","tag-arte","tag-arte-y-diseno","tag-arts","tag-arts-and-design","tag-design","tag-diseno","tag-entertainment","tag-entretenimiento","tag-es","tag-espana","tag-expolio-de-sigena","tag-mnac","tag-spain"],"share_on_mastodon":{"url":"https:\/\/pubeurope.com\/@es\/116397571203832537","error":""},"_links":{"self":[{"href":"https:\/\/www.europesays.com\/es\/wp-json\/wp\/v2\/posts\/496284","targetHints":{"allow":["GET"]}}],"collection":[{"href":"https:\/\/www.europesays.com\/es\/wp-json\/wp\/v2\/posts"}],"about":[{"href":"https:\/\/www.europesays.com\/es\/wp-json\/wp\/v2\/types\/post"}],"author":[{"embeddable":true,"href":"https:\/\/www.europesays.com\/es\/wp-json\/wp\/v2\/users\/2"}],"replies":[{"embeddable":true,"href":"https:\/\/www.europesays.com\/es\/wp-json\/wp\/v2\/comments?post=496284"}],"version-history":[{"count":0,"href":"https:\/\/www.europesays.com\/es\/wp-json\/wp\/v2\/posts\/496284\/revisions"}],"wp:featuredmedia":[{"embeddable":true,"href":"https:\/\/www.europesays.com\/es\/wp-json\/wp\/v2\/media\/496285"}],"wp:attachment":[{"href":"https:\/\/www.europesays.com\/es\/wp-json\/wp\/v2\/media?parent=496284"}],"wp:term":[{"taxonomy":"category","embeddable":true,"href":"https:\/\/www.europesays.com\/es\/wp-json\/wp\/v2\/categories?post=496284"},{"taxonomy":"post_tag","embeddable":true,"href":"https:\/\/www.europesays.com\/es\/wp-json\/wp\/v2\/tags?post=496284"}],"curies":[{"name":"wp","href":"https:\/\/api.w.org\/{rel}","templated":true}]}}