{"id":496319,"date":"2026-04-13T13:46:11","date_gmt":"2026-04-13T13:46:11","guid":{"rendered":"https:\/\/www.europesays.com\/es\/496319\/"},"modified":"2026-04-13T13:46:11","modified_gmt":"2026-04-13T13:46:11","slug":"pp-y-vox-llegan-a-un-acuerdo-y-los-populares-presidiran-las-cortes-de-castilla-y-leon","status":"publish","type":"post","link":"https:\/\/www.europesays.com\/es\/496319\/","title":{"rendered":"PP y Vox llegan a un acuerdo y los populares presidir\u00e1n las Cortes de Castilla y Le\u00f3n"},"content":{"rendered":"<p style=\"\">El Partido Popular y Vox han cerrado un acuerdo para la constituci\u00f3n de la nueva Mesa de las Cortes de Castilla y Le\u00f3n con el objetivo de \u00abdotar de estabilidad a la nueva legislatura\u00bb. El acuerdo  contempla el <strong>apoyo a un procurador del PP <\/strong><strong>como <\/strong> &#8230; <strong>presidente del Parlamento de la Comunidad<\/strong>, mientras que la <strong>vicepresidencia primera ser\u00e1 asumida por un representante de Vox<\/strong>. Igualmente, PP y Vox se responsabilizar\u00e1n de una secretar\u00eda cada uno del \u00f3rgano rector de la C\u00e1mara.<\/p>\n<p class=\"v-d-p\" style=\"\">Este pacto demuestra \u00abla voluntad de entendimiento\u00bb de los dos partidos pol\u00edticos, que han referido en un comunicado que \u00abcoinciden en la necesidad de que la Comunidad tenga un Gobierno auton\u00f3mico que siga funcionando, prestando servicios p\u00fablicos de calidad y ofreciendo oportunidades a los castellanos y leoneses; y un Parlamento auton\u00f3mico que recoge as\u00ed el mandato otorgado por los ciudadanos de Castilla y Le\u00f3n el pasado 15 de marzo\u00bb, seg\u00fan han se\u00f1alado las dos formaciones por medio de un comunicado conjunto.<\/p>\n<p class=\"v-d-p\" style=\"\">En el documento difundido este lunes, han indicado que se trata de un <strong>\u00abacuerdo firme y duradero\u00bb<\/strong> en las Cortes como \u00abpaso previo a la formaci\u00f3n de un Ejecutivo auton\u00f3mico \u00fatil y eficaz para todos\u00bb, y que el pacto tiene \u00abcar\u00e1cter definitivo\u00bb.<\/p>\n<p class=\"v-d-p\" style=\"\">PP y Vox enmarcan este entendimiento en el mandato expresado por los ciudadanos en las \u00faltimas elecciones, interpretando los resultados como \u00abuna<strong> llamada a facilitar la gobernabilidad<\/strong>\u00bb. En este sentido, consideran que la configuraci\u00f3n de la Mesa permitir\u00e1 garantizar la estabilidad legislativa durante los pr\u00f3ximos cuatro a\u00f1os.<\/p>\n<p class=\"v-d-p\" style=\"\">De esta forma, presidir\u00e1 las Cortes de Castilla y Le\u00f3n el popular Francisco V\u00e1zquez, secretario auton\u00f3mico del PP y durante las \u00faltimas legislaturas vicepresidente primero de la C\u00e1mara. Como secretaria primera ocupar\u00e1 el cargo <strong>Roc\u00edo Lucas<\/strong>, actualmente consejera en funciones de Educaci\u00f3n, que, de esta forma, se ver\u00e1 obligada a dejar de forma inmediata este departamento. Tambi\u00e9n lo tendr\u00e1 que hacer otra consejera, <strong>Leticia Garc\u00eda<\/strong>, hasta ahora consejera de Industria, Comercio y Empleo,  a la que el PP ha decidido encomendar las funciones de portavoz del Grupo Parlamentario. Adem\u00e1s, en la direcci\u00f3n del grupo continuar\u00e1 la palentina Mercedes C\u00f3freces y se incorporar\u00e1 la procuradora por Salamanca Rosa Esteban, que la legislatura pasada fue secretaria.<\/p>\n<p class=\"v-d-p\" style=\"\">En Vox a\u00fan no han dado a conocer qui\u00e9nes ser\u00e1n los elegidos para la Mesa de las Cortes entre los que no estar\u00e1 Carlos Poll\u00e1n, hasta ahora presidente del Parlamento, pero que est\u00e1 llamado a otras responsabilidades en el Ejecutivo, como candidato que fue, cuando se cierre el acuerdo entre las dos formaciones.<\/p>\n<p class=\"v-d-p\" style=\"\">La composici\u00f3n de la Mesa de las Cortes de Castilla y Le\u00f3n, que se aprobar\u00e1 este martes en el pleno constitutivo del Parlamento tras las elecciones del 15 de marzo, implica que PP y Vox se hacen con el control de este \u00f3rgano  gestor, que deja dos puestos al PSOE: la vicepresidencia segunda y la secretar\u00eda tercera.<\/p>\n<p>\nReacci\u00f3n del PSOE\n<\/p>\n<p class=\"v-d-p\" style=\"\">El secretario auton\u00f3mico del PSOE en Castilla y Le\u00f3n, Carlos Mart\u00ednez, ha tildado de \u00absainete\u00bb el pacto, al tiempo que ha considerado que el proceso es una \u00abescenificaci\u00f3n\u00bb para justificar un resultado final que, a su juicio, ya estaba decidido.<\/p>\n<p class=\"v-d-p\" style=\"\">Mart\u00ednez ha recordado que ya en la noche electoral advirti\u00f3 de que los carteles de \u00abesa derecha valiente\u00bb, en referencia a Vox, hab\u00edan \u00abenvejecido r\u00e1pido\u00bb. En este sentido, ha criticado a la \u00abextrema derecha\u00bb a quienes ha acusado de ser \u00abmuy fuerte con los d\u00e9biles, pero muy d\u00e9bil con los fuertes\u00bb y ha lamentado que se entreguen \u00abpor fasc\u00edculos\u00bb, recoge Ep. Para el l\u00edder auton\u00f3mico del PSOE, Castilla y Le\u00f3n vive una situaci\u00f3n de \u00abgatopardo\u00bb donde \u00abparece que todo cambia para luego no cambiar absolutamente nada\u00bb y ha calificado la situaci\u00f3n como una \u00abmuerte anunciada\u00bb. Ha reprochado as\u00ed que en estas negociaciones \u00abno est\u00e1 habl\u00e1ndose para nada de los intereses de esta Comunidad\u00bb y se centran exclusivamente, seg\u00fan sus palabras, en el reparto de cargos institucionales<\/p>\n","protected":false},"excerpt":{"rendered":"El Partido Popular y Vox han cerrado un acuerdo para la constituci\u00f3n de la nueva Mesa de las&hellip;\n","protected":false},"author":2,"featured_media":496320,"comment_status":"","ping_status":"","sticky":false,"template":"","format":"standard","meta":{"footnotes":""},"categories":[8],"tags":[945,17,18,4107,12706,25,24,13,14,11,19,20,4108,6752,9,10,15,16,13541,956,24747,23,12,21,22,624],"class_list":["post-496319","post","type-post","status-publish","format-standard","has-post-thumbnail","category-espana","tag-acuerdo","tag-breaking-news","tag-breakingnews","tag-castilla","tag-cortes","tag-es","tag-espana","tag-featured-news","tag-featurednews","tag-headlines","tag-latest-news","tag-latestnews","tag-leon","tag-llegan","tag-news","tag-noticias","tag-noticias-destacadas","tag-noticiasdestacadas","tag-populares","tag-pp","tag-presidiran","tag-spain","tag-titulares","tag-ultimas-noticias","tag-ultimasnoticias","tag-vox"],"share_on_mastodon":{"url":"https:\/\/pubeurope.com\/@es\/116397708945411293","error":""},"_links":{"self":[{"href":"https:\/\/www.europesays.com\/es\/wp-json\/wp\/v2\/posts\/496319","targetHints":{"allow":["GET"]}}],"collection":[{"href":"https:\/\/www.europesays.com\/es\/wp-json\/wp\/v2\/posts"}],"about":[{"href":"https:\/\/www.europesays.com\/es\/wp-json\/wp\/v2\/types\/post"}],"author":[{"embeddable":true,"href":"https:\/\/www.europesays.com\/es\/wp-json\/wp\/v2\/users\/2"}],"replies":[{"embeddable":true,"href":"https:\/\/www.europesays.com\/es\/wp-json\/wp\/v2\/comments?post=496319"}],"version-history":[{"count":0,"href":"https:\/\/www.europesays.com\/es\/wp-json\/wp\/v2\/posts\/496319\/revisions"}],"wp:featuredmedia":[{"embeddable":true,"href":"https:\/\/www.europesays.com\/es\/wp-json\/wp\/v2\/media\/496320"}],"wp:attachment":[{"href":"https:\/\/www.europesays.com\/es\/wp-json\/wp\/v2\/media?parent=496319"}],"wp:term":[{"taxonomy":"category","embeddable":true,"href":"https:\/\/www.europesays.com\/es\/wp-json\/wp\/v2\/categories?post=496319"},{"taxonomy":"post_tag","embeddable":true,"href":"https:\/\/www.europesays.com\/es\/wp-json\/wp\/v2\/tags?post=496319"}],"curies":[{"name":"wp","href":"https:\/\/api.w.org\/{rel}","templated":true}]}}