{"id":496559,"date":"2026-04-13T17:41:16","date_gmt":"2026-04-13T17:41:16","guid":{"rendered":"https:\/\/www.europesays.com\/es\/496559\/"},"modified":"2026-04-13T17:41:16","modified_gmt":"2026-04-13T17:41:16","slug":"la-nasa-comparte-los-fondos-de-pantalla-para-moviles-de-la-mision-artemis-ii-en-4k","status":"publish","type":"post","link":"https:\/\/www.europesays.com\/es\/496559\/","title":{"rendered":"La NASA comparte los fondos de pantalla para m\u00f3viles de la misi\u00f3n Artemis II en 4K"},"content":{"rendered":"<p>La misi\u00f3n <a href=\"https:\/\/www.larazon.es\/cultura\/mision-artemis-papa-cuanto-falta_2026040669d3059ebfc2456bae1e69ed.html\" rel=\"nofollow noopener\" target=\"_blank\"><b>Artemis II<\/b> de la <b>NASA<\/b><\/a> finaliz\u00f3 durante el d\u00eda de ayer, s\u00e1bado 11 de abril, tras <a href=\"https:\/\/www.larazon.es\/ciencia\/llegada-artemis-directo-ultima-hora-llegada-tierra-mision-astronautas-nasa_2026041069d8b2dc097ebe16ad737d19.html\" rel=\"nofollow noopener\" target=\"_blank\">la reentrada en la atm\u00f3sfera terrestre a m\u00e1s de 40.000 km\/h<\/a>\u00a0de la nave espacial que llev\u00f3 a los miembros de la tripulaci\u00f3n a orbitar alrededor de la <b>Luna<\/b>. Aunque, t\u00e9cnicamente, no llegaron a alcanzar la \u00f3rbita de nuestra hermosa acompa\u00f1ante celestial, ya que <b>la c\u00e1psula Ori\u00f3n se situ\u00f3 a unos 7.400 km de distancia<\/b> del sat\u00e9lite natural de la <b>Tierra<\/b>.<\/p>\n<p>Durante la misi\u00f3n, <a href=\"https:\/\/www.larazon.es\/tecnologia-consumo\/ciencia\/artemis-ii-hara-tripulacion-nasa-luna_2026040169ccb3a56b2f8835925de530.html\" rel=\"nofollow noopener\" target=\"_blank\">los tripulantes de la misi\u00f3n <b>Artemis II<\/b> estuvieron realizando todo tipo de pruebas de los sistemas de la c\u00e1psula <b>Ori\u00f3n<\/b><\/a>, pero tambi\u00e9n tuvieron la gran fortuna de <a href=\"https:\/\/www.larazon.es\/tecnologia\/nasa-publica-imagenes-tomadas-artemis-cara-oculta-luna_2026040769d55bb96b2f88359263d423.html\" rel=\"nofollow noopener\" target=\"_blank\">capturar una serie de fotograf\u00edas de esplendorosa belleza de la Tierra y de la Luna<\/a>\u00a0que han dado \u2014nunca mejor dicho\u2014 la vuelta al mundo. <b>Ahora la NASA ha compartido oficialmente una selecci\u00f3n con las mejores fotograf\u00edas de Artemis II en formato de fondos de pantalla para m\u00f3viles<\/b> y en la m\u00e1xima resoluci\u00f3n posible.<\/p>\n<p>Las impactantes fotograf\u00edas de la misi\u00f3n Artemis II de la NASA, ahora en tu m\u00f3vil<img loading=\"lazy\" decoding=\"async\" src=\"https:\/\/www.europesays.com\/es\/wp-content\/uploads\/2026\/04\/artemis-ii-in-eclipse-639115998421591728.jpg\" alt=\"Fotograf\u00eda de la Luna eclipsando el Sol \/ NASA, Artemis II\" width=\"2100\" height=\"1400\"\/>Fotograf\u00eda de la Luna eclipsando el Sol \/ NASA, Artemis II<\/p>\n<p>La misi\u00f3n Artemis II de la NASA ha marcado el regreso de la humanidad a la Luna despu\u00e9s de m\u00e1s de medio siglo tras <a href=\"https:\/\/www.larazon.es\/sociedad\/apolo-11-una-mision-precaria-CH24231740\/\" rel=\"nofollow noopener\" target=\"_blank\">el hist\u00f3rico programa Apolo 11<\/a>, pero con vistas a un futuro mucho m\u00e1s prometedor y ambicioso: sentar los cimientos de una presencia sostenible en la Luna y<a href=\"https:\/\/www.larazon.es\/ciencia\/nasa-revela-sus-planes-construir-base-20-mil-millones-dolares-luna-2033-asi-como-vera-b50m_2026032969c94651bfc2456bae17fb95.html\" rel=\"nofollow noopener\" target=\"_blank\"> construir una base lunar<\/a> que nos ayude a <b>preparar el camino de nuestro largo viaje hacia Marte<\/b>.<\/p>\n<p>Estos fondos de pantalla para m\u00f3viles de la misi\u00f3n Artemis II que ha compartido recientemente la NASA demuestran que <b>la humanidad ya est\u00e1 lista para dar el siguiente paso e iniciar una nueva era para la exploraci\u00f3n espacial<\/b>. Las im\u00e1genes han sido tomadas con <a href=\"https:\/\/www.larazon.es\/ciencia\/que-tan-diferente-foto-tierra-artemis-2026-respecto-tomada-1972-p7m_2026040769d4fc2e83aca52e0e4592b8.html\" rel=\"nofollow noopener\" target=\"_blank\">una c\u00e1mara Nikon Z9, un iPhone 17 Pro Max y el sistema de c\u00e1maras externo de la nave Ori\u00f3n<\/a>, que estaba especialmente preparado para ofrecer la mayor nitidez posible y para evitar la radiaci\u00f3n y las temperaturas extremas.<\/p>\n<p><img loading=\"lazy\" decoding=\"async\" src=\"https:\/\/www.europesays.com\/es\/wp-content\/uploads\/2026\/04\/fondos-639116015940361439.png\" alt=\"Fondos de pantalla de la NASA\" width=\"1092\" height=\"966\"\/>Fondos de pantalla de la NASA<\/p>\n<p>Para <b>descargar los fondos de pantalla para m\u00f3viles de la NASA<\/b> lo \u00fanico que tienes que hacer es dirigirte al sitio web oficial de la agencia espacial y presionar sobre el bot\u00f3n de color azul situado a la derecha de cada imagen del listado. En las fotograf\u00edas ver\u00e1s <a href=\"https:\/\/www.larazon.es\/sociedad\/mejores-imagenes-paso-artemis-luna-p7m_2026040769d4d5b5bfc2456bae1fd5e7.html\" rel=\"nofollow noopener\" target=\"_blank\">diferentes tomas de la Luna<\/a>, vistas impresionantes del espacio profundo, la Tierra en todo su esplendor y la ya ic\u00f3nica fotograf\u00eda de nuestro planeta amaneciendo tras la inconmensurable belleza de nuestra inseparable compa\u00f1era en el cosmos.<\/p>\n<p>El pr\u00f3ximo paso ser\u00e1 ahora <b>realizar las maniobras de pruebas de acoplamiento de la nave Ori\u00f3n y los m\u00f3dulos de aterrizaje desarrollados por SpaceX y Blue Origin<\/b>. Esto suceder\u00e1 en 2027, con la misi\u00f3n Artemis III.\u00a0Si todo va seg\u00fan lo previsto, la misi\u00f3n Artemis IV, programada para 2028, supondr\u00e1 el regreso de la humanidad a la superficie lunar, levantando de nuevo la reconocible polvareda del gris\u00e1ceo regolito bajo las botas de <a href=\"https:\/\/www.larazon.es\/tecnologia-consumo\/ciencia\/artemis-ii-hara-tripulacion-nasa-luna_2026040169ccb3a56b2f8835925de530.html\" rel=\"nofollow noopener\" target=\"_blank\">nuestros intr\u00e9pidos y valientes astronautas<\/a>.<\/p>\n","protected":false},"excerpt":{"rendered":"La misi\u00f3n Artemis II de la NASA finaliz\u00f3 durante el d\u00eda de ayer, s\u00e1bado 11 de abril, tras&hellip;\n","protected":false},"author":2,"featured_media":496560,"comment_status":"","ping_status":"","sticky":false,"template":"","format":"standard","meta":{"footnotes":""},"categories":[81],"tags":[44493,80345,119,123,124,25,24,13368,642,117,121,122,23,118,120],"class_list":["post-496559","post","type-post","status-publish","format-standard","has-post-thumbnail","category-ciencia-y-tecnologia","tag-artemis-ii","tag-astronomu00eda","tag-ciencia","tag-ciencia-y-tecnologia","tag-cienciaytecnologia","tag-es","tag-espana","tag-moviles","tag-nasa","tag-science","tag-science-and-technology","tag-scienceandtechnology","tag-spain","tag-technology","tag-tecnologia"],"share_on_mastodon":{"url":"https:\/\/pubeurope.com\/@es\/116398633478672377","error":""},"_links":{"self":[{"href":"https:\/\/www.europesays.com\/es\/wp-json\/wp\/v2\/posts\/496559","targetHints":{"allow":["GET"]}}],"collection":[{"href":"https:\/\/www.europesays.com\/es\/wp-json\/wp\/v2\/posts"}],"about":[{"href":"https:\/\/www.europesays.com\/es\/wp-json\/wp\/v2\/types\/post"}],"author":[{"embeddable":true,"href":"https:\/\/www.europesays.com\/es\/wp-json\/wp\/v2\/users\/2"}],"replies":[{"embeddable":true,"href":"https:\/\/www.europesays.com\/es\/wp-json\/wp\/v2\/comments?post=496559"}],"version-history":[{"count":0,"href":"https:\/\/www.europesays.com\/es\/wp-json\/wp\/v2\/posts\/496559\/revisions"}],"wp:featuredmedia":[{"embeddable":true,"href":"https:\/\/www.europesays.com\/es\/wp-json\/wp\/v2\/media\/496560"}],"wp:attachment":[{"href":"https:\/\/www.europesays.com\/es\/wp-json\/wp\/v2\/media?parent=496559"}],"wp:term":[{"taxonomy":"category","embeddable":true,"href":"https:\/\/www.europesays.com\/es\/wp-json\/wp\/v2\/categories?post=496559"},{"taxonomy":"post_tag","embeddable":true,"href":"https:\/\/www.europesays.com\/es\/wp-json\/wp\/v2\/tags?post=496559"}],"curies":[{"name":"wp","href":"https:\/\/api.w.org\/{rel}","templated":true}]}}