{"id":49675,"date":"2025-08-15T17:55:10","date_gmt":"2025-08-15T17:55:10","guid":{"rendered":"https:\/\/www.europesays.com\/es\/49675\/"},"modified":"2025-08-15T17:55:10","modified_gmt":"2025-08-15T17:55:10","slug":"asi-es-el-nuevo-mercedes-maybach-tiene-su-propio-olor-exclusivo","status":"publish","type":"post","link":"https:\/\/www.europesays.com\/es\/49675\/","title":{"rendered":"As\u00ed es el nuevo Mercedes-Maybach tiene su propio olor exclusivo"},"content":{"rendered":"<p data-journey-content=\"true\" data-node-id=\"1\" class=\"css-i9p093 emevuu60\">Si un <a href=\"https:\/\/www.mercedes-benz.es\/passengercars\/models\/saloon-long\/maybach-s-class\/overview.html\" target=\"_blank\" rel=\"nofollow noopener\" data-vars-ga-outbound-link=\"https:\/\/www.mercedes-benz.es\/passengercars\/models\/saloon-long\/maybach-s-class\/overview.html\" data-vars-ga-ux-element=\"Hyperlink\" data-vars-ga-call-to-action=\"Mercedes-Maybach\" data-node-id=\"1.1\" class=\"body-link css-168zq96 emevuu60\">Mercedes-Maybach<\/a> no es ya de por s\u00ed exclusivo, las ediciones limitadas no paran de sucederse. Las hemos visto dedicadas sobre todo al mundo de la moda y a la historia de la propia marca, pero nunca a la belleza de una tierra. <strong data-node-id=\"1.3\">El nuevo Mercedes-Maybach S 680 Edition Emerald Isle es un homenaje a la belleza de la Costa Central de California y por eso se ha presentado all\u00ed, en Pebble Beach <\/strong>y solo se van a construir 25 unidades dedicadas al mercado estadounidense. Creado en colaboraci\u00f3n con la divisi\u00f3n Manufaktur de Mercedes-Maybach, todo se ha creado en exclusiva para esta edici\u00f3n limitada.<\/p>\n<p><img draggable=\"true\" alt=\"mercedes maybach edition emerald isle\" title=\"Mercedes -Maybach Edition Emerald Isle\" loading=\"lazy\" width=\"8192\" height=\"5464\" decoding=\"async\" data-nimg=\"1\" style=\"color:transparent;width:100%;height:auto;\"   src=\"https:\/\/www.europesays.com\/es\/wp-content\/uploads\/2025\/08\/maybach-emerald-4-689c978636ec6.jpg\" class=\"css-0 e1g79fud0\"\/><a target=\"_blank\" rel=\"noopener nofollow\" data-theme-key=\"base-link\" href=\"https:\/\/pinterest.com\/pin\/create\/button\/?url=https:\/\/www.caranddriver.com\/es\/coches\/novedades\/a65676493\/asi-es-el-nuevo-mercedes-maybach-edition-emerald-isle-el-lujo-maximo-tiene-su-propio-olor-exclusivo\/&amp;description=&amp;media=https:\/\/hips.hearstapps.com\/hmg-prod\/images\/maybach-emerald-4-689c978636ec6.jpg?resize=1600:*\" class=\"pinterest css-on9hn5 e1c1bym14\"><img decoding=\"async\" data-dynamic-svg=\"true\" src=\"https:\/\/www.caranddriver.com\/_assets\/design-tokens\/fre\/static\/icons\/social\/pinterest.e8cf655.svg?primary=%2523ffffff\" loading=\"lazy\" data-testid=\"dynamic-svg-base\" height=\"auto\" width=\"auto\" alt=\"pinterest\" class=\"css-4lml0h e1mlxuuw1\"\/><\/a><\/p>\n<p>Mercedes-Maybach\/\/Car and Driver<\/p>\n<p data-journey-content=\"true\" data-node-id=\"3\" class=\"css-i9p093 emevuu60\">La pintura bitono est\u00e1 compuesta por el <strong data-node-id=\"3.1\">Verde Mid Ireland metalizado, inspirado en los cipreses que pueblan la zona de Monterrey, y el blanco Moonlight metalizado de las playas de arena blanca de Pebble Beach<\/strong>, dos colores que solo se utilizar\u00e1n para esta edici\u00f3n limitada. Todo el interior est\u00e1 revestido en cuero napa de la mejor calidad, en un tono marr\u00f3n claro, tambi\u00e9n exclusivo para esta edici\u00f3n limitada. Absolutamente todo el habit\u00e1culo, incluido techo y cualquier m\u00ednimo rinc\u00f3n del salpicadero y los paneles de las puertas, est\u00e1 revestido en este exquisito cuero, incluso las mesitas plegables.<\/p>\n<p><img draggable=\"true\" alt=\"mercedes maybach edition emerald isle\" title=\"Mercedes -Maybach Edition Emerald Isle\" loading=\"lazy\" width=\"5999\" height=\"3956\" decoding=\"async\" data-nimg=\"1\" style=\"color:transparent;width:100%;height:auto;\"   src=\"https:\/\/www.europesays.com\/es\/wp-content\/uploads\/2025\/08\/maybach-emerald-2-689c97ac70d38.jpg\" class=\"css-0 e1g79fud0\"\/><a target=\"_blank\" rel=\"noopener nofollow\" data-theme-key=\"base-link\" href=\"https:\/\/pinterest.com\/pin\/create\/button\/?url=https:\/\/www.caranddriver.com\/es\/coches\/novedades\/a65676493\/asi-es-el-nuevo-mercedes-maybach-edition-emerald-isle-el-lujo-maximo-tiene-su-propio-olor-exclusivo\/&amp;description=&amp;media=https:\/\/hips.hearstapps.com\/hmg-prod\/images\/maybach-emerald-2-689c97ac70d38.jpg?resize=1600:*\" class=\"pinterest css-on9hn5 e1c1bym14\"><img decoding=\"async\" data-dynamic-svg=\"true\" src=\"https:\/\/www.caranddriver.com\/_assets\/design-tokens\/fre\/static\/icons\/social\/pinterest.e8cf655.svg?primary=%2523ffffff\" loading=\"lazy\" data-testid=\"dynamic-svg-base\" height=\"auto\" width=\"auto\" alt=\"pinterest\" class=\"css-4lml0h e1mlxuuw1\"\/><\/a><\/p>\n<p>Mercedes-Maybach\/\/Car and Driver<\/p>\n<p data-journey-content=\"true\" data-node-id=\"5\" class=\"css-i9p093 emevuu60\">Como este Mercedes-Maybach es para disfrutarlo desde el asiento trasero, incluye de serie el paquete ejecutivo de asientos traseros plus, en  configuraci\u00f3n de cuatro plazas de primera clase, con un frigor\u00edfico entre las dos plazas posteriores y un juego de copas de champ\u00e1n Maybach de plata, entre otros muchos elementos de lujo. P<strong data-node-id=\"5.1\">or supuesto, el equipo de sonido es un Burmester High-End 4D con nada menos que 31 altavoces.<\/strong><\/p>\n<p><img draggable=\"true\" alt=\"mercedes maybach edition emerald isle\" title=\"Mercedes -Maybach Edition Emerald Isle\" loading=\"lazy\" width=\"7491\" height=\"4996\" decoding=\"async\" data-nimg=\"1\" style=\"color:transparent;width:100%;height:auto;\"   src=\"https:\/\/www.europesays.com\/es\/wp-content\/uploads\/2025\/08\/maybach-emerald-5-689c97d197730.jpg\" class=\"css-0 e1g79fud0\"\/><a target=\"_blank\" rel=\"noopener nofollow\" data-theme-key=\"base-link\" href=\"https:\/\/pinterest.com\/pin\/create\/button\/?url=https:\/\/www.caranddriver.com\/es\/coches\/novedades\/a65676493\/asi-es-el-nuevo-mercedes-maybach-edition-emerald-isle-el-lujo-maximo-tiene-su-propio-olor-exclusivo\/&amp;description=&amp;media=https:\/\/hips.hearstapps.com\/hmg-prod\/images\/maybach-emerald-5-689c97d197730.jpg?resize=1600:*\" class=\"pinterest css-on9hn5 e1c1bym14\"><img decoding=\"async\" data-dynamic-svg=\"true\" src=\"https:\/\/www.caranddriver.com\/_assets\/design-tokens\/fre\/static\/icons\/social\/pinterest.e8cf655.svg?primary=%2523ffffff\" loading=\"lazy\" data-testid=\"dynamic-svg-base\" height=\"auto\" width=\"auto\" alt=\"pinterest\" class=\"css-4lml0h e1mlxuuw1\"\/><\/a><\/p>\n<p>Mercedes-Maybach\/\/Car and Driver<\/p>\n<p><strong data-node-id=\"8.0\">Con fragancia exclusiva<\/strong><\/p>\n<p data-journey-content=\"true\" data-node-id=\"9\" class=\"css-i9p093 emevuu60\">El sistema de aire acondicionado Air Balance con difusor de fragancias de Mercedes-Maybach de esta edici\u00f3n limitada tiene una sorpresa. <strong data-node-id=\"9.1\">El trabajo conjunto con artesanos perfumistas ha permitido crear una fragancia \u00fanica para este modelo. Un aroma sutil con notas de madera de cedro, cipr\u00e9s y sal marina que evocan la Costa Central de California.<\/strong> Cada frasco de esta fragancia est\u00e1 adornado por una ilustraci\u00f3n del conocido Cipr\u00e9s Solitario de Pebble Beach. Cada una de las 25 unidades del Emerald Isle se entrega con una caja, hecha a mano en el mismo cuero napa del interior, que contiene dos llaves del coche y un segundo frasco de la fragancia. <\/p>\n<p><img draggable=\"true\" alt=\"mercedes maybach edition emerald isle\" title=\"Mercedes -Maybach Edition Emerald Isle\" loading=\"lazy\" width=\"8192\" height=\"5464\" decoding=\"async\" data-nimg=\"1\" style=\"color:transparent;width:100%;height:auto;\"   src=\"https:\/\/www.europesays.com\/es\/wp-content\/uploads\/2025\/08\/maybach-emerald-6-689c985dac965.jpg\" class=\"css-0 e1g79fud0\"\/><a target=\"_blank\" rel=\"noopener nofollow\" data-theme-key=\"base-link\" href=\"https:\/\/pinterest.com\/pin\/create\/button\/?url=https:\/\/www.caranddriver.com\/es\/coches\/novedades\/a65676493\/asi-es-el-nuevo-mercedes-maybach-edition-emerald-isle-el-lujo-maximo-tiene-su-propio-olor-exclusivo\/&amp;description=&amp;media=https:\/\/hips.hearstapps.com\/hmg-prod\/images\/maybach-emerald-6-689c985dac965.jpg?resize=1600:*\" class=\"pinterest css-on9hn5 e1c1bym14\"><img decoding=\"async\" data-dynamic-svg=\"true\" src=\"https:\/\/www.caranddriver.com\/_assets\/design-tokens\/fre\/static\/icons\/social\/pinterest.e8cf655.svg?primary=%2523ffffff\" loading=\"lazy\" data-testid=\"dynamic-svg-base\" height=\"auto\" width=\"auto\" alt=\"pinterest\" class=\"css-4lml0h e1mlxuuw1\"\/><\/a><\/p>\n<p>Mercedes-Maybach\/\/Car and Driver<\/p>\n<p data-journey-content=\"true\" data-node-id=\"11\" class=\"css-i9p093 emevuu60\">Un detalle importante, el motor es el V12 biturbo de 6.0 litros fabricado a mano de 620 CV de potencia, con tracci\u00f3n total 4Matic y suspensi\u00f3n neum\u00e1tica Airmatic adaptativa. Para que sus propietarios no olviden que se encuentran en un coche muy especial y exclusivo, en la tapa de la consola central delantera, situada entre los dos asientos, <strong data-node-id=\"11.1\">un panel decorativo con motivos florales, identifica cada unidad de esta serie limitada de 25 ejemplares. <\/strong>\u00bfEl precio? Si en Rodeo Drive es de mal gusto poner los precios en los escaparates de las tiendas, imagina lo deplorable que debe ser preguntar lo que vale este Mercedes-Maybach con su propio y exclusivo aroma.<\/p>\n<p>Contenidos relacionados<img src=\"https:\/\/www.europesays.com\/es\/wp-content\/uploads\/2025\/08\/1755280510_328_7d6e074b-9191-4f32-a794-cce2ae621f01_1656063520.file\" alt=\"Headshot of Pedro Berrio\" title=\"Headshot of Pedro Berrio\" width=\"100%\" height=\"100%\" decoding=\"async\" loading=\"lazy\" class=\"css-o0wq4v ev8dhu53\"\/><\/p>\n<p>M\u00e1s de 30 a\u00f1os dedicado al periodismo del motor y el estilo de vida que siempre ha acompa\u00f1ado al autom\u00f3vil, primero como director de tres publicaciones y ahora como colaborador. Por mucho que se empe\u00f1en en hacernos creer que los coches son simples instrumentos de movilidad, para m\u00ed son verdaderas obras de arte que provocan emociones y el primer artefacto moderno que proporcion\u00f3 a la mayor\u00eda de la humanidad una forma real de libertad y de conocimiento de otros mundos, mucho antes de que existiera Internet. \u00a0<\/p>\n","protected":false},"excerpt":{"rendered":"Si un Mercedes-Maybach no es ya de por s\u00ed exclusivo, las ediciones limitadas no paran de sucederse. Las&hellip;\n","protected":false},"author":2,"featured_media":49676,"comment_status":"","ping_status":"","sticky":false,"template":"","format":"standard","meta":{"footnotes":""},"categories":[80],"tags":[82,95,94,25,24,975,23],"class_list":{"0":"post-49675","1":"post","2":"type-post","3":"status-publish","4":"format-standard","5":"has-post-thumbnail","7":"category-economia","8":"tag-business","9":"tag-economia","10":"tag-economy","11":"tag-es","12":"tag-espana","13":"tag-seo","14":"tag-spain"},"share_on_mastodon":{"url":"","error":""},"_links":{"self":[{"href":"https:\/\/www.europesays.com\/es\/wp-json\/wp\/v2\/posts\/49675","targetHints":{"allow":["GET"]}}],"collection":[{"href":"https:\/\/www.europesays.com\/es\/wp-json\/wp\/v2\/posts"}],"about":[{"href":"https:\/\/www.europesays.com\/es\/wp-json\/wp\/v2\/types\/post"}],"author":[{"embeddable":true,"href":"https:\/\/www.europesays.com\/es\/wp-json\/wp\/v2\/users\/2"}],"replies":[{"embeddable":true,"href":"https:\/\/www.europesays.com\/es\/wp-json\/wp\/v2\/comments?post=49675"}],"version-history":[{"count":0,"href":"https:\/\/www.europesays.com\/es\/wp-json\/wp\/v2\/posts\/49675\/revisions"}],"wp:featuredmedia":[{"embeddable":true,"href":"https:\/\/www.europesays.com\/es\/wp-json\/wp\/v2\/media\/49676"}],"wp:attachment":[{"href":"https:\/\/www.europesays.com\/es\/wp-json\/wp\/v2\/media?parent=49675"}],"wp:term":[{"taxonomy":"category","embeddable":true,"href":"https:\/\/www.europesays.com\/es\/wp-json\/wp\/v2\/categories?post=49675"},{"taxonomy":"post_tag","embeddable":true,"href":"https:\/\/www.europesays.com\/es\/wp-json\/wp\/v2\/tags?post=49675"}],"curies":[{"name":"wp","href":"https:\/\/api.w.org\/{rel}","templated":true}]}}