{"id":496814,"date":"2026-04-13T21:40:10","date_gmt":"2026-04-13T21:40:10","guid":{"rendered":"https:\/\/www.europesays.com\/es\/496814\/"},"modified":"2026-04-13T21:40:10","modified_gmt":"2026-04-13T21:40:10","slug":"manuel-marchena-ingresa-en-la-real-academia-de-jurisprudencia-y-legislacion","status":"publish","type":"post","link":"https:\/\/www.europesays.com\/es\/496814\/","title":{"rendered":"Manuel Marchena ingresa en la Real Academia de Jurisprudencia y Legislaci\u00f3n"},"content":{"rendered":"<p style=\"\">El magistrado del Tribunal Supremo <a href=\"https:\/\/www.abc.es\/noticias\/manuel-marchena\/\" title=\"www.abc.es\" data-voc-vtm-id=\"in-text-traffic\" data-mrf-link=\"www.abc.es\" rel=\"nofollow noopener\" target=\"_blank\">Manuel Marchena<\/a> ha ingresado este lunes como acad\u00e9mico numerario de la Real Academia de Jurisprudencia y Legislaci\u00f3n de Espa\u00f1a, instituci\u00f3n que preside Luis Mar\u00eda Cazorla Prieto e integrada en el Instituto de Espa\u00f1a. <\/p>\n<p style=\"\">La contestaci\u00f3n de ingreso a su  &#8230; discurso, que ha versado sobre la incorporaci\u00f3n de datos electr\u00f3nicos al proceso penal, ha corrido a cargo del tambi\u00e9n acad\u00e9mico y ex fiscal general del Estado Eduardo Torres-Dulce.<\/p>\n<p class=\"v-d-p\" style=\"\">Marchena, expresidente de la Sala de lo Penal del Supremo, ostenta desde este lunes la medalla n\u00famero 18, vacante producida tras el fallecimiento en abril de 2023 de Jos\u00e9 Luis P\u00e9rez de Ayala y L\u00f3pez de Ayala. Conde de Cedillo y Conde de Fuensalida. Fue elegido como acad\u00e9mico electo el 7 de abril de 2025. Es licenciado y docto en Derecho y magistrado de la Sala Penal del Tribunal Supremo desde 2007, de la que fue presidente desde 2014 a 2024. Est\u00e1 en posesi\u00f3n de la Gran Cruz de San Raimundo de Pe\u00f1afort; caballero de la Legi\u00f3n de Honor concedida por el presidente de la Rep\u00fablica Francesa y ha sido galardonado con la m\u00e1xima distinci\u00f3n otorgada por la Organizaci\u00f3n del Tratado del Atl\u00e1ntico Norte.<\/p>\n<p class=\"v-d-p\" style=\"\">Al acto, celebrado en el sal\u00f3n de plenos de la Real Academia de Jurisprudencia y Legislaci\u00f3n de Espa\u00f1a, asistieron entre otras autoridades, la presidenta y vicepresidente del Tribunal Supremo, Isabel Perell\u00f3 y  Dimitry Berberoff, respectivamente; el presidente de la Audiencia Nacional, Juan Manuel Fern\u00e1ndez; los magistrados del Constitucional Juan Carlos Campo, Enrique Arnaldo y Jos\u00e9 Mar\u00eda Mac\u00edas; el presidente em\u00e9rito del TC Juan Jos\u00e9 Gonz\u00e1lez Rivas y el tambi\u00e9n magistrado em\u00e9rito del TC y actual secretario general del Instituto de Espa\u00f1a, Andr\u00e9s Ollero; y los presidentes de la Sala de lo Penal y de lo Contencioso-Administrativo del Supremo, Andr\u00e9s Mart\u00ednez-Arrieta y Pablo Lucas, respectivamente. <\/p>\n<p class=\"v-d-p\" style=\"\">Tambi\u00e9n acudieron al acto los vocales del Consejo General del Poder Judicial Jos\u00e9 Eduardo Mart\u00ednez Mediavilla y Gema Espinosa, as\u00ed como Eugenio Rib\u00f3n, decano del Colegio de Abogados de Madrid y representantes de distintas reales academias, entidades sociales y econ\u00f3micas, los acad\u00e9micos Santiago Mu\u00f1oz Machado y Mar\u00eda Jos\u00e9 de la Fuente y de la Calle, y el presidente de la Real Academia de Ciencias Morales y Politicas, Benigno Pend\u00e1s.<\/p>\n<p class=\"v-d-p\" style=\"\">Durante su intervenci\u00f3n, Marchena se\u00f1al\u00f3 que una sociedad como la actual, interconectada mediante redes telem\u00e1ticas que definen un espacio de convivencia in\u00e9dito hasta hace muy pocas d\u00e9cadas, \u00abdemanda soluciones jur\u00eddicas nuevas, con capacidad para hacer frente a formas de delincuencia que nada tienen que ver con moldes criminol\u00f3gicos ya superados\u00bb.<\/p>\n<p class=\"v-d-p\" style=\"\">Sin embargo, asegur\u00f3, esa necesidad de actualizar la metodolog\u00eda de la investigaci\u00f3n penal no puede llegar a cuestionarla ni a legitimar, al amparo de las ventajas que ofrecen las tecnolog\u00edas de vanguardia y, de modo especial, la IA, \u00abuna investigaci\u00f3n en la que todo vale, sin reparar en la intensa injerencia estatal y consiguiente sacrificio del espacio de intimidad que cada ciudadano dibuja frente a los poderes p\u00fablicos y a terceros\u00bb.<\/p>\n","protected":false},"excerpt":{"rendered":"El magistrado del Tribunal Supremo Manuel Marchena ha ingresado este lunes como acad\u00e9mico numerario de la Real Academia&hellip;\n","protected":false},"author":2,"featured_media":496815,"comment_status":"","ping_status":"","sticky":false,"template":"","format":"standard","meta":{"footnotes":""},"categories":[8],"tags":[923,17,18,25,24,13,14,11,12881,34142,19,20,27545,841,99966,9,10,15,16,798,23,12,21,22],"class_list":["post-496814","post","type-post","status-publish","format-standard","has-post-thumbnail","category-espana","tag-academia","tag-breaking-news","tag-breakingnews","tag-es","tag-espana","tag-featured-news","tag-featurednews","tag-headlines","tag-ingresa","tag-jurisprudencia","tag-latest-news","tag-latestnews","tag-legislacion","tag-manuel","tag-marchena","tag-news","tag-noticias","tag-noticias-destacadas","tag-noticiasdestacadas","tag-real","tag-spain","tag-titulares","tag-ultimas-noticias","tag-ultimasnoticias"],"share_on_mastodon":{"url":"https:\/\/pubeurope.com\/@es\/116399572802719602","error":""},"_links":{"self":[{"href":"https:\/\/www.europesays.com\/es\/wp-json\/wp\/v2\/posts\/496814","targetHints":{"allow":["GET"]}}],"collection":[{"href":"https:\/\/www.europesays.com\/es\/wp-json\/wp\/v2\/posts"}],"about":[{"href":"https:\/\/www.europesays.com\/es\/wp-json\/wp\/v2\/types\/post"}],"author":[{"embeddable":true,"href":"https:\/\/www.europesays.com\/es\/wp-json\/wp\/v2\/users\/2"}],"replies":[{"embeddable":true,"href":"https:\/\/www.europesays.com\/es\/wp-json\/wp\/v2\/comments?post=496814"}],"version-history":[{"count":0,"href":"https:\/\/www.europesays.com\/es\/wp-json\/wp\/v2\/posts\/496814\/revisions"}],"wp:featuredmedia":[{"embeddable":true,"href":"https:\/\/www.europesays.com\/es\/wp-json\/wp\/v2\/media\/496815"}],"wp:attachment":[{"href":"https:\/\/www.europesays.com\/es\/wp-json\/wp\/v2\/media?parent=496814"}],"wp:term":[{"taxonomy":"category","embeddable":true,"href":"https:\/\/www.europesays.com\/es\/wp-json\/wp\/v2\/categories?post=496814"},{"taxonomy":"post_tag","embeddable":true,"href":"https:\/\/www.europesays.com\/es\/wp-json\/wp\/v2\/tags?post=496814"}],"curies":[{"name":"wp","href":"https:\/\/api.w.org\/{rel}","templated":true}]}}