{"id":49687,"date":"2025-08-15T18:01:08","date_gmt":"2025-08-15T18:01:08","guid":{"rendered":"https:\/\/www.europesays.com\/es\/49687\/"},"modified":"2025-08-15T18:01:08","modified_gmt":"2025-08-15T18:01:08","slug":"dana-white-no-dudo-al-elegir-al-mejor-peleador-de-ufc-de-la-historia-no-hay-debate","status":"publish","type":"post","link":"https:\/\/www.europesays.com\/es\/49687\/","title":{"rendered":"Dana White no dud\u00f3 al elegir al mejor peleador de UFC de la historia: \u00abNo hay debate\u00bb"},"content":{"rendered":"<p data-testid=\"paragraph\" class=\"mb-[20px] md:mb-[30px] break-word\">Son muchos los peleadores de la <strong><a href=\"https:\/\/bolavip.com\/ar\/tema\/ufc\" target=\"_blank\" class=\"break-word font-articleLinkText text-articleLinkText hover:text-articleLinkTextHover hover:bg-articleLinkTextHoverBg cursor-pointer border-solid border-b-articleLinkTextHover\" rel=\"nofollow noopener\">UFC<\/a><\/strong> que dejaron su huella en las artes marciales mixtas. Cada categor\u00eda tuvo a sus respectivas figuras y las opiniones sobre qui\u00e9n fue el n\u00famero 1 son variadas. Sin embargo, para <strong><a href=\"https:\/\/bolavip.com\/ar\/tema\/dana-white\" target=\"_blank\" class=\"break-word font-articleLinkText text-articleLinkText hover:text-articleLinkTextHover hover:bg-articleLinkTextHoverBg cursor-pointer border-solid border-b-articleLinkTextHover\" rel=\"nofollow noopener\">Dana White<\/a><\/strong>, no hay debate a la hora de elegir al mejor de todos los tiempos.<\/p>\n<p data-testid=\"paragraph\" class=\"mb-[20px] md:mb-[30px] break-word\">En m\u00e1s de una oportunidad, el presidente del Ultimate Fighting Championship dio su punto de vista al respecto y siempre se qued\u00f3 con el mismo luchador: <strong>Jon Jones<\/strong>. El estadounidense, que anunci\u00f3 su retiro en junio a sus 37 a\u00f1os, aparece en el top 1 de White.<\/p>\n<p data-testid=\"paragraph\" class=\"mb-[20px] md:mb-[30px] break-word\">\u201cDestruy\u00f3 a todos en el peso semipesado, que en ese momento era la categor\u00eda de peso m\u00e1s dura de la empresa y el deporte. Y luego ascendi\u00f3 al peso pesado, gan\u00f3 f\u00e1cilmente en el peso pesado\u2026 <strong>Jon Jones, no hay debate. Nadie puede debatir qui\u00e9n es el mejor de todos los tiempos. \u00c9l nunca ha perdido. Nunca ha sido derrotado en el oct\u00e1gono<\/strong>\u201c, expres\u00f3 el presidente de la UFC.<\/p>\n<p data-testid=\"paragraph\" class=\"mb-[20px] md:mb-[30px] break-word\">Y continu\u00f3: \u201c<strong>Nadie, ni siquiera Ali, ha regresado de tres a\u00f1os de descanso y ha lucido igual<\/strong>. Si metes a Jon Jones en una habitaci\u00f3n con cualquiera, Jon sale de la habitaci\u00f3n. <strong>Es innegable.\u00a0<\/strong>Puedes odiar todo lo que quieras, pero \u00e9l es el mejor\u201d.<\/p>\n<p data-testid=\"paragraph\" class=\"mb-[20px] md:mb-[30px] break-word\">Adem\u00e1s, Dana White explic\u00f3 por qu\u00e9 Khabib Nurmagomedov no logr\u00f3 superarlo: \u201cCreo que ten\u00eda el potencial para estar en la carrera por esto. Simplemente no se qued\u00f3 mucho tiempo. Si no hubiera tenido las lesiones que tuvo y los reveses en su carrera\u2026 No hay duda que es uno de los grandes de todos los tiempos\u201d.<\/p>\n<p>La carrera de Jon Jones<\/p>\n<p data-testid=\"paragraph\" class=\"mb-[20px] md:mb-[30px] break-word\"><strong>Jon Jones fue campe\u00f3n de la categor\u00eda de pesos semipesados de la UFC en marzo de 2011, con 23 a\u00f1os y ocho meses<\/strong>. Ese d\u00eda, se convirti\u00f3 en el campe\u00f3n m\u00e1s joven de la historia de la organizaci\u00f3n en todas las categor\u00edas, algo que hasta la fecha no fue superado.<\/p>\n<p data-testid=\"paragraph\" class=\"mb-[20px] md:mb-[30px] break-word\">A pesar de que Dana White declar\u00f3 que \u201cnunca fue derrotado\u201d, <strong>Bones tiene una derrota en su carrera<\/strong>. Fue ante Matt Hamill, en donde fue descalificado por codazos ilegales. Para muchos -incluyendo al propio Hamill-, ese combate debi\u00f3 haber sido declarado sin resultado.<\/p>\n<p data-testid=\"paragraph\" class=\"mb-[20px] md:mb-[30px] break-word\">Fueron 16 peleas por el t\u00edtulo para Jones, que tambi\u00e9n tiene el r\u00e9cord de m\u00e1s victorias en peleas por el t\u00edtulo (15). <strong>Su r\u00e9cord es de 28-1-0 (1).<\/strong><\/p>\n<p><a title=\"Conor McGregor empez\u00f3 los tr\u00e1mites para regresar a la UFC: \u201cVoy a provocar mucho da\u00f1o\u201d\" href=\"https:\/\/bolavip.com\/ar\/polideportivo\/conor-mcgregor-empezo-los-tramites-para-regresar-a-la-ufc-voy-a-provocar-mucho-dano\" target=\"_self\" rel=\"nofollow noopener\" class=\"article-also-read-embed\"><img decoding=\"async\" class=\"aspect-square max-w-[100px] m-[10px] md:m-0\" src=\"https:\/\/www.europesays.com\/es\/wp-content\/uploads\/2025\/08\/1755280867_44_image\" alt=\"Conor McGregor empez\u00f3 los tr\u00e1mites para regresar a la UFC: \u201cVoy a provocar mucho da\u00f1o\u201d\" width=\"200\" height=\"200\" loading=\"lazy\"\/><\/p>\n<p class=\"font-secondary my-[13px] uppercase text-alsoReadSeeAlso bg-alsoReadSeeAlsoBackground alsoReadSeeAlso w-fit\">ver tambi\u00e9n<\/p>\n<p class=\"w-full line-clamp-3 md:line-clamp-2 text-alsoReadEmbedTitle font-primary alsoReadLink\">Conor McGregor empez\u00f3 los tr\u00e1mites para regresar a la UFC: \u201cVoy a provocar mucho da\u00f1o\u201d<\/p>\n<p><\/a><a title=\"El mejor peleador de UFC de la historia, seg\u00fan Conor McGregor: \u201cLas finalizaciones m\u00e1s impresionantes de este deporte\u201d\" href=\"https:\/\/bolavip.com\/ar\/polideportivo\/el-mejor-peleador-de-ufc-de-la-historia-segun-conor-mcgregor-las-finalizaciones-mas-impresionantes-de-este-deporte\" target=\"_self\" rel=\"nofollow noopener\" class=\"article-also-read-embed\"><img decoding=\"async\" class=\"aspect-square max-w-[100px] m-[10px] md:m-0\" src=\"https:\/\/www.europesays.com\/es\/wp-content\/uploads\/2025\/08\/1755280868_601_image\" alt=\"El mejor peleador de UFC de la historia, seg\u00fan Conor McGregor: \u201cLas finalizaciones m\u00e1s impresionantes de este deporte\u201d\" width=\"200\" height=\"200\" loading=\"lazy\"\/><\/p>\n<p class=\"font-secondary my-[13px] uppercase text-alsoReadSeeAlso bg-alsoReadSeeAlsoBackground alsoReadSeeAlso w-fit\">ver tambi\u00e9n<\/p>\n<p class=\"w-full line-clamp-3 md:line-clamp-2 text-alsoReadEmbedTitle font-primary alsoReadLink\">El mejor peleador de UFC de la historia, seg\u00fan Conor McGregor: \u201cLas finalizaciones m\u00e1s impresionantes de este deporte\u201d<\/p>\n<p><\/a><\/p>\n","protected":false},"excerpt":{"rendered":"Son muchos los peleadores de la UFC que dejaron su huella en las artes marciales mixtas. Cada categor\u00eda&hellip;\n","protected":false},"author":2,"featured_media":49688,"comment_status":"","ping_status":"","sticky":false,"template":"","format":"standard","meta":{"footnotes":""},"categories":[276],"tags":[353,168,25,24,23,167,343],"class_list":{"0":"post-49687","1":"post","2":"type-post","3":"status-publish","4":"format-standard","5":"has-post-thumbnail","7":"category-ufc","8":"tag-dana-white","9":"tag-deportes","10":"tag-es","11":"tag-espana","12":"tag-spain","13":"tag-sports","14":"tag-ufc"},"share_on_mastodon":{"url":"","error":""},"_links":{"self":[{"href":"https:\/\/www.europesays.com\/es\/wp-json\/wp\/v2\/posts\/49687","targetHints":{"allow":["GET"]}}],"collection":[{"href":"https:\/\/www.europesays.com\/es\/wp-json\/wp\/v2\/posts"}],"about":[{"href":"https:\/\/www.europesays.com\/es\/wp-json\/wp\/v2\/types\/post"}],"author":[{"embeddable":true,"href":"https:\/\/www.europesays.com\/es\/wp-json\/wp\/v2\/users\/2"}],"replies":[{"embeddable":true,"href":"https:\/\/www.europesays.com\/es\/wp-json\/wp\/v2\/comments?post=49687"}],"version-history":[{"count":0,"href":"https:\/\/www.europesays.com\/es\/wp-json\/wp\/v2\/posts\/49687\/revisions"}],"wp:featuredmedia":[{"embeddable":true,"href":"https:\/\/www.europesays.com\/es\/wp-json\/wp\/v2\/media\/49688"}],"wp:attachment":[{"href":"https:\/\/www.europesays.com\/es\/wp-json\/wp\/v2\/media?parent=49687"}],"wp:term":[{"taxonomy":"category","embeddable":true,"href":"https:\/\/www.europesays.com\/es\/wp-json\/wp\/v2\/categories?post=49687"},{"taxonomy":"post_tag","embeddable":true,"href":"https:\/\/www.europesays.com\/es\/wp-json\/wp\/v2\/tags?post=49687"}],"curies":[{"name":"wp","href":"https:\/\/api.w.org\/{rel}","templated":true}]}}