{"id":49715,"date":"2025-08-15T18:18:09","date_gmt":"2025-08-15T18:18:09","guid":{"rendered":"https:\/\/www.europesays.com\/es\/49715\/"},"modified":"2025-08-15T18:18:09","modified_gmt":"2025-08-15T18:18:09","slug":"los-extranjeros-no-estan-pagando-los-aranceles","status":"publish","type":"post","link":"https:\/\/www.europesays.com\/es\/49715\/","title":{"rendered":"los extranjeros no est\u00e1n pagando los aranceles"},"content":{"rendered":"<p>Este pasado martes, Donald Trump lo volvi\u00f3 a repetir ante los medios: \u00ab<b>Los aranceles los pagan los Gobiernos extranjeros o las empresas extranjeras<\/b>\u00ab. Esa frase resume el principal argumento que el magnate lleva d\u00e9cadas esgrimiendo para justificar su \u00abamor\u00bb por ese impuesto. Pero los datos de los precios de importaci\u00f3n publicados hoy vuelven a arrasar su argumento: los extranjeros no solo no est\u00e1n &#8216;comi\u00e9ndose&#8217; los costes de los aranceles, sino que la debilidad del d\u00f3lar est\u00e1 subiendo los precios que pagan los estadounidenses por importar productos del extranjero. Un c\u00f3ctel t\u00f3xico que vuelve a aumentar los riesgos de una subida inflacionaria en los pr\u00f3ximos meses.<\/p>\n<p><a href=\"https:\/\/www.eleconomista.es\/flash\/20250815\/63730\/\" title=\"Los precios de la importaci\u00f3n en Estados Unidos crecen m\u00e1s de lo esperado\" rel=\"nofollow noopener\" target=\"_blank\">Los datos publicados hoy<\/a> apuntan a que los costes de las importaciones han subido un 0,4% en julio, m\u00e1s de lo esperado y la mayor subida desde abril de 2024. Pero el problema es que, <b>si la teor\u00eda de Trump fuera cierta y los extranjeros estuvieran absorbiendo el coste de los aranceles, tendr\u00edan que haber rebajado sus precios de forma proporcional a los aranceles<\/b> impuestos sobre sus productos. En otras palabras, el precio de las importaciones desde Europa, por ejemplo, deber\u00eda haber bajado alrededor de un 10% para compensar la tasa del 10% en vigor hasta la semana pasada (<a href=\"https:\/\/www.eleconomista.es\/economia\/noticias\/13494010\/08\/25\/como-quedan-los-aranceles-de-trump-para-todo-el-mundo-tras-el-segundo-dia-de-la-liberacion.html\" title=\"C\u00f3mo quedan los aranceles de Trump para todo el mundo tras el segundo &#039;D\u00eda de la Liberaci\u00f3n&#039;\" rel=\"nofollow noopener\" target=\"_blank\">cuando subi\u00f3 al 15%<\/a>).<\/p>\n<p>La realidad es que <b>los precios no solo no han bajado, sino que han subido<\/b>, en parte por la ca\u00edda en el valor del d\u00f3lar, que encarece las exportaciones. Para Mike Zaccardi, profesor de Finanzas de la Universidad del Norte de Florida, \u00abestos n\u00fameros no hacen pensar que los exportadores est\u00e9n asumiendo los aranceles\u00bb. El propio Wall Street Journal, peri\u00f3dico que pidi\u00f3 el voto por Trump en las pasadas elecciones, alerta hoy de que \u00abya sabemos qui\u00e9nes est\u00e1n pagando los aranceles\u00bb. <b>Su editorial apunta a \u00ablas empresas estadounidenses\u00bb como las que est\u00e1n pagando el pato<\/b>, como revelaron <a href=\"https:\/\/www.eleconomista.es\/economia\/noticias\/13505275\/08\/25\/una-patada-en-la-boca-la-subida-de-precios-de-los-productores-anticipa-el-verdadero-golpe-de-los-aranceles-de-trump.html\" title=\"&quot;Una patada en la boca&quot;: la subida de precios de los productores anticipa el verdadero golpe de los aranceles de Trump\" rel=\"nofollow noopener\" target=\"_blank\">los datos de los precios mayoristas de ayer<\/a>, y advierte de que las subidas de costes de las compa\u00f1\u00edas van a trasladarse, m\u00e1s pronto o m\u00e1s temprano, a las familias. \u00abLos republicanos cometer\u00e1n el mismo error que [Joe] Biden si siguen dici\u00e9ndoles a los votantes que todo es maravilloso, pero la realidad de los supermercados les demuestra lo contrario\u00bb, sentencia el medio.<\/p>\n<p>Barclays, por su parte, apunta uno de los motivos por los que la ola inflacionaria no ha sido tan grande como se tem\u00eda: <b>los aranceles reales, por el momento, son menores de lo que calculaban los analistas<\/b>. El hecho de que Trump no haya roto a\u00fan el acuerdo de libre comercio con M\u00e9xico y Canad\u00e1, la larga lista de reducciones y exenciones incluida por el presidente, y la decisi\u00f3n de las empresas de cambiar de proveedores para evitar a China en la medida de lo posible, han hecho que <b>el arancel medio real que se paga sea mucho m\u00e1s bajo de lo que deber\u00eda ser, sobre el papel.<\/b><\/p>\n<p>Hasta julio, apunta el banco, la mitad de las importaciones de EEUU estaban libres de aranceles, por venir desde M\u00e9xico y Canad\u00e1 o ser de productos sobre los que Trump ha mantenido una excepci\u00f3n. As\u00ed, <b>la tasa media pagada en las aduanas fue del 9%, frente al 12% que se hab\u00eda estimado<\/b> inicialmente en base al consumo de importaciones del pa\u00eds el a\u00f1o pasado.<\/p>\n<p>Esa tasa subir\u00e1 en parte con la nueva ronda de aranceles que entraron en vigor la semana pasada. Pero el hecho de que las empresas est\u00e1n buscando todos los resquicios posibles para evitarlos es uno de los motivos por los que la inflaci\u00f3n no est\u00e1 subiendo todo lo que podr\u00eda.<\/p>\n<p>El otro problema para Trump, que ayer se jactaba de \u00abhaber encontrado 30.000 millones de d\u00f3lares en la estanter\u00eda de los aranceles\u00bb, es que <b>no puede recaudar muchos impuestos y, a la vez, incentivar la producci\u00f3n nacional<\/b>: si todo se produjera en EEUU, la recaudaci\u00f3n por los aranceles ser\u00eda de cero.<\/p>\n<p>El hecho de que las empresas est\u00e9n evitando todos los aranceles posibles hace prever que la inflaci\u00f3n no ser\u00e1 tan alta como se tem\u00eda en el primer momento, pero que la recaudaci\u00f3n por estos impuestos tampoco ser\u00e1 tan alta como los republicanos hab\u00edan presupuestado en la reforma fiscal aprobada el mes pasado. Y <a href=\"https:\/\/www.eleconomista.es\/flash\/20250813\/63673\/\" title=\"El d\u00e9ficit de EEUU se dispara un 19% en julio\" rel=\"nofollow noopener\" target=\"_blank\">los datos de d\u00e9ficit publicados esta semana<\/a>, que indican que el descuadre en las cuentas p\u00fablicas de EEUU est\u00e1 creciendo a toda velocidad y <a href=\"https:\/\/www.eleconomista.es\/economia\/noticias\/13503814\/08\/25\/la-deuda-de-estados-unidos-esta-desbocada-ya-supera-en-cantidad-al-pib-de-china-japon-reino-unido-india-y-alemania-juntas.html\" title=\"La deuda de Estados Unidos est\u00e1 desbocada: ya supera en cantidad al PIB de China, Jap\u00f3n, Reino Unido, India y Alemania juntas\" rel=\"nofollow noopener\" target=\"_blank\">la deuda p\u00fablica sigue disparada<\/a>, son otra se\u00f1al de alerta. La econom\u00eda de EEUU ha evitado una crisis en los \u00faltimos a\u00f1os, pero la situaci\u00f3n cada vez se est\u00e1 tensando m\u00e1s.<\/p>\n<p>WhatsApp<a href=\"https:\/\/api.whatsapp.com\/send?text=https:\/\/www.eleconomista.es\/economia\/noticias\/13506241\/08\/25\/los-precios-de-las-importaciones-de-eeuu-estallan-el-sueno-de-trump-los-extranjeros-no-estan-pagando-los-aranceles.html?utm_source%3Dwhatsapp%26utm_medium%3Dshare_button&amp;id=1648118629957_whatsapp\" target=\"_blank\" data-action=\"share\/whatsapp\/share\" aria-label=\"Compartir en Whatsapp\" rel=\"nofollow noopener\"><\/a>Facebook<a id=\"fb-share\" href=\"#\" target=\"_blank\" rel=\"noopener noreferrer\" aria-label=\"Compartir en Facebook\"><\/a>Twitter<a href=\"https:\/\/twitter.com\/share?text=Los+precios+de+las+importaciones+de+EEUU+estallan+el+sue%C3%B1o+de+Trump%3A+los+extranjeros+no+est%C3%A1n+pagando+los+aranceles&amp;url=https:\/\/www.eleconomista.es\/economia\/noticias\/13506241\/08\/25\/los-precios-de-las-importaciones-de-eeuu-estallan-el-sueno-de-trump-los-extranjeros-no-estan-pagando-los-aranceles.html&amp;via=elEconomistaes&amp;id=1648118839245_twitter\" target=\"_blank\" aria-label=\"Compartir en Twitter\" rel=\"nofollow noopener\"><\/a>Linkedin<a href=\"https:\/\/linkedin.com\/share?text=https:\/\/www.eleconomista.es\/economia\/noticias\/13506241\/08\/25\/los-precios-de-las-importaciones-de-eeuu-estallan-el-sueno-de-trump-los-extranjeros-no-estan-pagando-los-aranceles.html&amp;via=elEconomistaes\" target=\"_blank\" aria-label=\"Compartir en linkedin\" rel=\"nofollow noopener\"><\/a>Beloud<a href=\"https:\/\/beloud.com\/share?text=Los+precios+de+las+importaciones+de+EEUU+estallan+el+sue%C3%B1o+de+Trump%3A+los+extranjeros+no+est%C3%A1n+pagando+los+aranceles&amp;url=https:\/\/www.eleconomista.es\/economia\/noticias\/13506241\/08\/25\/los-precios-de-las-importaciones-de-eeuu-estallan-el-sueno-de-trump-los-extranjeros-no-estan-pagando-los-aranceles.html&amp;via=elEconomistaes&amp;id=1648118839245_beloud\" target=\"_blank\" aria-label=\"Compartir en beloud\" rel=\"nofollow noopener\"><\/a>Bluesky<a href=\"https:\/\/bsky.app\/intent\/compose?text=https:\/\/bsky.app\/intent\/compose?text=https:\/\/www.eleconomista.es\/economia\/noticias\/13506241\/08\/25\/los-precios-de-las-importaciones-de-eeuu-estallan-el-sueno-de-trump-los-extranjeros-no-estan-pagando-los-aranceles.html&amp;url=https:\/\/www.eleconomista.es\/economia\/noticias\/13506241\/08\/25\/los-precios-de-las-importaciones-de-eeuu-estallan-el-sueno-de-trump-los-extranjeros-no-estan-pagando-los-aranceles.html&amp;via=elEconomistaes&amp;id=1648118839245_bluesky\" target=\"_blank\" aria-label=\"Compartir en bluesky\" rel=\"nofollow noopener\"><\/a><\/p>\n<p><script async src=\"https:\/\/platform.twitter.com\/widgets.js\" charset=\"utf-8\"><\/script><\/p>\n","protected":false},"excerpt":{"rendered":"Este pasado martes, Donald Trump lo volvi\u00f3 a repetir ante los medios: \u00abLos aranceles los pagan los Gobiernos&hellip;\n","protected":false},"author":2,"featured_media":49716,"comment_status":"","ping_status":"","sticky":false,"template":"","format":"standard","meta":{"footnotes":""},"categories":[80],"tags":[82,5385,95,94,25,24,23],"class_list":{"0":"post-49715","1":"post","2":"type-post","3":"status-publish","4":"format-standard","5":"has-post-thumbnail","7":"category-economia","8":"tag-business","9":"tag-economaa","10":"tag-economia","11":"tag-economy","12":"tag-es","13":"tag-espana","14":"tag-spain"},"share_on_mastodon":{"url":"","error":""},"_links":{"self":[{"href":"https:\/\/www.europesays.com\/es\/wp-json\/wp\/v2\/posts\/49715","targetHints":{"allow":["GET"]}}],"collection":[{"href":"https:\/\/www.europesays.com\/es\/wp-json\/wp\/v2\/posts"}],"about":[{"href":"https:\/\/www.europesays.com\/es\/wp-json\/wp\/v2\/types\/post"}],"author":[{"embeddable":true,"href":"https:\/\/www.europesays.com\/es\/wp-json\/wp\/v2\/users\/2"}],"replies":[{"embeddable":true,"href":"https:\/\/www.europesays.com\/es\/wp-json\/wp\/v2\/comments?post=49715"}],"version-history":[{"count":0,"href":"https:\/\/www.europesays.com\/es\/wp-json\/wp\/v2\/posts\/49715\/revisions"}],"wp:featuredmedia":[{"embeddable":true,"href":"https:\/\/www.europesays.com\/es\/wp-json\/wp\/v2\/media\/49716"}],"wp:attachment":[{"href":"https:\/\/www.europesays.com\/es\/wp-json\/wp\/v2\/media?parent=49715"}],"wp:term":[{"taxonomy":"category","embeddable":true,"href":"https:\/\/www.europesays.com\/es\/wp-json\/wp\/v2\/categories?post=49715"},{"taxonomy":"post_tag","embeddable":true,"href":"https:\/\/www.europesays.com\/es\/wp-json\/wp\/v2\/tags?post=49715"}],"curies":[{"name":"wp","href":"https:\/\/api.w.org\/{rel}","templated":true}]}}