{"id":497324,"date":"2026-04-14T07:19:16","date_gmt":"2026-04-14T07:19:16","guid":{"rendered":"https:\/\/www.europesays.com\/es\/497324\/"},"modified":"2026-04-14T07:19:16","modified_gmt":"2026-04-14T07:19:16","slug":"muere-felipe-staiti-guitarrista-y-fundador-del-grupo-de-rock-argentino-enanitos-verdes","status":"publish","type":"post","link":"https:\/\/www.europesays.com\/es\/497324\/","title":{"rendered":"Muere Felipe Staiti, guitarrista y fundador del grupo de rock argentino Enanitos Verdes"},"content":{"rendered":"<p class=\"mb-4 text-lg md:leading-8 break-words\">Redacci\u00f3n Am\u00e9rica, 13 abr (EFE).- Felipe Staiti, guitarrista y fundador del grupo de rock argentino Enanitos Verdes, muri\u00f3 este lunes a los 64 a\u00f1os tras estar internado en un hospital de Mendoza, inform\u00f3 su m\u00e1nager William Ramirez.<\/p>\n<p class=\"mb-4 text-lg md:leading-8 break-words\">\u00abCon profundo pesar lamentamos el sensible fallecimiento de Felipe Staiti, hist\u00f3rico guitarrista de Enanitos Verdes, gran persona y amigo\u00bb, escribi\u00f3 Ram\u00edrez en la red social Instagram.<\/p>\n<p class=\"mb-4 text-lg md:leading-8 break-words\">\u00abSu talento, entrega y pasi\u00f3n por la m\u00fasica dejaron una huella imborrable en generaciones enteras y en la historia del rock en espa\u00f1ol\u00bb, prosigui\u00f3 el mensaje.<\/p>\n<p class=\"mb-4 text-lg md:leading-8 break-words\">Fundado en 1979, Enanitos Verdes se consagr\u00f3 como un referente del rock latinoamericano, publicando 14 \u00e1lbumes de estudio y cuatro m\u00e1s en vivo y dejando himnos como &#8216;Lamento Boliviano&#8217; y &#8216;La muralla verde&#8217;.<\/p>\n<p class=\"mb-4 text-lg md:leading-8 break-words\">Con la muerte de Staiti, sobrevive el baterista Daniel Piccolo como miembro original de la banda, de la que se retir\u00f3 en 2009, mientras el vocalista y bajista Marciano Cantero falleci\u00f3 en 2022.<\/p>\n<p class=\"mb-4 text-lg md:leading-8 break-words\">(c) Agencia EFE<\/p>\n","protected":false},"excerpt":{"rendered":"Redacci\u00f3n Am\u00e9rica, 13 abr (EFE).- Felipe Staiti, guitarrista y fundador del grupo de rock argentino Enanitos Verdes, muri\u00f3&hellip;\n","protected":false},"author":2,"featured_media":497325,"comment_status":"","ping_status":"","sticky":false,"template":"","format":"standard","meta":{"footnotes":""},"categories":[91],"tags":[995,95379,146,147,25,24,29538,100018,23,100017],"class_list":["post-497324","post","type-post","status-publish","format-standard","has-post-thumbnail","category-entretenimiento","tag-efe","tag-enanitos-verdes","tag-entertainment","tag-entretenimiento","tag-es","tag-espana","tag-guitarrista","tag-rock-en-espanol","tag-spain","tag-staiti"],"share_on_mastodon":{"url":"https:\/\/pubeurope.com\/@es\/116401849522299362","error":""},"_links":{"self":[{"href":"https:\/\/www.europesays.com\/es\/wp-json\/wp\/v2\/posts\/497324","targetHints":{"allow":["GET"]}}],"collection":[{"href":"https:\/\/www.europesays.com\/es\/wp-json\/wp\/v2\/posts"}],"about":[{"href":"https:\/\/www.europesays.com\/es\/wp-json\/wp\/v2\/types\/post"}],"author":[{"embeddable":true,"href":"https:\/\/www.europesays.com\/es\/wp-json\/wp\/v2\/users\/2"}],"replies":[{"embeddable":true,"href":"https:\/\/www.europesays.com\/es\/wp-json\/wp\/v2\/comments?post=497324"}],"version-history":[{"count":0,"href":"https:\/\/www.europesays.com\/es\/wp-json\/wp\/v2\/posts\/497324\/revisions"}],"wp:featuredmedia":[{"embeddable":true,"href":"https:\/\/www.europesays.com\/es\/wp-json\/wp\/v2\/media\/497325"}],"wp:attachment":[{"href":"https:\/\/www.europesays.com\/es\/wp-json\/wp\/v2\/media?parent=497324"}],"wp:term":[{"taxonomy":"category","embeddable":true,"href":"https:\/\/www.europesays.com\/es\/wp-json\/wp\/v2\/categories?post=497324"},{"taxonomy":"post_tag","embeddable":true,"href":"https:\/\/www.europesays.com\/es\/wp-json\/wp\/v2\/tags?post=497324"}],"curies":[{"name":"wp","href":"https:\/\/api.w.org\/{rel}","templated":true}]}}