{"id":497565,"date":"2026-04-14T11:03:23","date_gmt":"2026-04-14T11:03:23","guid":{"rendered":"https:\/\/www.europesays.com\/es\/497565\/"},"modified":"2026-04-14T11:03:23","modified_gmt":"2026-04-14T11:03:23","slug":"asi-es-el-proyecto-de-alvaro-abrines-para-el-misterio-de-la-estrella","status":"publish","type":"post","link":"https:\/\/www.europesays.com\/es\/497565\/","title":{"rendered":"As\u00ed es el proyecto de \u00c1lvaro Abrines para el misterio de La Estrella"},"content":{"rendered":"<p style=\"\">En los \u00faltimos d\u00edas, ha comenzado a circular el proyecto de \u00c1lvaro Abrines para el misterio del Se\u00f1or de las Penas de La Estrella. Las redes sociales han compartido la propuesta del escultor en la que aparecen sayones y romanos en torno a la talla  &#8230; realizada por Jos\u00e9 de Arce en 1655. <\/p>\n<p class=\"v-d-p\" style=\"\">Aunque el proceso para elegir a las nuevas figuras secundarias sigue su camino, se ha &#8216;filtrado&#8217; este conjunto y tambi\u00e9n, se ha conocido por parte de este peri\u00f3dico que Jos\u00e9 Antonio Navarro Arteaga trabaja en otro planteamiento que a\u00fan tiene que conocer la junta de gobierno y un cabildo extraordinario de hermanos. <\/p>\n<p class=\"v-d-p\" style=\"\">Observando las im\u00e1genes que est\u00e1n dando vueltas por los m\u00f3viles y ordenadores, se puede observar c\u00f3mo Abrines plantea una escena que &#8216;envuelve&#8217; al Se\u00f1or de las Penas: dos sayones se encuentran en la delantera del misterio preparando la cruz para crucificar a Jes\u00fas; <strong>la imagen del siglo XVII se eleva sobre un peque\u00f1o mont\u00edculo<\/strong> y detr\u00e1s, otro say\u00f3n dispone el G\u00f3lgota y dos romanos dan \u00f3rdenes en la parte final del paso. <\/p>\n<p class=\"v-d-p\" style=\"\">\u00c1lvaro Abrines tiene una amplia producci\u00f3n en los \u00faltimos a\u00f1os en Andaluc\u00eda destacando obras como <strong>las esculturas de los santos del retablo de la Congregaci\u00f3n de Mena en la parroquia de Santo Domingo de M\u00e1laga<\/strong> o la participaci\u00f3n en el nuevo trono del Santo Entierro de la Vera Cruz de Almog\u00eda. <\/p>\n<p><img decoding=\"async\" loading=\"lazy\" src=\"https:\/\/www.europesays.com\/es\/wp-content\/uploads\/2026\/04\/misterio-de-estrella2-U70273418463UJU-680x476@diario_abc.jpg\" class=\"v-a-img\" width=\"680\" height=\"478\" alt=\"Lateral del proyecto de \u00c1lvaro Abrines para La Estrella\" data-voc-vtm-id=\"in-text-traffic\"\/><\/p>\n<p>Lateral del proyecto de \u00c1lvaro Abrines para La Estrella.<\/p>\n<p>(ABC)<\/p>\n<p class=\"v-d-p\" style=\"\">Volviendo al futuro del misterio de La Estrella, este debate es controvertido en la hermandad desde hace d\u00e9cadas porque ya hubo a principios de este siglo un cabildo general extraordinario donde se tumb\u00f3 el proyecto de Jos\u00e9 Antonio Navarro Arteaga pero el debate ha continuado en el seno de la corporaci\u00f3n. <strong>Las im\u00e1genes que realiz\u00f3 Antonio Castillo Lastrucci no convencen a muchos hermanos ni tampoco a los especialistas en arte<\/strong> ya que \u00abno tienen el nivel suficiente\u00bb  para acompa\u00f1ar a la imagen de Jos\u00e9 de Arce. <\/p>\n","protected":false},"excerpt":{"rendered":"En los \u00faltimos d\u00edas, ha comenzado a circular el proyecto de \u00c1lvaro Abrines para el misterio del Se\u00f1or&hellip;\n","protected":false},"author":2,"featured_media":497566,"comment_status":"","ping_status":"","sticky":false,"template":"","format":"standard","meta":{"footnotes":""},"categories":[173],"tags":[6107,2607,229,233,231,230,232,234,146,147,25,24,14267,6670,5568,23],"class_list":["post-497565","post","type-post","status-publish","format-standard","has-post-thumbnail","category-arte-y-diseno","tag-abrines","tag-alvaro","tag-arte","tag-arte-y-diseno","tag-arts","tag-arts-and-design","tag-design","tag-diseno","tag-entertainment","tag-entretenimiento","tag-es","tag-espana","tag-estrella","tag-misterio","tag-proyecto","tag-spain"],"share_on_mastodon":{"url":"https:\/\/pubeurope.com\/@es\/116402730244362147","error":""},"_links":{"self":[{"href":"https:\/\/www.europesays.com\/es\/wp-json\/wp\/v2\/posts\/497565","targetHints":{"allow":["GET"]}}],"collection":[{"href":"https:\/\/www.europesays.com\/es\/wp-json\/wp\/v2\/posts"}],"about":[{"href":"https:\/\/www.europesays.com\/es\/wp-json\/wp\/v2\/types\/post"}],"author":[{"embeddable":true,"href":"https:\/\/www.europesays.com\/es\/wp-json\/wp\/v2\/users\/2"}],"replies":[{"embeddable":true,"href":"https:\/\/www.europesays.com\/es\/wp-json\/wp\/v2\/comments?post=497565"}],"version-history":[{"count":0,"href":"https:\/\/www.europesays.com\/es\/wp-json\/wp\/v2\/posts\/497565\/revisions"}],"wp:featuredmedia":[{"embeddable":true,"href":"https:\/\/www.europesays.com\/es\/wp-json\/wp\/v2\/media\/497566"}],"wp:attachment":[{"href":"https:\/\/www.europesays.com\/es\/wp-json\/wp\/v2\/media?parent=497565"}],"wp:term":[{"taxonomy":"category","embeddable":true,"href":"https:\/\/www.europesays.com\/es\/wp-json\/wp\/v2\/categories?post=497565"},{"taxonomy":"post_tag","embeddable":true,"href":"https:\/\/www.europesays.com\/es\/wp-json\/wp\/v2\/tags?post=497565"}],"curies":[{"name":"wp","href":"https:\/\/api.w.org\/{rel}","templated":true}]}}