{"id":497955,"date":"2026-04-14T16:58:11","date_gmt":"2026-04-14T16:58:11","guid":{"rendered":"https:\/\/www.europesays.com\/es\/497955\/"},"modified":"2026-04-14T16:58:11","modified_gmt":"2026-04-14T16:58:11","slug":"mitos-y-verdades-de-lamento-boliviano-la-cancion-que-los-enanitos-verdes-convirtieron-en-un-hit-global","status":"publish","type":"post","link":"https:\/\/www.europesays.com\/es\/497955\/","title":{"rendered":"Mitos y verdades de \u201cLamento boliviano\u201d, la canci\u00f3n que Los Enanitos Verdes convirtieron en un hit global"},"content":{"rendered":"<p>Enanitos Verdes &#8211; Lamento boliviano <\/p>\n<p class=\"paragraph\">Hay canciones que nacen con destino incierto y otras que, casi sin propon\u00e9rselo, terminan escribiendo su propia leyenda.<b> <\/b><b>\u201cLamento boliviano\u201d<\/b><b> <\/b>pertenece a ese segundo grupo: <b>una composici\u00f3n que empez\u00f3 en la intimidad m\u00e1s absoluta, con una guitarra apoyada sobre una cama<\/b>, y que con el paso de las d\u00e9cadas se transform\u00f3 en un fen\u00f3meno global. Hoy, convertida en un cl\u00e1sico inoxidable del rock en espa\u00f1ol, super\u00f3 las mil millones de reproducciones en Spotify, una cifra que no hace m\u00e1s que confirmar su impacto cultural, generacional y emocional.<\/p>\n<p class=\"paragraph\">Pero para entender ese recorrido hay que retroceder m\u00e1s de 40 a\u00f1os. La historia no comienza con <b>Los Enanitos Verdes<\/b>, que la popularizaron en su disco <b>Big Bang<\/b> de 1994 sino con Alcohol Et\u00edlico, una banda tambi\u00e9n mendocina que a principios de los \u201980 ya empezaba a delinear un sonido propio. All\u00ed, en 1983, <b>Natalio Faingold<\/b> y<b> Ra\u00fal Federico G\u00f3mez, conocido como Dimi Bass<\/b> le dieron forma a una canci\u00f3n que, en ese entonces, llevaba otro nombre: \u201cSoy como una roca\u201d. El tema ver\u00eda la luz oficialmente en 1987, dentro del disco <b>Envasado en origen<\/b>, y r\u00e1pidamente empezar\u00eda a circular en el circuito local, donde m\u00fasicos, productores y t\u00e9cnicos la identificaban como una pieza distinta, con algo especial.<\/p>\n<p class=\"paragraph\"><b>La conexi\u00f3n entre Alcohol Et\u00edlico y Los Enanitos Verdes no era casual ni circunstancial. <\/b>Hab\u00eda vasos comunicantes concretos: el guitarrista <b>Sergio Embrioni<\/b> form\u00f3 parte de ambas bandas, mientras que<b> Horacio G\u00f3mez<\/b> tambi\u00e9n orbit\u00f3 en ese universo compartido. Esa cercan\u00eda fue clave para que la canci\u00f3n empezara a filtrarse en los ensayos, en las pruebas de sonido, en esos espacios donde muchas veces se definen decisiones art\u00edsticas que luego terminan marcando una carrera.<\/p>\n<p>Natalio Faingold de Alcohol Et\u00edlico explic\u00f3 la creaci\u00f3n de Lamento boliviano\n<\/p>\n<p class=\"paragraph\">\u201cSiempre nos interes\u00f3 tocar en formato tr\u00edo. Cuando arrancamos \u00e9ramos tres, despu\u00e9s a mitad de los \u201880 sumamos a Sergio, cuando tocamos en La Falta (en 1984), y para el segundo disco estuvo el tecladista <b>Tito \u00c1vila<\/b>. Despu\u00e9s de un largo tiempo retomamos la idea de tr\u00edo\u201d, describir\u00eda <b>Marciano Cantero,<\/b> bajista, cantante y l\u00edder de los Enanos, a La Viola en 2021 al reconstruir el ADN de la banda.<\/p>\n<p class=\"paragraph\">En ese recorrido, \u201cLamento boliviano\u201d aparec\u00eda como una presencia constante, casi inevitable. \u201cSergio y Horacio formaron parte de las dos bandas. \u201dLamento&#8230;\u201c era un tema que siempre nos gustaba hacer en las pruebas de sonido. Los t\u00e9cnicos nos dec\u00edan que la ten\u00edamos que grabar\u201d, cont\u00f3 el m\u00fasico fallecido en 2022. <\/p>\n<p class=\"paragraph\">La insistencia externa termin\u00f3 funcionando como confirmaci\u00f3n de una intuici\u00f3n interna. El punto de inflexi\u00f3n lleg\u00f3 en 1994, cuando<b> la banda decidi\u00f3 incluirla en <\/b><b>Big Bang<\/b><b>, <\/b>un disco fundamental en su discograf\u00eda que no solo consolid\u00f3 su popularidad en la Argentina, sino que potenci\u00f3 su llegada a distintos pa\u00edses de Am\u00e9rica Latina ratificando aquel desembarco de mediados de los 80. En ese contexto, el tema encontr\u00f3 el escenario perfecto para desplegar todo su potencial: un estribillo inmediato, una letra cargada de im\u00e1genes y una interpretaci\u00f3n que combinaba melancol\u00eda con potencia.<\/p>\n<p>Alcohol Etilico &#8211; Lamento Boliviano<\/p>\n<p class=\"paragraph\">El proceso de grabaci\u00f3n tambi\u00e9n dej\u00f3 an\u00e9cdotas que alimentan el mito. \u201cCuando probamos la primera toma qued\u00f3 incre\u00edble. A Felipe no le gust\u00f3 como qued\u00f3 el solo. Cuando viajamos a terminarlo a Los \u00c1ngeles, <b>alquilamos unos equipos para regrabarlo y nos enteramos que lo fueron a buscar a la casa de Jeff Beck. Estaba como loco<\/b>\u201d, record\u00f3 Cantero, al aportar una postal inesperada que conecta a la canci\u00f3n con una de las leyendas de la guitarra mundial.<\/p>\n<p class=\"paragraph\">Sin embargo, m\u00e1s all\u00e1 de su recorrido discogr\u00e1fico y su explosi\u00f3n internacional, el verdadero coraz\u00f3n de \u201cLamento boliviano\u201d sigue estando en su origen. Natalio Faingold lo reconstruy\u00f3 con precisi\u00f3n casi cinematogr\u00e1fica en una charla con <b>Bebe Contepomi<\/b>: \u201c<b>Estaba sentado en una cama con una guitarra Fender y de repente empec\u00e9 a tocar los acordes. <\/b>\u00bfViste que dicen que los m\u00fasicos somos a veces como una antena? Me baj\u00f3 el estribillo aquel de \u2018Estoy aqu\u00ed, borracho y loco\u2019. Y despu\u00e9s me fui a dar una ducha, segu\u00ed cant\u00e1ndola, volv\u00ed a la guitarra, me qued\u00f3 la canci\u00f3n y la grab\u00e9 en un casete en esa \u00e9poca. La llev\u00e9 al ensayo: <b>\u2018Mir\u00e1, tengo un tema nuevo, <\/b><b>Borracho y loco<\/b><b> se llama\u2019.<\/b> La grabamos, la tocamos. De ah\u00ed yo me fui en un viaje a Per\u00fa. Cuando vuelvo de Per\u00fa me dice Dimi, el bajista de Alcohol Et\u00edlico, \u2018Mir\u00e1, encontr\u00e9 la canci\u00f3n que dejaste ac\u00e1 en un casete. Le agregu\u00e9 unas cosas\u2019, y lo que le habr\u00eda agregado me encant\u00f3 y ah\u00ed qued\u00f3 armada\u00bb.<\/p>\n<p class=\"paragraph\">Esa l\u00f3gica casi m\u00e1gica, donde la canci\u00f3n \u201caparece\u201d m\u00e1s que construirse, tambi\u00e9n se refleja en su letra. \u201cVos sab\u00e9s que la raz\u00f3n en la creatividad te mata. Entonces, cuando en la creatividad ten\u00e9s la belleza absoluta y ten\u00e9s el caos absoluto, si vos te jug\u00e1s ah\u00ed en ese mundo, est\u00e1 todo bien. Pero cuando introduc\u00eds la raz\u00f3n, que mucha gente piensa que uno puede pensar una letra desde el lugar de razonarla, es cuando jug\u00e1s un poco con la mediocridad. <b>Esta canci\u00f3n sali\u00f3 as\u00ed como espont\u00e1nea, no fue pensada, pero al mismo tiempo dice algo\u00bb<\/b>, explic\u00f3 Faingold, al aportar una clave para entender por qu\u00e9 el tema logr\u00f3 conectar con p\u00fablicos tan diversos.<\/p>\n<p><img alt=\"Cuatro hombres posan con instrumentos musicales (bater\u00eda, guitarras el\u00e9ctricas) y un mueble antiguo en una habitaci\u00f3n r\u00fastica; el logo 'Alcohol Et\u00edlico' se ve en la parte superior\" class=\"global-image\" decoding=\"async\" fetchpriority=\"low\" height=\"662\" loading=\"lazy\" src=\"https:\/\/www.europesays.com\/es\/wp-content\/uploads\/2026\/04\/VCJDMOV5B5CCPCLT4QCE2VHBYQ.jpg\" width=\"687\"\/>Los integrantes de la banda Alcohol Et\u00edlico posan con sus instrumentos en la ic\u00f3nica tapa de su disco.<\/p>\n<p class=\"paragraph\">El cambio de t\u00edtulo tambi\u00e9n tiene su propia historia, atravesada por una experiencia personal. \u201cEl t\u00edtulo surgi\u00f3 por una historia que a m\u00ed me pas\u00f3. Yo ven\u00eda viajando al lado del r\u00edo Urubamba, en Per\u00fa, y de repente, en un vag\u00f3n escuch\u00e9 a alguien cantar algo muy, muy triste. Y yo me acerqu\u00e9 a esa persona y le digo: \u2018\u00bfQu\u00e9 le pasa? \u00bfPor qu\u00e9 est\u00e1 as\u00ed?\u2019, y me dijo: \u2018Perd\u00ed toda la cosecha, he perdido todo\u2019. Estaba cantando la canci\u00f3n y no s\u00e9, eso medio como que influy\u00f3 en el t\u00edtulo\u201d.<\/p>\n<p class=\"paragraph\">Desde otra perspectiva,<b> Dimi Bass tambi\u00e9n aport\u00f3 su mirada sobre el proceso creativo y el contexto cultural en el que surgi\u00f3 la canci\u00f3n<\/b>. En una entrevista con el ciclo Bumerang en 2010, record\u00f3: \u201cUno de los integrantes regres\u00f3 de un viaje a Bolivia y Per\u00fa y nos dijo las cosas que hab\u00eda pasado. Uniendo esas ideas con las cosas que le\u00edamos de Gabriel Garc\u00eda M\u00e1rquez o Las venas abiertas de Am\u00e9rica Latina de <b>Eduardo Galeano<\/b>. Salimos del rock pop y nos metimos con el rock latino. <b>Nosotros lo creamos en Mendoza y Los Enanitos Verdes lo dieron a conocer en todo el mundo<\/b>\u201d.<\/p>\n<p class=\"paragraph\">Ese recorrido explica, en parte, por qu\u00e9 la canci\u00f3n logr\u00f3 trascender su contexto original. No solo fue adoptada por Los Enanitos Verdes como uno de los pilares de su repertorio, sino que luego se convirti\u00f3 en un himno colectivo, de esos que se cantan en estadios, bares, reuniones y viajes. Las lecturas en modo realismo m\u00e1gico en un contexto de fuertes movimientos en la regi\u00f3n hicieron el resto. Casi de un momento para otro, \u201cLamento boliviano\u201d dej\u00f3 de ser una canci\u00f3n para convertirse en una experiencia compartida.<\/p>\n<p class=\"paragraph\">Hoy, mientras sigue sonando en radios y encabezando playlists en plataformas digitales, el dato de las mil millones de reproducciones en Spotify aparece como una s\u00edntesis num\u00e9rica de un fen\u00f3meno mucho m\u00e1s profundo. Porque m\u00e1s all\u00e1 de los rankings, lo que sostiene su vigencia es esa combinaci\u00f3n de espontaneidad, historia y emoci\u00f3n que naci\u00f3, casi sin testigos, en una habitaci\u00f3n cualquiera. Y que, sin pedir permiso, termin\u00f3 conquistando al mundo. Como una iron\u00eda del destino, la reciente muerte de Felipe Staiti deja a la banda hu\u00e9rfana de sus principales integrantes. Pero \u201cLamento boliviano\u201d sonar\u00e1 por siempre, como ese amor no correspondido que encontr\u00f3 revancha en los corazones de un continente. <\/p>\n","protected":false},"excerpt":{"rendered":"Enanitos Verdes &#8211; Lamento boliviano Hay canciones que nacen con destino incierto y otras que, casi sin propon\u00e9rselo,&hellip;\n","protected":false},"author":2,"featured_media":497956,"comment_status":"","ping_status":"","sticky":false,"template":"","format":"standard","meta":{"footnotes":""},"categories":[170],"tags":[1837,100116,3677,146,147,25,24,100,3672,184,185,338,1273,23,100117],"class_list":["post-497955","post","type-post","status-publish","format-standard","has-post-thumbnail","category-musica","tag-album","tag-alcohol-etilico","tag-banda","tag-entertainment","tag-entretenimiento","tag-es","tag-espana","tag-grupo","tag-instrumentos-musicales","tag-music","tag-musica","tag-portada","tag-rock","tag-spain","tag-tapa-de-disco"],"share_on_mastodon":{"url":"https:\/\/pubeurope.com\/@es\/116404126379354556","error":""},"_links":{"self":[{"href":"https:\/\/www.europesays.com\/es\/wp-json\/wp\/v2\/posts\/497955","targetHints":{"allow":["GET"]}}],"collection":[{"href":"https:\/\/www.europesays.com\/es\/wp-json\/wp\/v2\/posts"}],"about":[{"href":"https:\/\/www.europesays.com\/es\/wp-json\/wp\/v2\/types\/post"}],"author":[{"embeddable":true,"href":"https:\/\/www.europesays.com\/es\/wp-json\/wp\/v2\/users\/2"}],"replies":[{"embeddable":true,"href":"https:\/\/www.europesays.com\/es\/wp-json\/wp\/v2\/comments?post=497955"}],"version-history":[{"count":0,"href":"https:\/\/www.europesays.com\/es\/wp-json\/wp\/v2\/posts\/497955\/revisions"}],"wp:featuredmedia":[{"embeddable":true,"href":"https:\/\/www.europesays.com\/es\/wp-json\/wp\/v2\/media\/497956"}],"wp:attachment":[{"href":"https:\/\/www.europesays.com\/es\/wp-json\/wp\/v2\/media?parent=497955"}],"wp:term":[{"taxonomy":"category","embeddable":true,"href":"https:\/\/www.europesays.com\/es\/wp-json\/wp\/v2\/categories?post=497955"},{"taxonomy":"post_tag","embeddable":true,"href":"https:\/\/www.europesays.com\/es\/wp-json\/wp\/v2\/tags?post=497955"}],"curies":[{"name":"wp","href":"https:\/\/api.w.org\/{rel}","templated":true}]}}