{"id":497998,"date":"2026-04-14T17:36:17","date_gmt":"2026-04-14T17:36:17","guid":{"rendered":"https:\/\/www.europesays.com\/es\/497998\/"},"modified":"2026-04-14T17:36:17","modified_gmt":"2026-04-14T17:36:17","slug":"verme-con-los-mejores-en-la-itzulia-me-ha-dado-mucha-confianza","status":"publish","type":"post","link":"https:\/\/www.europesays.com\/es\/497998\/","title":{"rendered":"Verme con los mejores en la Itzulia me ha dado mucha confianza"},"content":{"rendered":"<p class=\"paragraph\">La vida de los ciclistas profesionales de hoy, m\u00e1s si est\u00e1n en equipos top como el UAE, son intensas, no paran. Despu\u00e9s de firmar un top 10 en la Itzulia,<b> Igor Arrieta<\/b> cumpli\u00f3 con la tradici\u00f3n de cenar en una sidrer\u00eda tras la \u00faltima etapa. El domingo y el lunes estuvo en casa, al calor de los suyos, y este martes ya parte a Sierra Nevada para preparar su pr\u00f3ximo objetivo, el Giro.\u00a0<\/p>\n<p class=\"paragraph\"><b>\u00bfC\u00f3mo est\u00e1 despu\u00e9s de la Itzulia?<\/b><\/p>\n<p class=\"paragraph\">Recuperando, todav\u00eda me duelen las piernas porque ha sido una vuelta dur\u00edsima. Ha sido un paliz\u00f3n toda la semana, y el s\u00e1bado igual fue la acumulaci\u00f3n de todo. La dureza, el cansancio y el mal tiempo.<\/p>\n<p class=\"paragraph\"><b>\u00bfC\u00f3mo se ha quedado despu\u00e9s de ser octavo en la general y segundo en una etapa: muy contento, contento o esperaba m\u00e1s?<\/b><\/p>\n<p class=\"paragraph\">Muy contento, porque mi idea no era disputar la general y al final me vi un poco ah\u00ed. El haber aguantado arriba haciendo una buena general despu\u00e9s de haber estado peleando por una etapa es importante para m\u00ed.<\/p>\n<p class=\"paragraph\"><b>Porque al final todos los planes saltan por los aires cuando Del Toro se baja por la ca\u00edda.<\/b><\/p>\n<p class=\"paragraph\">La etapa que se baj\u00f3 del Toro era un d\u00eda para nosotros para la fuga, para que \u00e9l estuviera con Seixas al final.\u00a0<\/p>\n<p class=\"paragraph\"><b>Pero cuando se cay\u00f3, el planteamiento del equipo cambi\u00f3.\u00a0<\/b><\/p>\n<p class=\"paragraph\">Fuimos a por etapas, y viendo que iba bien fui a hacer una buena general.\u00a0<\/p>\n<p class=\"paragraph\"><b>\u00bfQu\u00e9 recuerdo tiene de la etapa de Basauri en la que qued\u00f3 segundo?\u00a0<\/b><\/p>\n<p class=\"paragraph\">Bueno, aunque no ganara.\u00a0<\/p>\n<p class=\"paragraph\"><b>\u00bfLaurance tuvo m\u00e1s pierna?<\/b>\u00a0<\/p>\n<p class=\"paragraph\">M\u00e1s que pierna es que \u00e9l es m\u00e1s r\u00e1pido que yo, tiene un esprint que yo no tengo. Creo que de fuerzas \u00edbamos parecidos, pero \u00e9l es m\u00e1s r\u00e1pido, ya est\u00e1.\u00a0<\/p>\n<p class=\"paragraph\"><b>Usted lanz\u00f3 primero<\/b>.<\/p>\n<p class=\"paragraph\">Sab\u00eda que \u00e9l era m\u00e1s r\u00e1pido que yo, y llegando en el grupo era el favorito. Cuando me fui con \u00e9l sab\u00eda lo que hab\u00eda, si le dejaba arrancar tendr\u00eda a\u00fan menos opciones.\u00a0<\/p>\n<p>Te puede interesar<img decoding=\"async\" loading=\"lazy\" alt=\"Gran Premio Miguel Indur\u00e1in 2026\" width=\"396\" height=\"252\" src=\"https:\/\/www.europesays.com\/es\/wp-content\/uploads\/2026\/04\/69d156e11cca4.r_d.1289-235-2063.jpeg\"\/><\/p>\n<p class=\"paragraph\"><b>\u00bfSe qued\u00f3 muy tocado an\u00edmicamente despu\u00e9s de ser segundo?<\/b><\/p>\n<p class=\"paragraph\">En el momento pasas un rato jodido, porque has tenido la victoria muy cerca. Pero es lo que hay, luego m\u00e1s en fr\u00edo sacas las cosas buenas. Ese d\u00eda le toc\u00f3 ganar a Laurance, otro me tocar\u00e1 a m\u00ed.\u00a0<\/p>\n<p class=\"paragraph\"><b>Y luego las circunstancias han hecho que tenga que pelear una general.\u00a0<\/b><\/p>\n<p class=\"paragraph\">Eso es, las cosas vinieron as\u00ed. Verme entre los mejores de la general ha sido muy bueno, me ha dado confianza en mis posibilidades. Cuando estoy bien no soy Seixas, pero puedo estar disputando esas carreras, o m\u00e1s peque\u00f1as.<\/p>\n<p class=\"paragraph\"><b>\u00bfSe disfruta de esa libertad o es tambi\u00e9n m\u00e1s responsabilidad?\u00a0<\/b><\/p>\n<p class=\"paragraph\">Esta Itzulia la he disfrutado mucho un poco por todo. Porque estaba bien, porque corres en casa, porque te animan mucho&#8230; El verte cerca de los mejores te mete tambi\u00e9n un poco m\u00e1s de presi\u00f3n, pero por quererlo hacer bien. Si te viene un reto as\u00ed, los afrontas y ya est\u00e1.\u00a0<\/p>\n<p class=\"paragraph\"><b>\u00bfQu\u00e9 marcas deja una semana tan intensa?<\/b><\/p>\n<p class=\"paragraph\">Mucho cansancio, pero est\u00e1s unos d\u00edas m\u00e1s tranquilo para recuperar y ya est\u00e1. Aunque ma\u00f1ana (por hoy) me voy a Sierra Nevada con el equipo para preparar en altura el Giro. Estoy cansado, pero recupero esta semana y la que viene ya a preparar a tope.<\/p>\n<p class=\"paragraph\"><b>\u00bfMentalmente agota?\u00a0<\/b><\/p>\n<p class=\"paragraph\">Bueno, desde principio de a\u00f1o sab\u00eda que ten\u00eda este training camp y estaba mentalizado. Por eso despu\u00e9s despu\u00e9s de Par\u00eds-Niza par\u00e9 unos d\u00edas para coger un poco de aire. Y esa frescura quiz\u00e1 es la que me ha permitido hacer una buena Itzulia.<\/p>\n<p class=\"paragraph\"><b>\u00bfQu\u00e9 valoraci\u00f3n le da al rendimiento de este primer bloque de la temporada?<\/b>\u00a0<\/p>\n<p class=\"paragraph\">Yo estoy muy contento de esta primera parte, me pondr\u00eda una buena nota. Solo me ha faltado ganar.\u00a0<\/p>\n<p class=\"paragraph\"><b>\u00bfVe que est\u00e1 creciendo?<\/b><\/p>\n<p class=\"paragraph\"><b\/>S\u00ed. Creo que ese paso adelante que me est\u00e1 pidiendo el equipo lo he dado en cuanto a resultados, pero tambi\u00e9n en respuesta f\u00edsica, mi capacidad de leer la carrera y sobre todo mentalmente c\u00f3mo eres capaz de afrontar situaciones m\u00e1s complicadas.\u00a0<\/p>\n<p class=\"paragraph\"><b>Y ahora tres semanas en altura para preparar bien el Giro.<\/b><\/p>\n<p class=\"paragraph\">S\u00ed, son 18 d\u00edas. Tampoco es que entrenemos a saco, es hacer las cosas bien: descansar, entrenar y comer. Ya llevo cinco a\u00f1os yendo, y ya estoy acostumbrado a concentraciones de estas. Y cuando las haces con el equipo se pasa bien, tampoco es aquello es un monasterio.\u00a0<\/p>\n<p class=\"paragraph\"><b>\u00bfCon qu\u00e9 idea va al Giro?<\/b><\/p>\n<p class=\"paragraph\">Queremos hacerlo bien con Almeida, quiz\u00e1 el a\u00f1o no le ha salido como quer\u00eda pero est\u00e1 bien. Y creo que lo puede hacer muy bien, a ver si le podemos ganar a Vingegaard. El a\u00f1o pasado me gust\u00f3 mucho el Giro.<\/p>\n","protected":false},"excerpt":{"rendered":"La vida de los ciclistas profesionales de hoy, m\u00e1s si est\u00e1n en equipos top como el UAE, son&hellip;\n","protected":false},"author":2,"featured_media":497999,"comment_status":"","ping_status":"","sticky":false,"template":"","format":"standard","meta":{"footnotes":""},"categories":[273],"tags":[3405,313,312,168,25,24,3404,52749,804,23,167,25463],"class_list":["post-497998","post","type-post","status-publish","format-standard","has-post-thumbnail","category-ciclismo","tag-arrieta","tag-ciclismo","tag-cycling","tag-deportes","tag-es","tag-espana","tag-igor","tag-itzulia","tag-mejores","tag-spain","tag-sports","tag-verme"],"share_on_mastodon":{"url":"https:\/\/pubeurope.com\/@es\/116404275612659941","error":""},"_links":{"self":[{"href":"https:\/\/www.europesays.com\/es\/wp-json\/wp\/v2\/posts\/497998","targetHints":{"allow":["GET"]}}],"collection":[{"href":"https:\/\/www.europesays.com\/es\/wp-json\/wp\/v2\/posts"}],"about":[{"href":"https:\/\/www.europesays.com\/es\/wp-json\/wp\/v2\/types\/post"}],"author":[{"embeddable":true,"href":"https:\/\/www.europesays.com\/es\/wp-json\/wp\/v2\/users\/2"}],"replies":[{"embeddable":true,"href":"https:\/\/www.europesays.com\/es\/wp-json\/wp\/v2\/comments?post=497998"}],"version-history":[{"count":0,"href":"https:\/\/www.europesays.com\/es\/wp-json\/wp\/v2\/posts\/497998\/revisions"}],"wp:featuredmedia":[{"embeddable":true,"href":"https:\/\/www.europesays.com\/es\/wp-json\/wp\/v2\/media\/497999"}],"wp:attachment":[{"href":"https:\/\/www.europesays.com\/es\/wp-json\/wp\/v2\/media?parent=497998"}],"wp:term":[{"taxonomy":"category","embeddable":true,"href":"https:\/\/www.europesays.com\/es\/wp-json\/wp\/v2\/categories?post=497998"},{"taxonomy":"post_tag","embeddable":true,"href":"https:\/\/www.europesays.com\/es\/wp-json\/wp\/v2\/tags?post=497998"}],"curies":[{"name":"wp","href":"https:\/\/api.w.org\/{rel}","templated":true}]}}