{"id":49806,"date":"2025-08-15T19:11:06","date_gmt":"2025-08-15T19:11:06","guid":{"rendered":"https:\/\/www.europesays.com\/es\/49806\/"},"modified":"2025-08-15T19:11:06","modified_gmt":"2025-08-15T19:11:06","slug":"el-liv-decide-su-titulo-individual-con-rahm-con-opciones-y-el-drama-de-los-descensos","status":"publish","type":"post","link":"https:\/\/www.europesays.com\/es\/49806\/","title":{"rendered":"El LIV decide su t\u00edtulo individual con Rahm con opciones y el drama de los descensos"},"content":{"rendered":"<p data-start=\"97\" data-end=\"1104\">Parece incre\u00edble, pero a falta de unas horas para la disputa del \u00faltimo torneo que cerrar\u00e1 la clasificaci\u00f3n individual del <strong data-start=\"220\" data-end=\"232\">LIV Golf<\/strong>, <strong data-start=\"234\" data-end=\"246\">Jon Rahm<\/strong> (sin victorias este a\u00f1o) podr\u00eda arrebatarle el t\u00edtulo de la temporada a <strong data-start=\"319\" data-end=\"338\">Joaqu\u00edn Niemann<\/strong> (cinco victorias en 12 torneos), sin valorar el reparto de puntos de la estructura de la gira saudita. El espa\u00f1ol parte con buenas opciones para convertirse por segundo a\u00f1o consecutivo en el ganador de la orden de m\u00e9rito y optar al <strong data-start=\"571\" data-end=\"579\">bono<\/strong> de 18 millones de d\u00f3lares que se embolsar\u00e1 el jugador m\u00e1s regular. Las cuentas son relativamente sencillas: si el chileno termina primero o segundo, se llevar\u00e1 la victoria global; si, por el contrario, cae hasta la tercera posici\u00f3n, las opciones de <strong data-start=\"829\" data-end=\"837\">Rahm<\/strong> ser\u00e1n variadas. Con la victoria en <strong data-start=\"873\" data-end=\"889\">Indian\u00e1polis<\/strong>, <strong data-start=\"891\" data-end=\"899\">Rahm<\/strong> conquistar\u00eda el triunfo siempre que <strong data-start=\"936\" data-end=\"947\">Niemann<\/strong> termine tercero o peor. El l\u00edmite para el triunfo del de <strong data-start=\"1005\" data-end=\"1016\">Barrika<\/strong> ser\u00eda un s\u00e9ptimo puesto, siempre y cuando <strong data-start=\"1059\" data-end=\"1070\">Niemann<\/strong> termine m\u00e1s all\u00e1 del puesto 25.<\/p>\n<blockquote class=\"twitter-tweet\"><p>&#13;<\/p>\n<p dir=\"ltr\" lang=\"en\">The current No.1 team <a href=\"https:\/\/twitter.com\/LegionXIIIgc?ref_src=twsrc%5Etfw\" rel=\"nofollow noopener\" target=\"_blank\">@LegionXIIIgc<\/a> are looking to close the regular season in style \ud83d\ude4c<a href=\"https:\/\/twitter.com\/hashtag\/LIVGolfIndy?src=hash&amp;ref_src=twsrc%5Etfw\" rel=\"nofollow noopener\" target=\"_blank\">#LIVGolfIndy<\/a> <a href=\"https:\/\/t.co\/ltcf3ifhmu\" rel=\"nofollow\">pic.twitter.com\/ltcf3ifhmu<\/a><\/p>\n<p>&#13;<br \/>\n\u2014 LIV Golf (@livgolf_league) <a href=\"https:\/\/twitter.com\/livgolf_league\/status\/1955949582094946433?ref_src=twsrc%5Etfw\" rel=\"nofollow noopener\" target=\"_blank\">August 14, 2025<\/a><\/p><\/blockquote>\n<p data-start=\"1106\" data-end=\"1134\"><strong data-start=\"1106\" data-end=\"1132\">Lucha por no descender<\/strong><\/p>\n<p data-start=\"1136\" data-end=\"1841\">Otro de los grandes puntos de inter\u00e9s del torneo de <strong data-start=\"1188\" data-end=\"1204\">Indian\u00e1polis<\/strong>, que empieza hoy, son los jugadores instalados en la llamada drop zone (m\u00e1s all\u00e1 del puesto 49), que perder\u00edan su contrato con <strong data-start=\"1334\" data-end=\"1346\">LIV Golf<\/strong>. Este a\u00f1o, con la nueva direcci\u00f3n de la gira saudita, ya se anunci\u00f3 que los reglamentos se cumplir\u00e1n a rajatabla. De esta forma, jugadores como el nuevo fichaje de los <strong data-start=\"1515\" data-end=\"1526\">Cleerks<\/strong>, <strong data-start=\"1528\" data-end=\"1549\">Frederik Kjettrup<\/strong>, o <strong data-start=\"1553\" data-end=\"1568\">Anthony Kim<\/strong>, parecen ya condenados a perder su categor\u00eda, y solo les quedar\u00eda el recurso de competir en el <strong data-start=\"1664\" data-end=\"1678\">Asian Tour<\/strong>. En la cuerda floja est\u00e1n <strong data-start=\"1705\" data-end=\"1720\">Ian Poulter<\/strong> y el chileno <strong data-start=\"1734\" data-end=\"1750\">Mito Pereira<\/strong>, y de momento salvado, pero podr\u00eda caer en funci\u00f3n de los resultados <strong data-start=\"1820\" data-end=\"1838\">Henrik Stenson<\/strong>.<\/p>\n<p data-start=\"1843\" data-end=\"1972\">El <strong data-start=\"1846\" data-end=\"1853\">LIV<\/strong> cerrar\u00e1 esta semana su cap\u00edtulo individual y quedar\u00e1 a expensas del \u00faltimo torneo para la clasificaci\u00f3n por equipos.<\/p>\n<p><a style=\"font-size: 14pt; text-align: inherit;\" href=\"https:\/\/elperiodigolf.madridiario.es\/noticia\/430253\/profesionales\/todos-los-marcadores-de-los-mejores-circuitos-del-mundo.html\" rel=\"nofollow noopener\" target=\"_blank\"><strong>VEA LOS RESULTADOS<\/strong><\/a><\/p>\n<p><script async src=\"https:\/\/platform.twitter.com\/widgets.js\" charset=\"utf-8\"><\/script><\/p>\n","protected":false},"excerpt":{"rendered":"Parece incre\u00edble, pero a falta de unas horas para la disputa del \u00faltimo torneo que cerrar\u00e1 la clasificaci\u00f3n&hellip;\n","protected":false},"author":2,"featured_media":49807,"comment_status":"","ping_status":"","sticky":false,"template":"","format":"standard","meta":{"footnotes":""},"categories":[275],"tags":[22272,168,22273,1931,25,24,329,10100,334,1173,330,23,167,2349],"class_list":{"0":"post-49806","1":"post","2":"type-post","3":"status-publish","4":"format-standard","5":"has-post-thumbnail","7":"category-golf","8":"tag-decide","9":"tag-deportes","10":"tag-descensos","11":"tag-drama","12":"tag-es","13":"tag-espana","14":"tag-golf","15":"tag-individual","16":"tag-liv","17":"tag-opciones","18":"tag-rahm","19":"tag-spain","20":"tag-sports","21":"tag-titulo"},"share_on_mastodon":{"url":"","error":""},"_links":{"self":[{"href":"https:\/\/www.europesays.com\/es\/wp-json\/wp\/v2\/posts\/49806","targetHints":{"allow":["GET"]}}],"collection":[{"href":"https:\/\/www.europesays.com\/es\/wp-json\/wp\/v2\/posts"}],"about":[{"href":"https:\/\/www.europesays.com\/es\/wp-json\/wp\/v2\/types\/post"}],"author":[{"embeddable":true,"href":"https:\/\/www.europesays.com\/es\/wp-json\/wp\/v2\/users\/2"}],"replies":[{"embeddable":true,"href":"https:\/\/www.europesays.com\/es\/wp-json\/wp\/v2\/comments?post=49806"}],"version-history":[{"count":0,"href":"https:\/\/www.europesays.com\/es\/wp-json\/wp\/v2\/posts\/49806\/revisions"}],"wp:featuredmedia":[{"embeddable":true,"href":"https:\/\/www.europesays.com\/es\/wp-json\/wp\/v2\/media\/49807"}],"wp:attachment":[{"href":"https:\/\/www.europesays.com\/es\/wp-json\/wp\/v2\/media?parent=49806"}],"wp:term":[{"taxonomy":"category","embeddable":true,"href":"https:\/\/www.europesays.com\/es\/wp-json\/wp\/v2\/categories?post=49806"},{"taxonomy":"post_tag","embeddable":true,"href":"https:\/\/www.europesays.com\/es\/wp-json\/wp\/v2\/tags?post=49806"}],"curies":[{"name":"wp","href":"https:\/\/api.w.org\/{rel}","templated":true}]}}