{"id":49821,"date":"2025-08-15T19:20:10","date_gmt":"2025-08-15T19:20:10","guid":{"rendered":"https:\/\/www.europesays.com\/es\/49821\/"},"modified":"2025-08-15T19:20:10","modified_gmt":"2025-08-15T19:20:10","slug":"los-datos-que-resumen-su-fatidico-agosto","status":"publish","type":"post","link":"https:\/\/www.europesays.com\/es\/49821\/","title":{"rendered":"los datos que resumen su fat\u00eddico agosto"},"content":{"rendered":"<p class=\"article-text\">\n        <strong>Telecinco<\/strong> va camino de firmar el peor mes de su historia en audiencias. Es as\u00ed de duro, pero as\u00ed de cierto. Lo dicen los datos: ahora mismo, el primer canal de <strong>Mediaset<\/strong> apenas promedia un <strong>8.2% de cuota<\/strong>, cuatro d\u00e9cimas menos que en agosto de 2024, que fue cuando marc\u00f3 el que todav\u00eda es, a d\u00eda de hoy, su m\u00ednimo hist\u00f3rico mensual (8.6%). Que lo siga siendo, o no, depender\u00e1 de lo que haga la cadena de Fuencarral durante las pr\u00f3ximas dos semanas, que es el tiempo que tiene por delante para evitar un nuevo r\u00e9cord negativo en su historial.\n    <\/p>\n<p>    <a href=\"https:\/\/www.eldiario.es\/noticias\/exclusiva-hoja-ruta-rtve-tardes-la-1-piramide-vuelta-ciclista-espana-marta-flich-directo-al-grano-nuevo-programa-magacin_1_12529645.html\" data-mrf-recirculation=\"saber-mas\" data-dl-event=\"saber-mas\" rel=\"nofollow noopener\" target=\"_blank\"><\/p>\n<p class=\"know-more__title\">EXCLUSIVA | La hoja de ruta de RTVE para las tardes de La 1: &#8216;La Pir\u00e1mide&#8217;, La Vuelta, y Marta Flich con &#8216;Directo al grano&#8217;<\/p>\n<p>            <img decoding=\"async\" class=\"lazy\" loading=\"lazy\" data-src=\"https:\/\/static.eldiario.es\/clip\/a2aff564-455d-4c65-85bb-93e9ea040618_16-9-aspect-ratio_default_0.jpg\" src=\"data:image\/svg+xml,%3Csvg xmlns=\" http:=\"\" viewbox=\"0 0 880 495\" alt=\"La hoja de ruta de RTVE para las tardes de La 1: 'La Pir\u00e1mide', La Vuelta, y Marta Flich con 'Directo al grano'\"\/><\/p>\n<p>                        <\/a><\/p>\n<p class=\"article-text\">\n        De momento se desconoce si har\u00e1 alg\u00fan movimiento para conseguirlo, pero lo que s\u00ed est\u00e1 claro es que, si finalmente se acaba produciendo este m\u00ednimo, no habr\u00e1 sido casualidad que haya ocurrido en agosto. Al fin y al cabo, hablamos del mes con <strong>menor consumo televisivo<\/strong> de todo el a\u00f1o, pues los espectadores est\u00e1n de vacaciones, siguen menos que nunca su rutina televisiva; y las cadenas, conscientes de ello, optan por programar ofertas &#8216;de segunda&#8217; y guardarse sus mejores bazas para septiembre, coincidiendo con el inicio de la nueva temporada.\n    <\/p>\n<p class=\"article-text\">\n        Esto \u00faltimo hace que la ca\u00edda de audiencia en agosto no sea una cosa exclusiva de Telecinco, que lleva desde 2018 teniendo en agosto su peor mes de cada a\u00f1o. La racha de <strong>Antena 3<\/strong> (12.5% en estos momentos) empieza en 2021, aunque esto no le ha impedido liderar los \u00faltimos cuatro a\u00f1os por encima del 11%. Y <strong>La 1<\/strong> (10.1% actualmente) lleva dos a\u00f1os seguidos tirando de grandes eventos (la vuelta del Grand Prix y el Mundial femenino de f\u00fatbol en 2023, y los Juegos Ol\u00edmpicos de Par\u00eds en 2024) para manterse lejos de la situaci\u00f3n que vivi\u00f3 en agosto de 2022, cuando igual\u00f3 su m\u00ednimo hist\u00f3rico de audiencia (8.1%, el mismo registro que hizo en junio de 2021).\n    <\/p>\n<p>    Las pobres audiencias de Telecinco en agosto<\/p>\n<p class=\"article-text\">\n        Pero a diferencia de sus rivales, Telecinco no tiene un suelto tan alto como Antena 3 ni apuesta tanto por los grandes eventos como La 1, aunque si en julio (9.2%) evit\u00f3 el m\u00ednimo hist\u00f3rico al que se encamina en agosto fue, en gran parte, por la emisi\u00f3n de las eliminatorias del <strong>Mundial de clubes<\/strong>. En cualquier caso, su presente es mucho m\u00e1s complejo que el de la competencia. Lo demuestra que lleve ya cuatro a\u00f1os seguidos sumida en una <strong>larga crisis de audiencia<\/strong>, la cual dio comienzo precisamente en un mes de agosto, el de 2021, que fue cuando vio rota su racha triunfal de 35 meses seguidos liderando. Desde entonces, el canal ha ido de mal en peor, sumando m\u00ednimos hist\u00f3ricos por doquier, ya sean anuales, de temporada o mensuales.\n    <\/p>\n<p>            <img decoding=\"async\" class=\"lazy\" loading=\"lazy\" data-src=\"https:\/\/static.eldiario.es\/clip\/21aa4811-c111-452f-82cb-900d0d93aa31_16-9-discover-aspect-ratio_default_0.jpg\" src=\"data:image\/svg+xml,%3Csvg xmlns=\" http:=\"\" viewbox=\"0 0 1200 675\" alt=\"Imagen promocional de la serie 'Desaparecidos'\"\/><\/p>\n<p class=\"article-text\">\n        Por tanto, lo que le est\u00e1 pasando en agosto es la suma de sus propios problemas y de los que comparte con el resto de cadenas en el mes menos televisivo del a\u00f1o. Dos factores que est\u00e1n castigando sus cifras a lo largo y ancho de su parrilla, pero que se concentan con especial fuerza <strong>en el prime time<\/strong>.\n    <\/p>\n<p class=\"article-text\">\n        En las dos \u00faltimas semanas ha programado ah\u00ed ofertas que no estaban destinadas a conseguir grandes datos de audiencia, pero que aun as\u00ed han rendido por debajo de lo esperado debido a la <strong>desconexi\u00f3n<\/strong> que existe actualmente entre el p\u00fablico y Telecinco. Una desconexi\u00f3n que se resume en estas cifras:\n    <\/p>\n<p class=\"article-text\">\n        <strong>Audiencia de las ofertas de prime time de Telecinco en agosto:<\/strong>\n    <\/p>\n<ul>\n<li>Refrito de De Viernes (viernes 1): <strong>10.1% y 618.000<\/strong><\/li>\n<li>Cine: Operaci\u00f3n Camar\u00f3n (s\u00e1bado 2): <strong>7.2% y 534.000<\/strong><\/li>\n<li>\u00a1All\u00e1 t\u00fa! (domingo 3): <strong>7.6% y 627.000<\/strong><\/li>\n<li>Desaparecidos (lunes 4): <strong>5.8% y 378.000<\/strong><\/li>\n<li>Asesina a sueldo (martes 5): <strong>8.6% y 579.000<\/strong> (estreno)<\/li>\n<li>Cine: El marido de mi hermana (mi\u00e9rcoles 6): <strong>7.3% y 406.000<\/strong><\/li>\n<li>Volando voy (jueves 7): <strong>8.6% y 514.000<\/strong> (final de temporada)<\/li>\n<li>Refrito de De Viernes (viernes 8): <strong>8.6% y 507.000<\/strong><\/li>\n<li>Cine: El cuarto pasajero (s\u00e1bado 9): <strong>5.9% y 410.000<\/strong><\/li>\n<li>\u00a1All\u00e1 t\u00fa! (domingo 10): <strong>7.1% y 587.000<\/strong><\/li>\n<li>Desaparecidos (lunes 11): <strong>5.4% y 331.000<\/strong><\/li>\n<li>Asesina a sueldo (martes 12): <strong>5.2% y 294.000<\/strong><\/li>\n<li>Cine: Desaparecida sin rastro (mi\u00e9rcoles 13): <strong>8.7% y 481.000<\/strong><\/li>\n<\/ul>\n<p class=\"article-text\">\n        <strong>Datos diarios de Telecinco en agosto:<\/strong>\n    <\/p>\n<ul>\n<li>Viernes 1: <strong>9.3%<\/strong><\/li>\n<li>S\u00e1bado 2: <strong>8.2%<\/strong><\/li>\n<li>Domingo 3: <strong>7.5%<\/strong><\/li>\n<li>Lunes 4: <strong>8.7%<\/strong><\/li>\n<li>Martes 5: <strong>9.2%<\/strong><\/li>\n<li>Mi\u00e9rcoles 6: <strong>8.7%<\/strong><\/li>\n<li>Jueves 7: <strong>8.8%<\/strong><\/li>\n<li>Viernes 8: <strong>8.5%<\/strong><\/li>\n<li>S\u00e1bado 9: <strong>6.6%<\/strong><\/li>\n<li>Domingo 10: <strong>7.1%<\/strong><\/li>\n<li>Lunes 11: <strong>8.1%<\/strong><\/li>\n<li>Martes 12: <strong>7.9%<\/strong><\/li>\n<li>Mi\u00e9rcoles 13: <strong>8.9%<\/strong><\/li>\n<\/ul>\n<p class=\"article-text\">\n        Telecinco ha tenido cuatro ofertas de prime time por debajo del 6% de cuota (<strong>Desaparecidos<\/strong> dos veces, <strong>El cuarto pasajero<\/strong> y <strong>Asesina a sueldo<\/strong>), pero solo una por encima del 10% (el primer refrito de <strong>De Viernes<\/strong>). Adem\u00e1s, a\u00fan no ha alcanzado el 10% en ning\u00fan d\u00eda de agosto, resultando especialmente llamativo el dato del s\u00e1bado 9 (6.6%), el <strong>tercer peor d\u00eda de su historia<\/strong>. Por detr\u00e1s solo tiene otros dos, aunque ambos con un asterisco: el 14 de agosto de 2024 (6.1%, coincidiendo con la final Espa\u00f1a-Inglaterra de la Eurocopa masculina de f\u00fatbol, que arras\u00f3 en La 1) y el 1 de enero de 2025 (6.4% coincidiendo con la resaca de las Campanadas, las menos vistas de la historia de Telecinco con un pobre 3.5% durante las uvas).\n    <\/p>\n<p>    Telecinco sufre a la espera de un septiembre clave<\/p>\n<p class=\"article-text\">\n        Llegados a este punto, cabe preguntarse qu\u00e9 puede hacer Telecinco para evitar que agosto de 2025 sea su peor mes hist\u00f3rico. La respuesta no es f\u00e1cil, pues el caso de 2024 no arroja ninguna ayuda. El canal lleg\u00f3 al 12 de agosto con un 8.1% y cerr\u00f3 el mes con un 8.6%, pero aquella subida fue &#8216;trampa&#8217;, pues los <strong>Juegos Ol\u00edmpicos<\/strong> acabaron el d\u00eda 11 y la audiencia que acumulaba La 1 gracias a la cita deportiva (15.6%) mengu\u00f3 mucho los siguientes 20 d\u00edas siguientes (-4.5 puntos) porque no pudo mantener el ritmo ni con 4 estrellas (access) ni con ofertas como la serie Cicatriz<strong> <\/strong>o el programa Los Iglesias: Hermanos a la obra (prime time), permitiendo as\u00ed que Telecinco (+0.5), Antena 3 (+0.8) rascaran algunas d\u00e9cimas a su favor.\n    <\/p>\n<p class=\"article-text\">\n        Ahora no se espera un contexto similar, de ah\u00ed que Telecinco est\u00e9 m\u00e1s obligada que nunca a mover ficha para esquivar el r\u00e9cord negativo hacia el que se encamina. El a\u00f1o pasado, teniendo un prime time muy parecido (mucho cine, alguna serie y varios programas y refritos), prob\u00f3 cosas en otras franjas, como adelantar el estreno de <strong>Babylon Show<\/strong> y de la nueva temporada de <strong>TardeAR<\/strong>, que no comenzaron la primera semana de septiembre, como hubiese sido normal, sino la \u00faltima de agosto, aunque con resultados dispares.\n    <\/p>\n<p class=\"article-text\">\n        En caso de decantarse por esto \u00faltimo, lo m\u00e1s sencillo ser\u00eda adelantar el estreno del <strong>nuevo magac\u00edn de tarde<\/strong> que <a href=\"https:\/\/www.eldiario.es\/vertele\/noticias\/telecinco-anuncia-copresentadores-joaquin-prat-nuevo-magacin-apuesta-cesar-munoz_1_12507197.html\" target=\"_blank\" data-mrf-recirculation=\"links-noticia\" class=\"link\" rel=\"nofollow noopener\">prepara con Joaqu\u00edn Prat<\/a>, aunque todo apunta a que esperar\u00e1 a septiembre para lanzarlo.\n    <\/p>\n<p>            <img decoding=\"async\" class=\"lazy\" loading=\"lazy\" data-src=\"https:\/\/static.eldiario.es\/clip\/2b114b84-9364-40d3-b079-1bd0b8c5b7f1_16-9-discover-aspect-ratio_default_0.jpg\" src=\"data:image\/svg+xml,%3Csvg xmlns=\" http:=\"\" viewbox=\"0 0 1200 675\" alt=\"Joaqu\u00edn Prat, en un posado para Telecinco\"\/><\/p>\n<p class=\"article-text\">\n        Dada esta situaci\u00f3n, la opcion m\u00e1s factible es que adelante el regreso de <strong>De Viernes<\/strong>, como ya hizo con \u00e9xito el a\u00f1o pasado. Tras varias reposiciones estivales, el programa de coraz\u00f3n volvi\u00f3 de vacaciones el 23 de agosto con una entrevista a <strong>Sof\u00eda Suescun<\/strong>, la cual obtuvo <a href=\"https:\/\/www.eldiario.es\/vertele\/audiencias-tv\/viernes-23-agosto-2024-sofia-suescun-maite-galdeano-deviernes-record-historico-los-iglesias-tve_1_11606607.html\" target=\"_blank\" data-mrf-recirculation=\"links-noticia\" class=\"link\" rel=\"nofollow noopener\">un 16.7%<\/a> que a\u00fan hoy es la mejor cuota del formato en su d\u00eda habitual de emisi\u00f3n. A la semana siguiente, la visita de la madre de la influencer, <strong>Maite Galdeano<\/strong>, marc\u00f3 un 16% para seguir con la buena racha. Casualidades de la vida (o no), justo un a\u00f1o despu\u00e9s Sof\u00eda Suescun vuelve a ser noticia; esta vez por su supuesta infidelidad a <strong>Kiko Jim\u00e9nez<\/strong>, lo que significa que el terreno est\u00e1 m\u00e1s que abonado para que De Viernes pueda tirar de ella y trate de echar un cable a Telecinco.\n    <\/p>\n<p class=\"article-text\">\n        Si no se diera el caso y finalmente marcara m\u00ednimo en agosto, el canal de Mediaset apenas tendr\u00eda tiempo para lamentarse por ello, pues en septiembre tambi\u00e9n se va a jugar mucho. Por primera vez en su historia, comenzar\u00e1 un curso emitiendo una nueva edici\u00f3n de <strong>Supervivientes<\/strong> (la segunda de la versi\u00f3n <strong>All Stars<\/strong>, concretamente), con lo cual est\u00e1 dispuesto a tirar de su mejor baza para tratar de cambiar, de una vez por todas, su mala din\u00e1mica.\n    <\/p>\n<p class=\"article-text\">\n        La <a href=\"https:\/\/www.eldiario.es\/vertele\/noticias\/telecinco-reorganizara-mananas-el-programa-de-ana-rosa-vamos-a-ver-patricia-pardo-horarios-mediaset_1_12529550.html\" target=\"_blank\" data-mrf-recirculation=\"links-noticia\" class=\"link\" rel=\"nofollow noopener\">ampliaci\u00f3n de <\/a><a href=\"https:\/\/www.eldiario.es\/vertele\/noticias\/telecinco-reorganizara-mananas-el-programa-de-ana-rosa-vamos-a-ver-patricia-pardo-horarios-mediaset_1_12529550.html\" target=\"_blank\" data-mrf-recirculation=\"links-noticia\" class=\"link\" rel=\"nofollow noopener\">El Programa de Ana Rosa<\/a> y el ya mencionado magac\u00edn de <strong>Joaqu\u00edn Prat<\/strong> son otros movimientos que apuntan en esta direcci\u00f3n. Con el de AR busca reforzar sus ma\u00f1anas, hoy por hoy la franja menos problem\u00e1tica de toda su parrilla diaria. Y con el de Prat, impulsar la que est\u00e1 en el lado contrario, la tarde, que durante el \u00faltimo curso ha sido el principal lastre de la cadena. De hecho, las mayores opciones de crecimiento de Telecinco pasan precisamente por este nuevo programa, del que se espera que tenga un buen rendimiento y repercuta positivamente en <strong>El diario de Jorge<\/strong> y <strong>Ag\u00e1rrate al sill\u00f3n<\/strong>. Sobre todo en el concurso, que est\u00e1 m\u00e1s necesitado de un buen impulso despu\u00e9s de sus primeras semanas en emisi\u00f3n.\n    <\/p>\n<p>    <a href=\"https:\/\/www.eldiario.es\/vertele\/series\/series-semana-sigue-calor-sigue-verano-alien-betty-la-fea-netflix-amazon-prime-video-disney-tini-stoessel-quebranto_1_12532571.html\" data-mrf-recirculation=\"saber-mas-abajo\" data-dl-event=\"saber-mas-abajo\" rel=\"nofollow noopener\" target=\"_blank\"><\/p>\n<p class=\"know-more__title\">Sigue el calor, sigue el verano y siguen las series: las 12 que se estrenan esta semana, de &#8216;Alien&#8217; a &#8216;Betty&#8217;<\/p>\n<p>            <img decoding=\"async\" class=\"lazy\" loading=\"lazy\" data-src=\"https:\/\/static.eldiario.es\/clip\/17cbea47-ffe3-419c-8ef8-077bc6fd26b2_16-9-aspect-ratio_default_0.jpg\" src=\"data:image\/svg+xml,%3Csvg xmlns=\" http:=\"\" viewbox=\"0 0 880 495\" alt=\"Sigue el calor, sigue el verano y siguen las series: las 12 que se estrenan esta semana, de 'Alien' a 'Betty'\"\/><\/p>\n<p>                        <\/a><\/p>\n<p class=\"article-text\">\n        Por supuesto, tambi\u00e9n habr\u00e1 que estar atentos a otros lanzamientos y a otras de las decisiones que Mediaset tomar\u00e1 de manera inminente, como la de mantener <strong>First Dates<\/strong> en Telecinco despu\u00e9s del verano o devolverlo al access de Cuatro. Pero esta, como suele decirse, ser\u00e1 otra historia, porque ahora mismo el objetivo de Telecinco pasa por ganar medio punto en dos semanas para que agosto de 2025 no sea el peor mes en audiencias de sus tres d\u00e9cadas de historia.\n    <\/p>\n","protected":false},"excerpt":{"rendered":"Telecinco va camino de firmar el peor mes de su historia en audiencias. Es as\u00ed de duro, pero&hellip;\n","protected":false},"author":2,"featured_media":49822,"comment_status":"","ping_status":"","sticky":false,"template":"","format":"standard","meta":{"footnotes":""},"categories":[171],"tags":[296,2509,56,1563,146,147,25,24,6971,22275,448,1970,946,11967,6756,23,692,214],"class_list":{"0":"post-49821","1":"post","2":"type-post","3":"status-publish","4":"format-standard","5":"has-post-thumbnail","7":"category-tv","8":"tag-agosto","9":"tag-audiencias","10":"tag-datos","11":"tag-dos","12":"tag-entertainment","13":"tag-entretenimiento","14":"tag-es","15":"tag-espana","16":"tag-evitar","17":"tag-fatidico","18":"tag-historia","19":"tag-mes","20":"tag-peor","21":"tag-resumen","22":"tag-semanas","23":"tag-spain","24":"tag-telecinco","25":"tag-tv"},"share_on_mastodon":{"url":"","error":""},"_links":{"self":[{"href":"https:\/\/www.europesays.com\/es\/wp-json\/wp\/v2\/posts\/49821","targetHints":{"allow":["GET"]}}],"collection":[{"href":"https:\/\/www.europesays.com\/es\/wp-json\/wp\/v2\/posts"}],"about":[{"href":"https:\/\/www.europesays.com\/es\/wp-json\/wp\/v2\/types\/post"}],"author":[{"embeddable":true,"href":"https:\/\/www.europesays.com\/es\/wp-json\/wp\/v2\/users\/2"}],"replies":[{"embeddable":true,"href":"https:\/\/www.europesays.com\/es\/wp-json\/wp\/v2\/comments?post=49821"}],"version-history":[{"count":0,"href":"https:\/\/www.europesays.com\/es\/wp-json\/wp\/v2\/posts\/49821\/revisions"}],"wp:featuredmedia":[{"embeddable":true,"href":"https:\/\/www.europesays.com\/es\/wp-json\/wp\/v2\/media\/49822"}],"wp:attachment":[{"href":"https:\/\/www.europesays.com\/es\/wp-json\/wp\/v2\/media?parent=49821"}],"wp:term":[{"taxonomy":"category","embeddable":true,"href":"https:\/\/www.europesays.com\/es\/wp-json\/wp\/v2\/categories?post=49821"},{"taxonomy":"post_tag","embeddable":true,"href":"https:\/\/www.europesays.com\/es\/wp-json\/wp\/v2\/tags?post=49821"}],"curies":[{"name":"wp","href":"https:\/\/api.w.org\/{rel}","templated":true}]}}