{"id":498704,"date":"2026-04-15T06:08:29","date_gmt":"2026-04-15T06:08:29","guid":{"rendered":"https:\/\/www.europesays.com\/es\/498704\/"},"modified":"2026-04-15T06:08:29","modified_gmt":"2026-04-15T06:08:29","slug":"descubren-que-beltri-diseno-el-gran-hotel-de-cartagena","status":"publish","type":"post","link":"https:\/\/www.europesays.com\/es\/498704\/","title":{"rendered":"Descubren que Beltr\u00ed dise\u00f1\u00f3 el Gran Hotel de Cartagena"},"content":{"rendered":"<p class=\"ft-text\">E<strong>l Gran Hotel de Cartagena<\/strong>\u00a0se construy\u00f3 seg\u00fan el\u00a0<strong>proyecto dise\u00f1ado\u00a0<\/strong>por el arquitecto V<strong>\u00edctor Beltr\u00ed.<\/strong>\u00a0Esta es la conclusi\u00f3n que se extrae de la<a class=\"ft-link ft-link--decoration\" href=\"https:\/\/www.laopiniondemurcia.es\/cartagena\/2026\/04\/10\/conoce-programacion-cultural-viajaras-principios-128967492.html\" rel=\"nofollow noopener\" target=\"_blank\"> exposici\u00f3n La Arquitectura Dibujada<\/a>, que expone en el<strong>\u00a0Archivo Municipal<\/strong>\u00a0los\u00a0<strong>planos in\u00e9ditos\u00a0<\/strong>de este emblem\u00e1tico\u00a0<strong>edificio modernista<\/strong>\u00a0de\u00a0<strong>principios del siglo XX<\/strong>.<\/p>\n<p class=\"ft-text\">La muestra, incluida en el\u00a0<strong>programa Cartagena Modernista<\/strong>\u00a0impulsado por el Ayuntamiento,\u00a0se podr\u00e1<strong>\u00a0visitar gratuitamente<\/strong>\u00a0hasta el pr\u00f3ximo\u00a0<strong>31 de mayo.<\/strong><\/p>\n<p class=\"ft-text\">El concejal delegado de Cultura,\u00a0<strong>Ignacio J\u00e1udenes<\/strong>, celebr\u00f3 que \u00abgracias al gran\u00a0trabajo desarrollado por investigadores y nuestros cronistas,\u00a0el\u00a0<strong>hallazgo de las\u00a0copias de los planos originales\u00a0<\/strong>firmados por<strong>\u00a0V\u00edctor Beltr\u00ed\u00a0<\/strong>pone fin a las<strong>\u00a0dudas\u00a0<\/strong>sobre<strong>\u00a0<\/strong>la autor\u00eda primigenia del proyecto. De esta manera, aunque inicialmente fue<strong>\u00a0dise\u00f1ado por Tom\u00e1s Rico<\/strong>, el arquitecto municipal de la \u00e9poca, finalmente\u00a0<strong>fue concluido\u00a0<\/strong>seg\u00fan los planos de Beltr\u00ed\u00bb.\u00a0<\/p>\n<p class=\"ft-text\">\u00abEs muy significativo que estos\u00a0<strong>dos grandes arquitectos est\u00e9n involucrados en una de las joyas de nuestro modernismo,<\/strong>\u00a0ya que aumente\u00a0todav\u00eda m\u00e1s el prestigio y la espectacularidad que tiene este edificio\u00bb, explic\u00f3 Luis Miguel P\u00e9rez Ad\u00e1n, cronista oficial de Cartagena. \u00abEste tipo de hallazgos nos ayuda a<strong>\u00a0comprender mejor lo que fue el modernismo<\/strong>\u00a0en Cartagena\u00bb, apostill\u00f3.<\/p>\n<p class=\"ft-text\">El hallazgo sali\u00f3 a la luz cuando<strong>\u00a0una serie de investigadores,<\/strong>\u00a0entre los que se encuentra un\u00a0<strong>bisnieto de Celestino Mart\u00ednez<\/strong>,\u00a0promotor y financiador del Gran Hotel, estudiaban en el Archivo de Cartagena\u00a0<strong>una serie de\u00a0documentaci\u00f3n de 1939,<\/strong>\u00a0entre la que se encontraban estas copias de los\u00a0<strong>planos originales de V\u00edctor Beltr\u00ed.\u00a0<\/strong>Adem\u00e1s de estos planos, los\u00a0<strong>visitantes\u00a0<\/strong>podr\u00e1n descubrir algunas<strong>\u00a0maquetas del edificio,\u00a0<\/strong>as\u00ed como fotos de la \u00e9poca.<\/p>\n<p class=\"ft-text\">\u00a0La exposici\u00f3n puede visitarse de lunes a viernes en horario de ma\u00f1ana, de 9.00 a 13.45 horas, mientras que los martes ampliar\u00e1 su apertura tambi\u00e9n por la tarde, con acceso de 17.00 a 19.45 horas.<\/p>\n<p class=\"ft-text\">La muestra<strong>\u00a0<\/strong>se enmarca<strong>\u00a0<\/strong>en<strong>\u00a0Cartagena Modernista,\u00a0<\/strong>una\u00a0<strong>nueva programaci\u00f3n cultural<\/strong>\u00a0impulsada por e<strong>l Ayuntamiento<\/strong>\u00a0que incluye<strong>\u00a0exposiciones, rutas guiadas, visitas teatralizadas, talleres, actividades educativas\u00a0<\/strong>y<strong>\u00a0espect\u00e1culos inspirados<\/strong>\u00a0en c\u00f3mo era la<strong>\u00a0ciudad portuaria de comienzos del siglo XX.<\/strong>\u00a0<\/p>\n","protected":false},"excerpt":{"rendered":"El Gran Hotel de Cartagena\u00a0se construy\u00f3 seg\u00fan el\u00a0proyecto dise\u00f1ado\u00a0por el arquitecto V\u00edctor Beltr\u00ed.\u00a0Esta es la conclusi\u00f3n que se&hellip;\n","protected":false},"author":2,"featured_media":498705,"comment_status":"","ping_status":"","sticky":false,"template":"","format":"standard","meta":{"footnotes":""},"categories":[173],"tags":[801,229,233,231,230,100213,209,5213,232,234,146,147,25,24,2003,3956,206,4193,23],"class_list":["post-498704","post","type-post","status-publish","format-standard","has-post-thumbnail","category-arte-y-diseno","tag-arquitectura","tag-arte","tag-arte-y-diseno","tag-arts","tag-arts-and-design","tag-beltri","tag-cultura","tag-descubren","tag-design","tag-diseno","tag-entertainment","tag-entretenimiento","tag-es","tag-espana","tag-exposicion","tag-gran","tag-hotel","tag-siglo-xx","tag-spain"],"share_on_mastodon":{"url":"https:\/\/pubeurope.com\/@es\/116407232542505320","error":""},"_links":{"self":[{"href":"https:\/\/www.europesays.com\/es\/wp-json\/wp\/v2\/posts\/498704","targetHints":{"allow":["GET"]}}],"collection":[{"href":"https:\/\/www.europesays.com\/es\/wp-json\/wp\/v2\/posts"}],"about":[{"href":"https:\/\/www.europesays.com\/es\/wp-json\/wp\/v2\/types\/post"}],"author":[{"embeddable":true,"href":"https:\/\/www.europesays.com\/es\/wp-json\/wp\/v2\/users\/2"}],"replies":[{"embeddable":true,"href":"https:\/\/www.europesays.com\/es\/wp-json\/wp\/v2\/comments?post=498704"}],"version-history":[{"count":0,"href":"https:\/\/www.europesays.com\/es\/wp-json\/wp\/v2\/posts\/498704\/revisions"}],"wp:featuredmedia":[{"embeddable":true,"href":"https:\/\/www.europesays.com\/es\/wp-json\/wp\/v2\/media\/498705"}],"wp:attachment":[{"href":"https:\/\/www.europesays.com\/es\/wp-json\/wp\/v2\/media?parent=498704"}],"wp:term":[{"taxonomy":"category","embeddable":true,"href":"https:\/\/www.europesays.com\/es\/wp-json\/wp\/v2\/categories?post=498704"},{"taxonomy":"post_tag","embeddable":true,"href":"https:\/\/www.europesays.com\/es\/wp-json\/wp\/v2\/tags?post=498704"}],"curies":[{"name":"wp","href":"https:\/\/api.w.org\/{rel}","templated":true}]}}