{"id":49891,"date":"2025-08-15T19:59:09","date_gmt":"2025-08-15T19:59:09","guid":{"rendered":"https:\/\/www.europesays.com\/es\/49891\/"},"modified":"2025-08-15T19:59:09","modified_gmt":"2025-08-15T19:59:09","slug":"el-danes-asger-paaske-del-torres-sobato-se-impone-en-solitario-en-el-gp-san-lorenzo","status":"publish","type":"post","link":"https:\/\/www.europesays.com\/es\/49891\/","title":{"rendered":"El dan\u00e9s Asger Paaske, del Torres Sobato, se impone en solitario en el GP San Lorenzo"},"content":{"rendered":"<p class=\"paragraph\">Hubo alegr\u00eda oscense en el Gran Premio San Lorenzo de ciclismo, que alcanzaba su 72 edici\u00f3n. <b>El dan\u00e9s Asger Paaske Frederiksen, del equipo local Torres Sobato, se impuso en solitario con inteligencia y fuerza<\/b> con un tiempo de 1:38:37 en las treinta vueltas al ya habitual circuito de los \u00faltimos a\u00f1os con salida y meta en Avenida Monreal y paso por el trasmuro y por Lucas Mallada.\u00a0<\/p>\n<p class=\"paragraph\"><b>Se escap\u00f3 cuando apenas quedaban cinco de las treinta vueltas de las que constaba la prueba y tom\u00f3 r\u00e1pidamente una ventaja de 15 segundos<\/b> con el pelot\u00f3n algo anestesiado. Le cost\u00f3 reaccionar y faltaron decisi\u00f3n o fuerzas detr\u00e1s y Asger Paaske fue capaz de mantener esa peque\u00f1a renta para alcanzar en solitario la meta en la Avenida Monreal. Por detr\u00e1s sus compa\u00f1eros de equipos hicieron una notable labor de control en el pelot\u00f3n, baj\u00e1ndole las revoluciones desde la cabeza.<\/p>\n<p class=\"paragraph\"><b>Completaron el podio masculino\u00a0 final Be\u00f1at Garaiar, del Telco, y Joan Cadena, del High Level, encabezando un pelot\u00f3n que lleg\u00f3 4 segundos<\/b> por detr\u00e1s del vencedor de la prueba.<\/p>\n<p class=\"paragraph\"><b>El gran animador de una carrera disputada bajo un intenso calor, fue el puertorrique\u00f1o del Controlpack, Cristopher Morales,<\/b> que se escap\u00f3 pronto y manej\u00f3 durante batantes vueltas una renta superior a los veinte segundos. Pero quedaba mucho tramo por delante y el pelot\u00f3n no se puso nervioso ni forz\u00f3 la m\u00e1quina. La prueba fue perdiendo unidades, por los doblados que se vieron obligados a retirarse (acabar\u00edan 33 de los 74 que tomaron la salida). Un pelot\u00f3n numeroso rodaba a buen ritmo y apenas hab\u00eda escarceos ni intentos de salto, salvo el citado de Morales.<\/p>\n<p class=\"paragraph\">Pero acab\u00f3 cayendo como fruta madura antes de que se llegaran\u00a0 los momentos decisivos. En la vuelta veinte fue atrapado y qued\u00f3 un grupo de 14 y poco detr\u00e1s uno de 17, que pronto se juntar\u00edan.<\/p>\n<p class=\"paragraph\"><b>La participaci\u00f3n oscenses del Huesca La Magia y el Torres Sobato era numerosa y muy significativa <\/b>y ambos ten\u00edan corredores para intentarlo en ese final. Lo intent\u00f3 Pablo Jaray por parta del Huesca La Magia, pero dur\u00f3 poco m\u00e1s de un suspiro.\u00a0<\/p>\n<p class=\"paragraph\">Aager Paaske Frederiksen empez\u00f3 a dejarse ver cada vez m\u00e1s por la cabeza y salt\u00f3 cuando ya quedaba poco. Fu un hachazo r\u00e1pido y en apenas un giro al circuito tom\u00f3 quince segundos de renta. Con apenas tres vueltas por delante el pelot\u00f3n necesitaba reaccionar de forma inmediata. No lo hizo e incluso el Torres se permiti\u00f3 poner en cabeza corredores para entorpecer esa labor. A falta de dos vueltas la suerte estaba casi echada y Frederiksen no fall\u00f3, llev\u00e1ndose el premio gordo.<\/p>\n<p class=\"paragraph\"><b>Se mostr\u00f3 feliz del triunfo y destac\u00f3 que se hab\u00eda encontrado con \u00abbuenas piernas\u00bb y muy c\u00f3modo toda la carrera<\/b> y que hab\u00eda decidido atacar cerca del final, sabedor de que \u00aben un esprint no ten\u00eda oportunidades\u00bb Agradeci\u00f3 la labor de sus compa\u00f1eros por detr\u00e1s frenando el pelot\u00f3n y destac\u00f3 la importancia para el Torres de este triunfol. En el mismo sentido se pronunci\u00f3 el manager del equipo, Adri\u00e1n Barcel\u00f3, que record\u00f3 que hab\u00eda \u00abmucho trabajo detr\u00e1s\u00bb y que hab\u00eda sido un gran d\u00eda ganando en Huesca.<\/p>\n<p>        <img decoding=\"async\" loading=\"lazy\" width=\"640\" alt=\"POdio de la prueba femenina.\" height=\"383\" src=\"https:\/\/imagenes.diariodelaltoaragon.es\/files\/image_640_auto\/uploads\/imagenes\/2025\/08\/15\/whatsapp-image-2025-08-15-at-14-02-55.jpeg\" data-full-src=\"https:\/\/www.europesays.com\/es\/wp-content\/uploads\/2025\/08\/whatsapp-image-2025-08-15-at-14-02-55.jpeg\"\/><\/p>\n<p>    POdio de la prueba femenina.VERONICA LACASA<\/p>\n<p class=\"paragraph\"><b>En la carrera femenina la victoria al esprint fue para Laia Bosch, del Massi, <\/b>que se impuso con relativa claridad a Goretti Sesma y a Paula Barrios. En esta prueba hubo una selecci\u00f3n que fue eliminando corredoras, pero se mantuvo un pelot\u00f3n que fue el que se acabar\u00eda jugando la victoria final.<\/p>\n","protected":false},"excerpt":{"rendered":"Hubo alegr\u00eda oscense en el Gran Premio San Lorenzo de ciclismo, que alcanzaba su 72 edici\u00f3n. El dan\u00e9s&hellip;\n","protected":false},"author":2,"featured_media":49892,"comment_status":"","ping_status":"","sticky":false,"template":"","format":"standard","meta":{"footnotes":""},"categories":[273],"tags":[313,312,168,25,24,22292,15265,1494,22293,8155,23,167],"class_list":{"0":"post-49891","1":"post","2":"type-post","3":"status-publish","4":"format-standard","5":"has-post-thumbnail","7":"category-ciclismo","8":"tag-ciclismo","9":"tag-cycling","10":"tag-deportes","11":"tag-es","12":"tag-espana","13":"tag-frederiksen","14":"tag-impone","15":"tag-lorenzo","16":"tag-sobato","17":"tag-solitario","18":"tag-spain","19":"tag-sports"},"share_on_mastodon":{"url":"","error":""},"_links":{"self":[{"href":"https:\/\/www.europesays.com\/es\/wp-json\/wp\/v2\/posts\/49891","targetHints":{"allow":["GET"]}}],"collection":[{"href":"https:\/\/www.europesays.com\/es\/wp-json\/wp\/v2\/posts"}],"about":[{"href":"https:\/\/www.europesays.com\/es\/wp-json\/wp\/v2\/types\/post"}],"author":[{"embeddable":true,"href":"https:\/\/www.europesays.com\/es\/wp-json\/wp\/v2\/users\/2"}],"replies":[{"embeddable":true,"href":"https:\/\/www.europesays.com\/es\/wp-json\/wp\/v2\/comments?post=49891"}],"version-history":[{"count":0,"href":"https:\/\/www.europesays.com\/es\/wp-json\/wp\/v2\/posts\/49891\/revisions"}],"wp:featuredmedia":[{"embeddable":true,"href":"https:\/\/www.europesays.com\/es\/wp-json\/wp\/v2\/media\/49892"}],"wp:attachment":[{"href":"https:\/\/www.europesays.com\/es\/wp-json\/wp\/v2\/media?parent=49891"}],"wp:term":[{"taxonomy":"category","embeddable":true,"href":"https:\/\/www.europesays.com\/es\/wp-json\/wp\/v2\/categories?post=49891"},{"taxonomy":"post_tag","embeddable":true,"href":"https:\/\/www.europesays.com\/es\/wp-json\/wp\/v2\/tags?post=49891"}],"curies":[{"name":"wp","href":"https:\/\/api.w.org\/{rel}","templated":true}]}}