{"id":49924,"date":"2025-08-15T20:21:09","date_gmt":"2025-08-15T20:21:09","guid":{"rendered":"https:\/\/www.europesays.com\/es\/49924\/"},"modified":"2025-08-15T20:21:09","modified_gmt":"2025-08-15T20:21:09","slug":"aryna-sabalenka-toca-fondo-en-cincinnati","status":"publish","type":"post","link":"https:\/\/www.europesays.com\/es\/49924\/","title":{"rendered":"Aryna Sabalenka toca fondo en Cincinnati"},"content":{"rendered":"<p class=\"parrafo\"><strong>La n\u00famero 1 del mundo del tenis femenino no pasa ni mucho menos por su mejor momento<\/strong>. Tras ausentarse del WTA 1000 de Canad\u00e1 para descansar y <strong>llegar m\u00e1s fresca al US Open<\/strong>, Aryna Sabalenka <a href=\"https:\/\/www.estadiodeportivo.com\/tenis\/gauff-confirma-desafio-sabalenka-swiatek-20250815-507930.html\" target=\"_blank\" class=\"intext-link\" rel=\"nofollow noopener\">se plant\u00f3 en Cincinnati<\/a> con dos objetivos, el primero de ellos el de coger forma de cara a revalidar su corona en Flushing Meadows; y segundo, ganar, porque <a href=\"https:\/\/www.estadiodeportivo.com\/tenis\/sabalenka-peor-final-sueno-bouzas-20250814-507786.html\" target=\"_blank\" class=\"intext-link\" rel=\"nofollow noopener\">un animal competitivo de ese calibre no sabe hacer otra cosa<\/a>. No obstante, la realidad le ha pasado por encima con mucha virulencia en forma de dura derrota ante <strong>Elena Rybakina<\/strong>.<\/p>\n<p>Noticias Relacionadas<\/p>\n<p class=\"parrafo\">En los cuartos de final del evento de Ohio, Aryna no se present\u00f3 a tiempo, pues <strong>desde el primer minuto qued\u00f3 m\u00e1s que claro que la kazaja estaba un paso por delante<\/strong>. Tanto que le bastaron <strong>apenas 29 minutos<\/strong> para que el primer set estuviera, por un claro 6 a 1, en el zurr\u00f3n de la novena cabeza de serie, que parec\u00eda tener pie y medio en semifinales.<\/p>\n<p><img decoding=\"async\" src=\"https:\/\/www.europesays.com\/es\/wp-content\/uploads\/2025\/08\/f102f03e-f7d6-46df-b4bd-d73c4e53f2a9_800x450.jpeg\" loading=\"lazy\"\/><\/p>\n<p class=\"parrafo\">Y aunque en el siguiente parcial la cosa mejor\u00f3, no fue suficiente. En el tercer juego ya ten\u00eda Rybakina un &#8216;break&#8217; de ventaja lo que auguraba lo que termin\u00f3 pasando, que iba a ganar el partido. Pese a que <strong>tuvo oportunidades para darle la vuelta, el saque de Elena en los momentos clave fue demasiado<\/strong> y termin\u00f3 certificando la victoria con <strong>un contundente 6-1 y 6-4 en apenas 76 minutos de juego<\/strong>. Ahora se medir\u00e1 por un puesto en la final a una de las tenistas m\u00e1s en forma del planeta tenis, Iga Swiatek.<\/p>\n<p><a class=\"elementos-rel-t2\" href=\"https:\/\/www.estadiodeportivo.com\/tenis\/gauff-confirma-desafio-sabalenka-swiatek-20250815-507930.html\" title=\"Gauff confirma el desaf\u00edo a Sabalenka y Swiatek\" rel=\"nofollow noopener\" target=\"_blank\">Gauff confirma el desaf\u00edo a Sabalenka y Swiatek<img decoding=\"async\" src=\"https:\/\/www.europesays.com\/es\/wp-content\/uploads\/2025\/08\/c0d84140-bc33-42fe-a1be-44bc587646af_320x180.jpeg\" alt=\"Gauff confirma el desaf\u00edo a Sabalenka y Swiatek\"\/><\/a><a class=\"elementos-rel-t2\" href=\"https:\/\/www.estadiodeportivo.com\/tenis\/tirania-jannik-sinner-alcanza-nuevo-nivel-cincinnati-20250815-507913.html\" title=\"La tiran\u00eda de Jannik Sinner alcanza un nuevo nivel en Cincinnati\" rel=\"nofollow noopener\" target=\"_blank\">La tiran\u00eda de Jannik Sinner alcanza un nuevo nivel en Cincinnati<img decoding=\"async\" src=\"https:\/\/www.europesays.com\/es\/wp-content\/uploads\/2025\/08\/b5636329-7ec4-46ff-ab51-93efa1fb79b9_320x180.jpeg\" alt=\"La tiran\u00eda de Jannik Sinner alcanza un nuevo nivel en Cincinnati\"\/><\/a><a class=\"elementos-rel-t2\" href=\"https:\/\/www.estadiodeportivo.com\/tenis\/carga-otro-top-ten-consolida-gran-historia-del-masters-1000-cincinnati-20250815-507919.html\" title=\"Se carga a otro top ten y consolida la gran historia del Masters 1000 de Cincinnati\" rel=\"nofollow noopener\" target=\"_blank\">Se carga a otro top ten y consolida la gran historia del Masters 1000 de Cincinnati<img decoding=\"async\" src=\"https:\/\/www.europesays.com\/es\/wp-content\/uploads\/2025\/08\/5d240bea-adaa-4ebd-ba16-419c779a486f_320x180.jpeg\" alt=\"Se carga a otro top ten y consolida la gran historia del Masters 1000 de Cincinnati\"\/><\/a>Iga Swiatek saca el rodillo en Cincinnati<\/p>\n<p class=\"parrafo\">M\u00e1s all\u00e1 de lo sucedido con Sabalenka, <strong>muy distinto es lo que ha mostrado la actual n\u00famero 3 del mundo<\/strong> y ganadora de Wimbledon hace unas semanas, Iga Swiatek. La polaca <strong>viene de perder la semana pasada en Toronto<\/strong>, pero estos d\u00edas en Ohio ha puesto la directa. Tanto que ya est\u00e1 en semifinales, adem\u00e1s de conseguirlo con solvencia, <strong>superando a Anna Kalinskaya en dos sets, por un doble 6 a 3 <\/strong>que refleja a la perfecci\u00f3n en que estado de forma est\u00e1. Iga tiene el saque en un momento muy dulce, sin conceder roturas y desde el fondo de pista ha vuelto a ser la jugadora agresiva y aguerrida que fue tanto tiempo. Sin perder un solo set y con un tenis como el de sus mejores momentos, la de Varsovia se postula como <strong>una de las grandes favoritas al t\u00edtulo<\/strong>.<\/p>\n","protected":false},"excerpt":{"rendered":"La n\u00famero 1 del mundo del tenis femenino no pasa ni mucho menos por su mejor momento. Tras&hellip;\n","protected":false},"author":2,"featured_media":49925,"comment_status":"","ping_status":"","sticky":false,"template":"","format":"standard","meta":{"footnotes":""},"categories":[274],"tags":[5574,168,22302,25,24,284,22303,23,167,327,326,3123],"class_list":{"0":"post-49924","1":"post","2":"type-post","3":"status-publish","4":"format-standard","5":"has-post-thumbnail","7":"category-tenis","8":"tag-aryna-sabalenka","9":"tag-deportes","10":"tag-elena-rybakina","11":"tag-es","12":"tag-espana","13":"tag-estadio-deportivo","14":"tag-iga-swiatek","15":"tag-spain","16":"tag-sports","17":"tag-tenis","18":"tag-tennis","19":"tag-wta"},"share_on_mastodon":{"url":"","error":""},"_links":{"self":[{"href":"https:\/\/www.europesays.com\/es\/wp-json\/wp\/v2\/posts\/49924","targetHints":{"allow":["GET"]}}],"collection":[{"href":"https:\/\/www.europesays.com\/es\/wp-json\/wp\/v2\/posts"}],"about":[{"href":"https:\/\/www.europesays.com\/es\/wp-json\/wp\/v2\/types\/post"}],"author":[{"embeddable":true,"href":"https:\/\/www.europesays.com\/es\/wp-json\/wp\/v2\/users\/2"}],"replies":[{"embeddable":true,"href":"https:\/\/www.europesays.com\/es\/wp-json\/wp\/v2\/comments?post=49924"}],"version-history":[{"count":0,"href":"https:\/\/www.europesays.com\/es\/wp-json\/wp\/v2\/posts\/49924\/revisions"}],"wp:featuredmedia":[{"embeddable":true,"href":"https:\/\/www.europesays.com\/es\/wp-json\/wp\/v2\/media\/49925"}],"wp:attachment":[{"href":"https:\/\/www.europesays.com\/es\/wp-json\/wp\/v2\/media?parent=49924"}],"wp:term":[{"taxonomy":"category","embeddable":true,"href":"https:\/\/www.europesays.com\/es\/wp-json\/wp\/v2\/categories?post=49924"},{"taxonomy":"post_tag","embeddable":true,"href":"https:\/\/www.europesays.com\/es\/wp-json\/wp\/v2\/tags?post=49924"}],"curies":[{"name":"wp","href":"https:\/\/api.w.org\/{rel}","templated":true}]}}