{"id":49926,"date":"2025-08-15T20:22:10","date_gmt":"2025-08-15T20:22:10","guid":{"rendered":"https:\/\/www.europesays.com\/es\/49926\/"},"modified":"2025-08-15T20:22:10","modified_gmt":"2025-08-15T20:22:10","slug":"ciclista-de-56-anos-herido-tras-caer-20-metros-en-el-pantano-de-irabia","status":"publish","type":"post","link":"https:\/\/www.europesays.com\/es\/49926\/","title":{"rendered":"Ciclista de 56 a\u00f1os herido tras caer 20 metros en el pantano de Irabia"},"content":{"rendered":"<p>Un <a href=\"https:\/\/navarra.okdiario.com\/articulo\/sucesos\/susto-rio-arga-paso-pamplona-ciclista-cae-agua-bicicleta\/20250705121512601453.html\" rel=\"nofollow noopener\" target=\"_blank\"><strong>ciclista<\/strong><\/a> de 56 a\u00f1os ha resultado herido este jueves tras <a href=\"https:\/\/navarra.okdiario.com\/articulo\/sucesos\/ciclista-herido-grave-sufrir-caida-comarca-pamplona\/20250608174050597220.html\" rel=\"nofollow noopener\" target=\"_blank\">caer desde unos <strong>20 metros de altura<\/strong><\/a> cerca de la presa del <strong>pantano de Irabia<\/strong>, en Orbaizeta.<\/p>\n<p>El suceso se produjo pasadas las 18 horas y <strong>moviliz\u00f3 un amplio operativo de rescate<\/strong>. La sala de emergencias de SOS Navarra recibi\u00f3 el aviso a las 18:12 horas.\u00a0<\/p>\n<p>A partir de ese momento,\u00a0se desplazaron al lugar <strong>bomberos de Burguete<\/strong>, el <strong>Grupo de Rescate T\u00e9cnico (GRT)<\/strong>, un helic\u00f3ptero de rescate, un equipo m\u00e9dico de Burguete y una ambulancia de Soporte Vital Avanzado. Tambi\u00e9n intervino la <strong>Polic\u00eda Foral<\/strong> para coordinar la actuaci\u00f3n en la zona.<\/p>\n<p>El ciclista, que sufri\u00f3 un <strong>traumatismo craneoencef\u00e1lico<\/strong> y un posible traumatismo en una pierna, fue evacuado en helic\u00f3ptero y trasladado al <strong>Hospital Universitario de Navarra<\/strong>, donde permanece ingresado con pron\u00f3stico reservado.<\/p>\n","protected":false},"excerpt":{"rendered":"Un ciclista de 56 a\u00f1os ha resultado herido este jueves tras caer desde unos 20 metros de altura&hellip;\n","protected":false},"author":2,"featured_media":49927,"comment_status":"","ping_status":"","sticky":false,"template":"","format":"standard","meta":{"footnotes":""},"categories":[273],"tags":[4343,313,2838,312,168,25,24,11225,22304,23,167],"class_list":{"0":"post-49926","1":"post","2":"type-post","3":"status-publish","4":"format-standard","5":"has-post-thumbnail","7":"category-ciclismo","8":"tag-bomberos","9":"tag-ciclismo","10":"tag-ciclistas","11":"tag-cycling","12":"tag-deportes","13":"tag-es","14":"tag-espana","15":"tag-heridos","16":"tag-policia-foral","17":"tag-spain","18":"tag-sports"},"share_on_mastodon":{"url":"","error":""},"_links":{"self":[{"href":"https:\/\/www.europesays.com\/es\/wp-json\/wp\/v2\/posts\/49926","targetHints":{"allow":["GET"]}}],"collection":[{"href":"https:\/\/www.europesays.com\/es\/wp-json\/wp\/v2\/posts"}],"about":[{"href":"https:\/\/www.europesays.com\/es\/wp-json\/wp\/v2\/types\/post"}],"author":[{"embeddable":true,"href":"https:\/\/www.europesays.com\/es\/wp-json\/wp\/v2\/users\/2"}],"replies":[{"embeddable":true,"href":"https:\/\/www.europesays.com\/es\/wp-json\/wp\/v2\/comments?post=49926"}],"version-history":[{"count":0,"href":"https:\/\/www.europesays.com\/es\/wp-json\/wp\/v2\/posts\/49926\/revisions"}],"wp:featuredmedia":[{"embeddable":true,"href":"https:\/\/www.europesays.com\/es\/wp-json\/wp\/v2\/media\/49927"}],"wp:attachment":[{"href":"https:\/\/www.europesays.com\/es\/wp-json\/wp\/v2\/media?parent=49926"}],"wp:term":[{"taxonomy":"category","embeddable":true,"href":"https:\/\/www.europesays.com\/es\/wp-json\/wp\/v2\/categories?post=49926"},{"taxonomy":"post_tag","embeddable":true,"href":"https:\/\/www.europesays.com\/es\/wp-json\/wp\/v2\/tags?post=49926"}],"curies":[{"name":"wp","href":"https:\/\/api.w.org\/{rel}","templated":true}]}}