{"id":49951,"date":"2025-08-15T20:38:08","date_gmt":"2025-08-15T20:38:08","guid":{"rendered":"https:\/\/www.europesays.com\/es\/49951\/"},"modified":"2025-08-15T20:38:08","modified_gmt":"2025-08-15T20:38:08","slug":"desalojos-y-vecinos-confinados-en-agolada-por-un-incendio-que-lleva-calcinadas-300-hectareas","status":"publish","type":"post","link":"https:\/\/www.europesays.com\/es\/49951\/","title":{"rendered":"Desalojos y vecinos confinados\u00a0en Agolada por un incendio que lleva calcinadas 300 hect\u00e1reas"},"content":{"rendered":"<p>\t\t\t\t\t\tTreinta personas fueron evacuadas a Ponte Ulla. El fuego afecta a las parroquias de O Sexo, A Ba\u00ed\u00f1a y Agra, activ\u00e1ndose el nivel 2 de alerta por la cercan\u00eda de las llamas a las viviendas<br \/>\n\t\t\t\t\t\t\t\t\t\t\t\t<strong>15 ago 2025<\/strong> . Actualizado a las 22:18 h.\t\t\t\t\t\t<\/p>\n<p class=\"first-paragraph txt\">Los incendios no dan tregua a la comarca de Deza. Despu\u00e9s de que <a class=\"link-txt\" href=\"https:\/\/www.lavozdegalicia.es\/noticia\/deza\/2025\/08\/13\/dozon-recupera-susto-tras-jornada-angustiosaspan-langglpasamos-moito-medospan\/00031755100512911425216.htm\" rel=\"nofollow noopener\" target=\"_blank\"><strong>Doz\u00f3n<\/strong> sufriera un fuego que calcin\u00f3 m\u00e1s de 400 hect\u00e1reas<\/a>, este viernes ardi\u00f3 <strong>Agolada<\/strong>. Varias parroquias se vieron afectadas por un incendio forestal que motiv\u00f3 el <strong>confinamiento y el desalojo de decenas de vecinos<\/strong>, que vieron c\u00f3mo las llamas rodeaban las viviendas en un abrir y cerrar de ojos.<\/p>\n<p class=\"txt\">Todo comenz\u00f3 al mediod\u00eda, cuando se declar\u00f3 activo un incendio en el municipio de Agolada, concretamente en <strong>O Sexo.<\/strong> El fuego comenz\u00f3 a las 13.27 horas y en menos de una hora la Xunta tuvo que activar el<strong> nivel 2 de alerta<\/strong> por la proximidad del fuego respecto a las viviendas, que r\u00e1pidamente se vieron envueltas no solo por las llamas sino por una densa humareda.<\/p>\n<p class=\"ladillo\">Momentos de tensi\u00f3n<\/p>\n<p class=\"txt\">En vista del preocupante panorama, vecinos de la parroquia de Agra tuvieron que confinarse en sus viviendas. De hecho, seg\u00fan inform\u00f3 la Guardia Civil, unas 20 personas se encerraron en una misma casa por seguridad.<\/p>\n<p class=\"txt\">La desfavorable evoluci\u00f3n del incendio hizo que acto seguido, a las 15.20 horas, procedieran al <strong>desalojo de 30 personas residentes en 10 viviendas del lugar<\/strong>, vivi\u00e9ndose momentos de enorme tensi\u00f3n. Las familias afectadas fueron evacuadas a Ponte Ulla \u2014seg\u00fan indica la Guardia Civil\u2014, mientras que el punto de encuentro se ubic\u00f3 en el Campo da Feira de O Sexo.<\/p>\n<p class=\"txt\">Asimismo, el incendio, que al cierre de esta edici\u00f3n contin\u00faa activo, afecta tambi\u00e9n a las poblaciones de A Ba\u00ed\u00f1a y A Serra. Las carreteras de acceso a estas parroquias fueron cortadas al tr\u00e1fico para garantizar la seguridad de los habitantes. Por el momento se desconoce el n\u00famero de inmuebles afectados debido a la peligrosidad de las llamas y la densa humareda que cubre la zona.<\/p>\n<p class=\"txt\">En el lugar de O Sexo el fuego pas\u00f3 muy cerca de las casas, llegando a las puertas de algunas cuadras. Asimismo, <strong>una vivienda abandonada fue pasto de las llamas<\/strong>, salv\u00e1ndose una anexa que s\u00ed se encontraba habitada. Los vecinos trabajaron a destajo para mantener a raya las lapas, repiti\u00e9ndose como en Doz\u00f3n las im\u00e1genes de ganaderos combatiendo el fuego con sus tractores cargados con cubas.<\/p>\n<p class=\"txt\">La Conseller\u00eda de Medio Rural inform\u00f3 que se han desplazado al lugar cinco agentes, diez brigadas, siete motobombas, una pala, un t\u00e9cnico, dos helic\u00f3pteros y dos aviones.<\/p>\n<p class=\"ladillo\">Visita del subdelegado del Gobierno<\/p>\n<p class=\"txt\">El subdelegado del Gobierno en Pontevedra, <strong>Abel Losada<\/strong>, acudi\u00f3 a la zona de O Sexo para comprobar de primera mano la evoluci\u00f3n del incendio. Mantuvo contacto\u00a0\u00abpermanente\u00bb con el alcalde de Agolada, as\u00ed como con el delegado territorial de la Xunta, a quien ofreci\u00f3 la\u00a0<strong>\u00abm\u00e1xima colaboraci\u00f3n\u00bb<\/strong> del Gobierno de Espa\u00f1a. Tambi\u00e9n se reuni\u00f3 con los efectivos de la Guardia Civil desplazados y mand\u00f3 un mensaje de prudencia a la ciudadan\u00eda, aconsejando seguir las indicaciones de los servicios de emergencia y evitar desplazamientos innecesarios.<\/p>\n<p>\t\t\t\t\t\t \t\t\t\t\t\t\t\t\t\t\t\t\t\t\t\t\t\t\t\t\t\t\tVigilancia en Doz\u00f3n para evitar que se reactiven focos en Mizoite, San Marti\u00f1o Rebordecovo<\/p>\n<p class=\"txt\">El incendio que afect\u00f3 a 400 hect\u00e1reas de superficie en Doz\u00f3n se mantiene <strong>controlado<\/strong>, seg\u00fan inform\u00f3 en su \u00faltimo parte la Conseller\u00eda de Medio Rural. Las condiciones meteorol\u00f3gicas obligan a extremar las medidas de precauci\u00f3n a fin de evitar que se reactiven los focos extinguidos.<\/p>\n<p class=\"txt\">Por este motivo, el Concello de Doz\u00f3n inform\u00f3 que efectivos de Protecci\u00f3n Civil, la motobomba de Doz\u00f3n y las brigadas de Medio Rural que permanecen sobre el terreno siguen realizando <strong>labores de vigilancia y control<\/strong> para evitar que se reproduzcan focos de fuego en la superficie quemada.<\/p>\n<p class=\"txt\">En este sentido, se\u00f1alan que la atenci\u00f3n est\u00e1 centrada de manera especial en las zonas de Mizoite, San Marti\u00f1o y Rebordecovo. Para su extinci\u00f3n se movilizaron cuatro t\u00e9cnicos, quince agentes, treinta brigadas, 38 motobombas, dos palas, una unidad t\u00e9cnica de apoyo, cinco helic\u00f3pteros y cuatro aviones; as\u00ed como la decidida ayuda de los vecinos.<\/p>\n<p>&#13;<br \/>\n\tArchivado en:&#13;<br \/>\n\t\t\t\t\t<a href=\"https:\/\/www.lavozdegalicia.es\/temas\/incendios-en-galicia\/\" target=\"_blank\" class=\"mg-l\" rel=\"nofollow noopener\">Incendios en Galicia<\/a>&#13;<br \/>\n\t&#13;<\/p>\n","protected":false},"excerpt":{"rendered":"Treinta personas fueron evacuadas a Ponte Ulla. El fuego afecta a las parroquias de O Sexo, A Ba\u00ed\u00f1a&hellip;\n","protected":false},"author":2,"featured_media":49952,"comment_status":"","ping_status":"","sticky":false,"template":"","format":"standard","meta":{"footnotes":""},"categories":[8],"tags":[17,18,25,24,13,14,11,15082,19,20,9,10,15,16,23,12,21,22],"class_list":{"0":"post-49951","1":"post","2":"type-post","3":"status-publish","4":"format-standard","5":"has-post-thumbnail","7":"category-espana","8":"tag-breaking-news","9":"tag-breakingnews","10":"tag-es","11":"tag-espana","12":"tag-featured-news","13":"tag-featurednews","14":"tag-headlines","15":"tag-incendios-en-galicia","16":"tag-latest-news","17":"tag-latestnews","18":"tag-news","19":"tag-noticias","20":"tag-noticias-destacadas","21":"tag-noticiasdestacadas","22":"tag-spain","23":"tag-titulares","24":"tag-ultimas-noticias","25":"tag-ultimasnoticias"},"share_on_mastodon":{"url":"","error":""},"_links":{"self":[{"href":"https:\/\/www.europesays.com\/es\/wp-json\/wp\/v2\/posts\/49951","targetHints":{"allow":["GET"]}}],"collection":[{"href":"https:\/\/www.europesays.com\/es\/wp-json\/wp\/v2\/posts"}],"about":[{"href":"https:\/\/www.europesays.com\/es\/wp-json\/wp\/v2\/types\/post"}],"author":[{"embeddable":true,"href":"https:\/\/www.europesays.com\/es\/wp-json\/wp\/v2\/users\/2"}],"replies":[{"embeddable":true,"href":"https:\/\/www.europesays.com\/es\/wp-json\/wp\/v2\/comments?post=49951"}],"version-history":[{"count":0,"href":"https:\/\/www.europesays.com\/es\/wp-json\/wp\/v2\/posts\/49951\/revisions"}],"wp:featuredmedia":[{"embeddable":true,"href":"https:\/\/www.europesays.com\/es\/wp-json\/wp\/v2\/media\/49952"}],"wp:attachment":[{"href":"https:\/\/www.europesays.com\/es\/wp-json\/wp\/v2\/media?parent=49951"}],"wp:term":[{"taxonomy":"category","embeddable":true,"href":"https:\/\/www.europesays.com\/es\/wp-json\/wp\/v2\/categories?post=49951"},{"taxonomy":"post_tag","embeddable":true,"href":"https:\/\/www.europesays.com\/es\/wp-json\/wp\/v2\/tags?post=49951"}],"curies":[{"name":"wp","href":"https:\/\/api.w.org\/{rel}","templated":true}]}}