{"id":499582,"date":"2026-04-15T19:30:13","date_gmt":"2026-04-15T19:30:13","guid":{"rendered":"https:\/\/www.europesays.com\/es\/499582\/"},"modified":"2026-04-15T19:30:13","modified_gmt":"2026-04-15T19:30:13","slug":"choque-con-la-fed-trump-amenaza-con-cesar-a-powell-si-no-abandona-la-fed-en-mayo-he-evitado-despedirlo","status":"publish","type":"post","link":"https:\/\/www.europesays.com\/es\/499582\/","title":{"rendered":"CHOQUE CON LA FED | Trump amenaza con cesar a Powell si no abandona la Fed en mayo: \u00abHe evitado despedirlo\u00bb"},"content":{"rendered":"<p class=\"ft-text ft-helper-closenews\"><strong>Donald Trump<\/strong> redobla la presi\u00f3n contra el presidente saliente de la <strong>Reserva Federal <\/strong>(Fed), <strong>Jerome Powell <\/strong>y convierte el final de su mandato en un ultim\u00e1tum. El pol\u00edtico republicano ha vuelto a lanzar una<strong> avalancha de amenazas<\/strong> contra el m\u00e1ximo responsable del banco central, cuyo mandato llega a su fin en las pr\u00f3ximas semanas, y ha amenazado con despedir al economista de 73 a\u00f1os si no abandona su cargo \u00ab<strong>a tiempo<\/strong>\u00ab. \u00abTendr\u00e9 que despedirlo si no se va a tiempo\u00bb, ha dicho Trump en una entrevista con Fox. \u00abMe he contenido a la hora de despedirlo. <strong>He querido despedirlo, pero detesto ser pol\u00e9mico<\/strong>\u00ab, ha admitido el pol\u00edtico.<\/p>\n<p class=\"ft-text\">Estos comentarios se producen mientras la Fed se prepara para un cambio de guardia el pr\u00f3ximo 15 de mayo. <strong>Kevin Warsh<\/strong>, de l\u00ednea dura y af\u00edn a Trump, est\u00e1 llamado a sustituir a Powell tras un mandato especialmente convulso al frente de la <strong>Fed <\/strong>\u2014caracterizado por una guerra en Ucrania, presi\u00f3n pol\u00edtica, una guerra comercial, y ahora, una guerra con Ir\u00e1n\u2014. Sin embargo, aunque el mandato de Powell como presidente finaliza en mayo, <strong>su mandato en la Junta de Gobernadores no terminar\u00e1 hasta 2028<\/strong>. Powell ha barajado permanecer como presidente pro tempore<strong> <\/strong>\u2014presidente interino\u2014 si su sucesor, Warsh, no es confirmado por el Senado antes de que termine su mandato.<\/p>\n<p>Examen en el Senado<\/p>\n<p class=\"ft-text\">Aunque Trump nomin\u00f3 a <strong>Warsh<\/strong>, todos los presidentes de la <strong>Fed <\/strong>se someten a un examen de confirmaci\u00f3n ante el Senado, un proceso que se ha topado con obst\u00e1culos por parte del senador republicano Thom Tillis, quien ha amenazado con bloquear la confirmaci\u00f3n de Warsh, debido a la investigaci\u00f3n en curso por parte del Departamento de Justicia. La investigaci\u00f3n se centra en las obras de renovaci\u00f3n de la sede de la Fed en <strong>Washington<\/strong>.<\/p>\n<p class=\"ft-text\">La<strong> Comisi\u00f3n Bancaria del Senado<\/strong>, la entidad encargada de confirmar el cargo del pr\u00f3ximo presidente de la Fed, ha programado la confirmaci\u00f3n de <strong>Warsh <\/strong>para el <strong>pr\u00f3ximo 21 de abril<\/strong>.<\/p>\n<p data-close=\"closedContent\" class=\"subscribeHideForDisplay\">Suscr\u00edbete para seguir leyendo<\/p>\n","protected":false},"excerpt":{"rendered":"Donald Trump redobla la presi\u00f3n contra el presidente saliente de la Reserva Federal (Fed), Jerome Powell y convierte&hellip;\n","protected":false},"author":2,"featured_media":499583,"comment_status":"","ping_status":"","sticky":false,"template":"","format":"standard","meta":{"footnotes":""},"categories":[80],"tags":[2302,4213,82,10919,352,95,94,25,24,629,939,1845,14940,114,102,941,1843,23,6407,936],"class_list":["post-499582","post","type-post","status-publish","format-standard","has-post-thumbnail","category-economia","tag-abandona","tag-amenaza","tag-business","tag-cesar","tag-donald-trump","tag-economia","tag-economy","tag-es","tag-espana","tag-estados-unidos","tag-fed","tag-jerome-powell","tag-kevin-warsh","tag-mercados","tag-politica-monetaria","tag-powell","tag-reserva-federal","tag-spain","tag-tipos-de-interes","tag-trump"],"share_on_mastodon":{"url":"https:\/\/pubeurope.com\/@es\/116410386211978612","error":""},"_links":{"self":[{"href":"https:\/\/www.europesays.com\/es\/wp-json\/wp\/v2\/posts\/499582","targetHints":{"allow":["GET"]}}],"collection":[{"href":"https:\/\/www.europesays.com\/es\/wp-json\/wp\/v2\/posts"}],"about":[{"href":"https:\/\/www.europesays.com\/es\/wp-json\/wp\/v2\/types\/post"}],"author":[{"embeddable":true,"href":"https:\/\/www.europesays.com\/es\/wp-json\/wp\/v2\/users\/2"}],"replies":[{"embeddable":true,"href":"https:\/\/www.europesays.com\/es\/wp-json\/wp\/v2\/comments?post=499582"}],"version-history":[{"count":0,"href":"https:\/\/www.europesays.com\/es\/wp-json\/wp\/v2\/posts\/499582\/revisions"}],"wp:featuredmedia":[{"embeddable":true,"href":"https:\/\/www.europesays.com\/es\/wp-json\/wp\/v2\/media\/499583"}],"wp:attachment":[{"href":"https:\/\/www.europesays.com\/es\/wp-json\/wp\/v2\/media?parent=499582"}],"wp:term":[{"taxonomy":"category","embeddable":true,"href":"https:\/\/www.europesays.com\/es\/wp-json\/wp\/v2\/categories?post=499582"},{"taxonomy":"post_tag","embeddable":true,"href":"https:\/\/www.europesays.com\/es\/wp-json\/wp\/v2\/tags?post=499582"}],"curies":[{"name":"wp","href":"https:\/\/api.w.org\/{rel}","templated":true}]}}