{"id":499703,"date":"2026-04-15T20:53:14","date_gmt":"2026-04-15T20:53:14","guid":{"rendered":"https:\/\/www.europesays.com\/es\/499703\/"},"modified":"2026-04-15T20:53:14","modified_gmt":"2026-04-15T20:53:14","slug":"persiana-barcelona-contra-los-pisos-cebra-como-un-simple-elemento-funcional-se-ha-convertido-en-el-objeto-de-culto-de-los-arquitectos-para-reclamar-la-identidad-urbana","status":"publish","type":"post","link":"https:\/\/www.europesays.com\/es\/499703\/","title":{"rendered":"Persiana Barcelona contra los pisos cebra: c\u00f3mo un simple elemento funcional se ha convertido en el objeto de culto de los arquitectos para reclamar la identidad urbana"},"content":{"rendered":"<p><strong>Persiana Barcelona o c\u00f3mo un peque\u00f1o gesto mediterr\u00e1neo cambi\u00f3 el mundo del dise\u00f1o<\/strong><\/p>\n<p>En la ciudad de <a href=\"https:\/\/www.revistaad.es\/articulos\/edificios-ver-barcelona\" rel=\"nofollow noopener\" target=\"_blank\">Barcelona<\/a>, donde la relaci\u00f3n con la luz es casi una disciplina en s\u00ed misma, hay elementos que han formado parte del paisaje sin reclamar atenci\u00f3n. La persiana enrollable es uno de ellos. Durante a\u00f1os, su papel fue estrictamente utilitario. Hasta que alguien decidi\u00f3 mirarla como proyecto. \u201cEsto pasa en el a\u00f1o 2009\u201d, recuerda Pau Sarquella. <strong>\u201cDiana [Us\u00f3n] y yo a\u00fan no \u00e9ramos arquitectos y nos presentamos a un concurso para mejorar rincones del <a href=\"https:\/\/www.revistaad.es\/decoracion\/casas-ad\/articulos\/piso-raval-puro-espiritu-barcelona\/28786\" rel=\"nofollow noopener\" target=\"_blank\">Raval<\/a>\u201d. All\u00ed, entre calles estrechas y viviendas sin <a href=\"https:\/\/www.revistaad.es\/decoracion\/galerias\/patios-que-son-mejores-que-terrazas\/8674\" rel=\"nofollow noopener\" target=\"_blank\">patios<\/a> interiores, detectaron una escena cotidiana: ropa tendida protegida con pl\u00e1sticos improvisados. \u201cHab\u00eda cortinas de ducha, manteles\u2026 cada vecino hac\u00eda lo que pod\u00eda\u201d. La observaci\u00f3n fue directa y, en cierto modo, cl\u00e1sica: entender un problema real antes de plantear una soluci\u00f3n formal.<\/strong><\/p>\n<p><img decoding=\"async\" alt=\"Taller de Persiana Barcelona\" loading=\"lazy\" class=\"ResponsiveImageContainer-dkeESL cQPiWi responsive-image__image\"   src=\"https:\/\/www.europesays.com\/es\/wp-content\/uploads\/2026\/04\/PB_0003.jpeg\"\/><\/p>\n<p>El taller donde se fabrican las persianas.<\/p>\n<p><strong>Un peque\u00f1o gesto que lo cambi\u00f3 todo<\/strong><\/p>\n<p><strong>\u201cNos dimos cuenta de que la persiana tradicional no funcionaba bien en ese caso porque deja pasar el agua. Y algunos vecinos ya estaban haciendo algo interesante: manten\u00edan la persiana por fuera y pon\u00edan un pl\u00e1stico por dentro\u201d<\/strong>, explica Sarquella en el taller de Girona donde se hacen sus persianas a medida. <strong>La propuesta fue m\u00ednima en apariencia: modificar la geometr\u00eda de la lama para que, en lugar de estar separada, se solapara. \u201cPod\u00edamos mantener la ventilaci\u00f3n y evitar que el agua entrara.<\/strong> Era un gesto peque\u00f1o, pero cambiaba tanto el uso como la imagen de la calle\u201d. Ganaron el concurso en 2010, pero el verdadero trabajo empez\u00f3 despu\u00e9s. Ese tr\u00e1nsito \u2013del concepto al producto\u2013 define en gran parte la trayectoria de <a data-offer-url=\"https:\/\/persiana-barcelona.com\/es\/\" class=\"external-link\" data-event-click=\"{&quot;element&quot;:&quot;ExternalLink&quot;,&quot;outgoingURL&quot;:&quot;https:\/\/persiana-barcelona.com\/es\/&quot;}\" href=\"https:\/\/persiana-barcelona.com\/es\/\" rel=\"nofollow noopener\" target=\"_blank\">Persiana Barcelona<\/a>, <strong>que en 2024 cumpli\u00f3 diez a\u00f1os convertida en un producto internacional sin perder su esencia. \u201cNo es un objeto hecho a mano al cien por cien, pero tampoco es una cadena automatizada. Se fabrica con m\u00e1quinas antiguas y eso permite peque\u00f1as variaciones que le dan car\u00e1cter\u201d, revela Pau.<\/strong><\/p>\n","protected":false},"excerpt":{"rendered":"Persiana Barcelona o c\u00f3mo un peque\u00f1o gesto mediterr\u00e1neo cambi\u00f3 el mundo del dise\u00f1o En la ciudad de Barcelona,&hellip;\n","protected":false},"author":2,"featured_media":499704,"comment_status":"","ping_status":"","sticky":false,"template":"","format":"standard","meta":{"footnotes":""},"categories":[173],"tags":[229,233,231,230,232,234,146,147,25,24,12444,23,12443],"class_list":["post-499703","post","type-post","status-publish","format-standard","has-post-thumbnail","category-arte-y-diseno","tag-arte","tag-arte-y-diseno","tag-arts","tag-arts-and-design","tag-design","tag-diseno","tag-entertainment","tag-entretenimiento","tag-es","tag-espana","tag-magazine","tag-spain","tag-splitscreenimageleftfullbleed"],"share_on_mastodon":{"url":"https:\/\/pubeurope.com\/@es\/116410712468215905","error":""},"_links":{"self":[{"href":"https:\/\/www.europesays.com\/es\/wp-json\/wp\/v2\/posts\/499703","targetHints":{"allow":["GET"]}}],"collection":[{"href":"https:\/\/www.europesays.com\/es\/wp-json\/wp\/v2\/posts"}],"about":[{"href":"https:\/\/www.europesays.com\/es\/wp-json\/wp\/v2\/types\/post"}],"author":[{"embeddable":true,"href":"https:\/\/www.europesays.com\/es\/wp-json\/wp\/v2\/users\/2"}],"replies":[{"embeddable":true,"href":"https:\/\/www.europesays.com\/es\/wp-json\/wp\/v2\/comments?post=499703"}],"version-history":[{"count":0,"href":"https:\/\/www.europesays.com\/es\/wp-json\/wp\/v2\/posts\/499703\/revisions"}],"wp:featuredmedia":[{"embeddable":true,"href":"https:\/\/www.europesays.com\/es\/wp-json\/wp\/v2\/media\/499704"}],"wp:attachment":[{"href":"https:\/\/www.europesays.com\/es\/wp-json\/wp\/v2\/media?parent=499703"}],"wp:term":[{"taxonomy":"category","embeddable":true,"href":"https:\/\/www.europesays.com\/es\/wp-json\/wp\/v2\/categories?post=499703"},{"taxonomy":"post_tag","embeddable":true,"href":"https:\/\/www.europesays.com\/es\/wp-json\/wp\/v2\/tags?post=499703"}],"curies":[{"name":"wp","href":"https:\/\/api.w.org\/{rel}","templated":true}]}}