{"id":499954,"date":"2026-04-15T23:40:11","date_gmt":"2026-04-15T23:40:11","guid":{"rendered":"https:\/\/www.europesays.com\/es\/499954\/"},"modified":"2026-04-15T23:40:11","modified_gmt":"2026-04-15T23:40:11","slug":"seis-anos-despues-de-que-su-hija-falleciera-de-forma-inesperada-tras-recibir-un-medicamento-contra-el-cancer-en-colombia-una-madre-busca-respuestas-planeta-futuro","status":"publish","type":"post","link":"https:\/\/www.europesays.com\/es\/499954\/","title":{"rendered":"Seis a\u00f1os despu\u00e9s de que su hija falleciera de forma inesperada tras recibir un medicamento contra el c\u00e1ncer en Colombia, una madre busca respuestas | Planeta Futuro"},"content":{"rendered":"<p class=\"\">Valery Javiana Fern\u00e1ndez Rivas ten\u00eda solo seis a\u00f1os cuando muri\u00f3. Le hab\u00edan diagnosticado una forma <a href=\"https:\/\/elpais.com\/planeta-futuro\/2026-04-03\/morir-solo-por-nacer-aqui-o-alla-los-decesos-de-ninos-por-cancer-aumentaron-en-un-56-en-africa-desde-1990-mientras-se-reducian-a-nivel-global.html\" target=\"_self\" rel=\"nofollow noopener\" title=\"https:\/\/elpais.com\/planeta-futuro\/2026-04-03\/morir-solo-por-nacer-aqui-o-alla-los-decesos-de-ninos-por-cancer-aumentaron-en-un-56-en-africa-desde-1990-mientras-se-reducian-a-nivel-global.html\">agresiva de leucemia <\/a>en el verano de 2018 y comenz\u00f3 quimioterapia en un hospital del norte de Colombia unos meses despu\u00e9s. \u201cAun con la enfermedad, era una ni\u00f1a muy alegre\u201d,  dice su madre, Yohana, mientras muestra un video de Valery, con el pelo muy cortito, bailando feliz al ritmo de un viejo \u00e9xito de rumba latina.<\/p>\n<p class=\"\">Los medicamentos de Valery, que inclu\u00edan un f\u00e1rmaco llamado metotrexato, deb\u00edan inyectarse en su m\u00e9dula espinal cada dos semanas.  \u201cEra muy fuerte\u201d, recuerda Yohana. \u201cCuando yo estaba a punto de echarme a llorar, me dec\u00eda: \u2018Yo no voy a llorar, mami\u201d.<\/p>\n<p class=\"\">A finales de enero de 2020, tras m\u00e1s de un a\u00f1o de tratamiento, Valery lleg\u00f3 a la Cl\u00ednica Medical Duarte, en C\u00facuta, para una inyecci\u00f3n rutinaria. El enfoque agresivo estaba funcionando, y el plan era que pronto pasara a un tratamiento menos intensivo con pastillas. <\/p>\n<p class=\"\">Las inyecciones siempre hab\u00edan sido duras, pero esta vez algo fue diferente. Valery grit\u00f3 de dolor y vomit\u00f3 en la cama del hospital. Cuatro d\u00edas despu\u00e9s entr\u00f3 en coma. Poco m\u00e1s de dos semanas despu\u00e9s, hab\u00eda muerto. <\/p>\n<p class=\"\">Valery no fue la \u00fanica. Tres ni\u00f1os m\u00e1s murieron tras recibir el medicamento, mientras que m\u00e1s de 100 pacientes sufrieron reacciones que los m\u00e9dicos sospechaban que estaban relacionadas con el f\u00e1rmaco contaminado. Seis a\u00f1os despu\u00e9s, pese a los llamamientos para que se haga justicia para los ni\u00f1os y sus familias, pr\u00e1cticamente no ha habido avances. La empresa que fabric\u00f3 el medicamento, Naprod Life Sciences, una farmac\u00e9utica india especializada en f\u00e1rmacos oncol\u00f3gicos, no se ha enfrentado a sanciones en Colombia y sus medicamentos siguen export\u00e1ndose a todo el mundo. Naprod no coment\u00f3 los detalles en ese momento ni respondi\u00f3 a las preguntas de TBIJ para este reportaje.<\/p>\n<p class=\"\">Adem\u00e1s, las investigaciones sobre las muertes no han dado resultados y las inc\u00f3gnitas sobre c\u00f3mo el organismo regulador colombiano, el <a href=\"https:\/\/www.google.com\/search?q=Instituto+Nacional+de+Vigilancia+de+Medicamentos+y+Alimentos&amp;rlz=1C1GCEA_enES1187ES1192&amp;oq=Invima&amp;gs_lcrp=EgZjaHJvbWUyCQgAEEUYORiABDIJCAEQRRg7GIAEMhAIAhAuGK8BGMcBGIAEGI4FMgcIAxAAGIAEMgcIBBAAGIAEMgYIBRBFGDwyBggGEEUYPDIGCAcQRRg80gEHNDk3ajBqN6gCALACAA&amp;sourceid=chrome&amp;ie=UTF-8&amp;ved=2ahUKEwjpt4LG-uyTAxVEWUEAHSjkEwoQgK4QegYIAQgAEAM\" rel=\"nofollow noopener\" target=\"_blank\">Instituto Nacional de Vigilancia de Medicamentos y Alimentos<\/a>(Invima), no actu\u00f3 con mayor rapidez, siguen abiertas. <\/p>\n<p class=\"\">M\u00e1s de dos tercios de los pa\u00edses en todo el mundo no pueden garantizar que los medicamentos que llegan a los pacientes sean de calidad y seguros. Claudia Mart\u00ednez, de la Fundaci\u00f3n<a href=\"https:\/\/accesstomedicinefoundation.org\/\" target=\"_self\" rel=\"nofollow noopener\" title=\"https:\/\/accesstomedicinefoundation.org\/\"> Access to Medicine<\/a>, afirma que este problema es representativo  de una cadena de suministro global que, con demasiada frecuencia, permite que medicamentos deficientes atraviesen sus controles de seguridad. \u201cSe trata de un problema sist\u00e9mico\u201d, se\u00f1ala. <\/p>\n<p class=\"\">\u201cEl acceso a metotrexato de calidad garantizada es de importancia cr\u00edtica en el tratamiento del c\u00e1ncer a nivel mundial\u201d, explica Mart\u00ednez. \u201cEn muchos pa\u00edses [con menos recursos] puede ser una de las pocas opciones de quimioterapia asequibles y disponibles de forma constante\u201d. \u201cAproximadamente <a href=\"https:\/\/elpais.com\/planeta-futuro\/2026-04-03\/morir-solo-por-nacer-aqui-o-alla-los-decesos-de-ninos-por-cancer-aumentaron-en-un-56-en-africa-desde-1990-mientras-se-reducian-a-nivel-global.html\" target=\"_self\" rel=\"nofollow noopener\" title=\"https:\/\/elpais.com\/planeta-futuro\/2026-04-03\/morir-solo-por-nacer-aqui-o-alla-los-decesos-de-ninos-por-cancer-aumentaron-en-un-56-en-africa-desde-1990-mientras-se-reducian-a-nivel-global.html\">el 90% de los ni\u00f1os con c\u00e1ncer <\/a>viven en pa\u00edses de ingresos bajos y medios. Por lo tanto, el acceso a productos seguros y de calidad garantizada es fundamental\u201d, a\u00f1ade.<\/p>\n<blockquote class=\"a_q\">\n<p>El acceso a metotrexato de calidad garantizada es de importancia cr\u00edtica en el tratamiento del c\u00e1ncer a nivel mundial<\/p>\n<p>Claudia Mart\u00ednez, Fundaci\u00f3n Access to Medicine<\/p><\/blockquote>\n<p class=\"\">Para Yohana, las consecuencias son claras: \u201cSi no hubieran enviado el medicamento contaminado, yo estar\u00eda aqu\u00ed con mi hija\u201d. Esta madre pide \u201cjusticia para quien haya causado el da\u00f1o\u201d. <\/p>\n<p>Una bacteria presente <\/p>\n<p class=\"\">La autopsia de Valery revel\u00f3 la presencia en su sangre de una bacteria llamada Pseudomonas aeruginosa. Es especialmente peligrosa para las personas con el sistema inmunitario debilitado, como los pacientes con c\u00e1ncer.<\/p>\n<p class=\"\">Las pruebas realizadas a muestras del metotrexato de Naprod por el regulador colombiano Invima por esa \u00e9poca (incluidas algunas de antes de la muerte de Valery) encontraron que conten\u00eda la misma bacteria.<\/p>\n<p class=\"\">La empresa llev\u00f3 a cabo dos investigaciones internas sobre los medicamentos contaminados, exoner\u00e1ndose a s\u00ed misma en ambas ocasiones. La primera concluy\u00f3 que la bacteria en cuesti\u00f3n proven\u00eda de los hospitales, pero un equipo independiente de epidemi\u00f3logos del Instituto Nacional de Salud de Colombia no encontr\u00f3 posibles fuentes de contaminaci\u00f3n en los centros m\u00e9dicos y sugiri\u00f3 que el problema estaba en los medicamentos.<\/p>\n<p class=\"\">Expertos consultados como parte de una<a href=\"https:\/\/www.bloomberg.com\/news\/features\/2023-12-15\/how-pediatric-cancer-patients-received-tainted-chemo\" target=\"_self\" rel=\"nofollow noopener\" title=\"https:\/\/www.bloomberg.com\/news\/features\/2023-12-15\/how-pediatric-cancer-patients-received-tainted-chemo\"> investigaci\u00f3n de Bloomberg Businessweek en 2023 <\/a>se\u00f1alaron que las circunstancias dejaban pocas dudas de que la contaminaci\u00f3n se produjo durante el proceso de fabricaci\u00f3n. Naprod no hizo declaraciones sobre los detalles en ese momento ni respondi\u00f3 a las preguntas de TBIJ para este reportaje.<\/p>\n<p class=\"\">Los expertos consultados por TBIJ plantearon argumentos similares. \u201cLa contaminaci\u00f3n de medicamentos sellados con bacterias y hongos apunta claramente a que los procesos de producci\u00f3n en la f\u00e1brica que los elabora necesitan una investigaci\u00f3n urgente por parte de epidemi\u00f3logos, microbi\u00f3logos y expertos en control de calidad\u201d, afirma Paul Newton, jefe del grupo de investigaci\u00f3n sobre la calidad de los medicamentos en la Universidad de Oxford. <\/p>\n<p class=\"\">Tras la muerte de Valery y de los otros ni\u00f1os, Naprod no se enfrent\u00f3 a ninguna sanci\u00f3n. Pero cuando el reportaje de Bloomberg se public\u00f3 tres a\u00f1os despu\u00e9s, los reguladores en la India empezaron a hacer preguntas a la empresa. Por esas mismas fechas, el metotrexato de Naprod gener\u00f3 tres alertas en el pa\u00eds. Al igual que en Colombia, se comprob\u00f3 que el medicamento estaba contaminado. <\/p>\n<p class=\"\">Bhushan Patil, comisionado adjunto del organismo regulador indio, afirm\u00f3 que finalmente se cancel\u00f3 la licencia de Naprod para fabricar metotrexato. Shri Singh, abogado penalista que ha llevado casos bajo la legislaci\u00f3n farmac\u00e9utica india, describe este tipo de sanci\u00f3n como \u201cun tir\u00f3n de orejas\u201d y a\u00f1ade que la cancelaci\u00f3n de una licencia es reversible si la empresa vuelve a solicitarla.<\/p>\n<p class=\"\">Desde la muerte de Valery, Naprod ha exportado cientos de miles de viales de metotrexato por todo el mundo: a Argelia, Camboya, Chile, Jamaica, Filipinas, Per\u00fa y Tailandia. Al hablar con TBIJ el a\u00f1o pasado, Bhushan Patil, del regulador indio, se\u00f1al\u00f3 que la empresa no ha fabricado inyecciones de metotrexato en \u201clos \u00faltimos dos o tres a\u00f1os\u201d. Sin embargo, incluso durante ese periodo, la compa\u00f1\u00eda ha exportado decenas de miles de viales a Argelia.<\/p>\n<p class=\"\">\u201cNo han asumido la responsabilidad por lo que hicieron aqu\u00ed en Colombia\u201d, dice Yohana. \u201cY siguen vendiendo libremente como si nada hubiera pasado\u201d.<\/p>\n<p>Se\u00f1ales de alerta<\/p>\n<p class=\"\">Los medicamentos contra el c\u00e1ncer de calidad inferior son una amenaza significativa y <a href=\"https:\/\/www.thebureauinvestigates.com\/projects\/when-drugs-dont-work\" target=\"_self\" rel=\"nofollow noopener\" title=\"https:\/\/www.thebureauinvestigates.com\/projects\/when-drugs-dont-work\">poco documentada en todo el mundo.<\/a> \u201cMuchos de los pa\u00edses m\u00e1s afectados son los que est\u00e1n menos preparados para detectar y documentar el problema\u201d, afirma Mart\u00ednez.<\/p>\n<p class=\"\">De hecho, el regulador colombiano Invima ya hab\u00eda detectado problemas con los f\u00e1rmacos de Naprod. A lo largo de 2019, el a\u00f1o anterior a la tragedia, se registraron m\u00e1s de 70 casos de reacciones graves que se sospechaba estaban vinculadas al metotrexato de Naprod en hospitales de todo el pa\u00eds. La mayor\u00eda de los afectados eran ni\u00f1os.<\/p>\n<blockquote class=\"a_q\">\n<p>Los medicamentos oncol\u00f3gicos de calidad inferior representan una amenaza importante y poco visibilizada en todo el mundo<\/p>\n<\/blockquote>\n<p class=\"\">En enero de 2020, el Invima complet\u00f3 un an\u00e1lisis de una muestra sellada del medicamento, que revel\u00f3 la presencia de bacterias. Pero, a pesar de esa se\u00f1al de alerta, no se tom\u00f3 ninguna medida. Una semana despu\u00e9s, Valery recibi\u00f3 la inyecci\u00f3n que acabar\u00eda con su vida.<\/p>\n<p class=\"\">Con el tiempo, los an\u00e1lisis de tres lotes distintos revelar\u00edan la presencia de la bacteria. El 8 de febrero, con Valery en coma, Invima public\u00f3 \u00f3rdenes <a href=\"https:\/\/www.invima.gov.co\/biblioteca\/alerta-sanitaria-020-2020-retiro-metotrexato-lotes-nn9024a-nn8398a\" target=\"_self\" rel=\"nofollow noopener\" title=\"https:\/\/www.invima.gov.co\/biblioteca\/alerta-sanitaria-020-2020-retiro-metotrexato-lotes-nn9024a-nn8398a\">en las que exig\u00eda la retirada de dos lotes de metotrexato de Naprod.<\/a> Menos de dos semanas despu\u00e9s, el regulador orden\u00f3 la retirada total del metotrexato de Naprod.<\/p>\n<p class=\"\">Pero no fue suficiente. Valery hab\u00eda muerto. Tambi\u00e9n otros tres ni\u00f1os. Y desde entonces han quedado en el aire preguntas sobre por qu\u00e9 el Invima no actu\u00f3 con mayor rapidez. \u201cNo ha habido ni una sola noticia que reconozca que el Invima permiti\u00f3 que medicamentos contaminados pasaran los controles\u201d, dice Yohana. \u201cNo ha habido ning\u00fan comunicado por su parte explicando qu\u00e9 ocurri\u00f3 o en qu\u00e9 fallaron\u201d. \u201cEl da\u00f1o que han causado\u201d, a\u00f1ade Yohana. \u201cNo solo a m\u00ed, sino a tantas otras familias aqu\u00ed en Colombia\u201d.<\/p>\n<p class=\"\">Naprod no ha enfrentado consecuencias a largo plazo en el pa\u00eds. El Invima tiene la facultad de imponer sanciones, pero tiene las manos atadas hasta que concluyan sus propias investigaciones. Sus respuestas a las preguntas de TBIJ sobre los plazos, el alcance y los resultados de esas investigaciones fueron confusas y poco claras.<\/p>\n<p class=\"\">\u201cHay que proteger a los pacientes\u201d, dice Angela Caro-Rojas, farmac\u00e9utica y expresidenta de la Sociedad Internacional de Farmacovigilancia. \u201cEs la funci\u00f3n de la agencia reguladora\u201d. A\u00f1ade que se necesitan medidas urgentes. El Invima est\u00e1 limitado por la falta de recursos, afirma, se\u00f1alando recientes recortes de personal. En ocasiones, se basa en informes de terceros al aprobar a fabricantes extranjeros, en lugar de realizar sus propias inspecciones.<\/p>\n<p>Ocho millones de viales <\/p>\n<p class=\"\">En la pr\u00e1ctica, Naprod puede seguir vendiendo medicamentos libremente en el pa\u00eds. El a\u00f1o pasado, la empresa envi\u00f3 casi ocho millones de viales de f\u00e1rmacos a Colombia, incluidos medicamentos de quimioterapia inyectables. Algunos de estos f\u00e1rmacos cuestan menos de un d\u00f3lar por vial, un precio dif\u00edcil de rechazar en un pa\u00eds donde el acceso a medicamentos puede ser limitado. \u201cAlguien tiene que estar m\u00e1s atento a esto\u201d, dice Yohana. \u201cSi [Naprod] sigue sacando medicamentos al mercado, es porque nadie los ha detenido\u201d. <\/p>\n<p class=\"\">Naprod dijo anteriormente que \u201ccumple con las Buenas Pr\u00e1cticas de Fabricaci\u00f3n reconocidas internacionalmente y sigue rigurosos protocolos de calidad y cumplimiento\u201d. Afirm\u00f3 que \u201csigue comprometida con mantener los m\u00e1s altos est\u00e1ndares de calidad del producto, seguridad del paciente y cumplimiento normativo\u201d.<\/p>\n<p class=\"\">La Organizaci\u00f3n Panamericana de la Salud declar\u00f3 a TBIJ que, en Colombia, como en otros pa\u00edses, brinda apoyo para reforzar la capacidad de las autoridades para detectar y responder a medicamentos que no cumplen con los est\u00e1ndares, as\u00ed como para promover normas regulatorias y buenas pr\u00e1cticas. Sin embargo, esto no parece ser suficiente.<\/p>\n<p class=\"\">El proceso judicial en los tribunales de Colombia no ofrece una justicia inmediata. Al igual que el proceso regulatorio, parece estar estancado. La Fiscal\u00eda General declar\u00f3 a los reporteros de TBIJ que a\u00fan sigue recabando pruebas.<\/p>\n<p class=\"\">La abogada y especialista en regulaci\u00f3n Carolina G\u00f3mez afirma que demostrar la causalidad en casos como el de Valery puede ser dif\u00edcil. Y que la triste realidad en Colombia es que la justicia puede tardar mucho en llegar. Sin embargo, en el caso de Yohana, se\u00f1ala que el tiempo transcurrido sin justicia es \u201cinaceptable\u2026 no deber\u00eda llevar tanto tiempo y me indigna\u201d.<\/p>\n<p class=\"\">Mientras tanto, las familias afectadas siguen sin respuestas y sin poder cerrar este cap\u00edtulo. \u201cEl tiempo pasa y no dicen nada\u201d, dice Yohana. \u201cEs como si no estuvieran investigando, como si no estuvieran llegando al fondo de lo que ocurri\u00f3\u201d. <\/p>\n<p>Este reportaje fue inicialmente publicado en ingl\u00e9s por The Bureau of Investigative Journalism (TBIJ) y en espa\u00f1ol por Salud con lupa y El Espectador. Esta investigaci\u00f3n ha recibido el apoyo del Pulitzer Center on Crisis Reporting.<\/p>\n<p>Los datos de env\u00edo para esta investigaci\u00f3n fueron proporcionados por Import Genius y analizados por TBIJ.<\/p>\n<p>Informaci\u00f3n adicional de Emiliano Mellino, Sergio Silva y Priyanka Pulla.<\/p>\n","protected":false},"excerpt":{"rendered":"Valery Javiana Fern\u00e1ndez Rivas ten\u00eda solo seis a\u00f1os cuando muri\u00f3. Le hab\u00edan diagnosticado una forma agresiva de leucemia&hellip;\n","protected":false},"author":2,"featured_media":499955,"comment_status":"","ping_status":"","sticky":false,"template":"","format":"standard","meta":{"footnotes":""},"categories":[92],"tags":[6281,1066,22348,1803,25,24,11291,37389,165,1812,5698,681,166,23],"class_list":["post-499954","post","type-post","status-publish","format-standard","has-post-thumbnail","category-salud","tag-bacteria","tag-cancer","tag-cancer-infantil","tag-colombia","tag-es","tag-espana","tag-farmacologia","tag-farmaindustria","tag-health","tag-investigacion-medica","tag-medicamentos","tag-medicina","tag-salud","tag-spain"],"share_on_mastodon":{"url":"","error":""},"_links":{"self":[{"href":"https:\/\/www.europesays.com\/es\/wp-json\/wp\/v2\/posts\/499954","targetHints":{"allow":["GET"]}}],"collection":[{"href":"https:\/\/www.europesays.com\/es\/wp-json\/wp\/v2\/posts"}],"about":[{"href":"https:\/\/www.europesays.com\/es\/wp-json\/wp\/v2\/types\/post"}],"author":[{"embeddable":true,"href":"https:\/\/www.europesays.com\/es\/wp-json\/wp\/v2\/users\/2"}],"replies":[{"embeddable":true,"href":"https:\/\/www.europesays.com\/es\/wp-json\/wp\/v2\/comments?post=499954"}],"version-history":[{"count":0,"href":"https:\/\/www.europesays.com\/es\/wp-json\/wp\/v2\/posts\/499954\/revisions"}],"wp:featuredmedia":[{"embeddable":true,"href":"https:\/\/www.europesays.com\/es\/wp-json\/wp\/v2\/media\/499955"}],"wp:attachment":[{"href":"https:\/\/www.europesays.com\/es\/wp-json\/wp\/v2\/media?parent=499954"}],"wp:term":[{"taxonomy":"category","embeddable":true,"href":"https:\/\/www.europesays.com\/es\/wp-json\/wp\/v2\/categories?post=499954"},{"taxonomy":"post_tag","embeddable":true,"href":"https:\/\/www.europesays.com\/es\/wp-json\/wp\/v2\/tags?post=499954"}],"curies":[{"name":"wp","href":"https:\/\/api.w.org\/{rel}","templated":true}]}}