{"id":500001,"date":"2026-04-16T00:18:11","date_gmt":"2026-04-16T00:18:11","guid":{"rendered":"https:\/\/www.europesays.com\/es\/500001\/"},"modified":"2026-04-16T00:18:11","modified_gmt":"2026-04-16T00:18:11","slug":"carla-leite-del-casademont-zaragoza-se-retira-sangrando-tras-recibir-un-codazo","status":"publish","type":"post","link":"https:\/\/www.europesays.com\/es\/500001\/","title":{"rendered":"Carla Leite, del Casademont Zaragoza, se retira sangrando tras recibir un codazo"},"content":{"rendered":"<p class=\"ft-text\">La peor noticia para el <strong>Casademont Zaragoza <\/strong>no ha tardado en llegar en los cuartos de final de la <strong>Euroliga<\/strong>. Cuando quedaban 59 segundos para el final del primer cuarto<strong>, Carla Leite<\/strong> ha recibido un codazo involuntario de una rival en la pelea por el rebote defensivo que<strong> le ha obligado a salir de la pista sangrando abundantemente por la cara,<\/strong> por debajo del ojo izquierdo.<\/p>\n<p class=\"ft-text\">En una acci\u00f3n ofensiva del Basket Landes, Leite ha acudido hasta en dos ocasiones a por el rebote defensivo<strong>, llev\u00e1ndose un codazo involuntario de Sixtine Macquet en el segundo intento. <\/strong>Los colegiados han revisado la acci\u00f3n por si pod\u00eda haber falta antideportiva, pero finalmente han considerado que no hab\u00eda nada punible.<\/p>\n<p class=\"ft-text\">La francesa ha sido atendida sobre la pista por los servicios m\u00e9dicos y fisios del Casademont Zaragoza y<strong> el partido se ha detenido durante unos minutos mientras la talentosa jugadora se retorc\u00eda de dolor sobre el parquet. <\/strong>Finalmente Leite se ha marchado a los vestuarios, ovacionada por la grada, a la espera de si puede ser curada para regresar al partido.<\/p>\n<p class=\"ft-text\">La jugadora ha estado fuera hasta el descanso, cuando ha vuelto a la pista y ha sido recibida con una enorme ovaci\u00f3n. <strong>Se ha sentado en el banquillo haciendo gestos de que se sent\u00eda algo mareada.<\/strong> Despu\u00e9s ha realizado el calentamiento junto a sus compa\u00f1eras, por lo que podr\u00eda regresar en la segunda parte.<\/p>\n","protected":false},"excerpt":{"rendered":"La peor noticia para el Casademont Zaragoza no ha tardado en llegar en los cuartos de final de&hellip;\n","protected":false},"author":2,"featured_media":500002,"comment_status":"","ping_status":"","sticky":false,"template":"","format":"standard","meta":{"footnotes":""},"categories":[269],"tags":[299,298,4846,2511,5369,168,25,24,40358,4845,15896,23,167,491],"class_list":["post-500001","post","type-post","status-publish","format-standard","has-post-thumbnail","category-baloncesto","tag-baloncesto","tag-basketball","tag-carla","tag-casademont","tag-casademont-zaragoza","tag-deportes","tag-es","tag-espana","tag-euroliga-femenina","tag-leite","tag-retira","tag-spain","tag-sports","tag-zaragoza"],"share_on_mastodon":{"url":"https:\/\/pubeurope.com\/@es\/116411518470216659","error":""},"_links":{"self":[{"href":"https:\/\/www.europesays.com\/es\/wp-json\/wp\/v2\/posts\/500001","targetHints":{"allow":["GET"]}}],"collection":[{"href":"https:\/\/www.europesays.com\/es\/wp-json\/wp\/v2\/posts"}],"about":[{"href":"https:\/\/www.europesays.com\/es\/wp-json\/wp\/v2\/types\/post"}],"author":[{"embeddable":true,"href":"https:\/\/www.europesays.com\/es\/wp-json\/wp\/v2\/users\/2"}],"replies":[{"embeddable":true,"href":"https:\/\/www.europesays.com\/es\/wp-json\/wp\/v2\/comments?post=500001"}],"version-history":[{"count":0,"href":"https:\/\/www.europesays.com\/es\/wp-json\/wp\/v2\/posts\/500001\/revisions"}],"wp:featuredmedia":[{"embeddable":true,"href":"https:\/\/www.europesays.com\/es\/wp-json\/wp\/v2\/media\/500002"}],"wp:attachment":[{"href":"https:\/\/www.europesays.com\/es\/wp-json\/wp\/v2\/media?parent=500001"}],"wp:term":[{"taxonomy":"category","embeddable":true,"href":"https:\/\/www.europesays.com\/es\/wp-json\/wp\/v2\/categories?post=500001"},{"taxonomy":"post_tag","embeddable":true,"href":"https:\/\/www.europesays.com\/es\/wp-json\/wp\/v2\/tags?post=500001"}],"curies":[{"name":"wp","href":"https:\/\/api.w.org\/{rel}","templated":true}]}}