{"id":500222,"date":"2026-04-16T03:15:11","date_gmt":"2026-04-16T03:15:11","guid":{"rendered":"https:\/\/www.europesays.com\/es\/500222\/"},"modified":"2026-04-16T03:15:11","modified_gmt":"2026-04-16T03:15:11","slug":"el-aeropuerto-de-a-coruna-listo-para-asumir-hasta-50-vuelos-diarios-por-el-cierre-de-santiago-durante-35-dias-la-voz-de-galicia","status":"publish","type":"post","link":"https:\/\/www.europesays.com\/es\/500222\/","title":{"rendered":"El aeropuerto de A Coru\u00f1a, listo para asumir hasta 50 vuelos diarios por el cierre de Santiago durante 35 d\u00edas &#8211; La Voz de Galicia"},"content":{"rendered":"<ol>\n<li><a href=\"https:\/\/news.google.com\/rss\/articles\/CBMi9gFBVV95cUxORFJ1eEVDUlhLWnFlYlB5X3VWMHVFSF9OWG5zWldudWV2OXo3eEVHd2pheElPWVdzQ2xITWo5dmwtQ3ZNZlJuYlY2NDN6Z1ZmT1F4TlBzM2lBVUhMQ0FPMDBqbFZMRnFrTUhYaWpPRGNveTl6eUd0UEI3Z2pHanYxQXQ4bWkzcUVOT0xwUk9pZHZlU1RDWG42RGRQdnVfTmFGeVNyM3YyTDE0VG5nMW9QOHNXY3ZhN3lwRGNaUHlOVHMtMlpmdzlYT3ZTTnhxY2ljQkg5Z3hHcDNjRy1RLUIzVExjREhicGUzaFdmVi1NdWEtdUhqZ2fSAZICQVVfeXFMT2NkbmNrVE40MVR4dkxLLTE5SXo2SjJjTUVacUU4NUlCTHZKWXNvc1N6RkpCaGgwVFdqaE1IUnBsTk9XRmw2d2RkYjdOUTVTelUybGFFcmpEcXM5VGJzZ2Q5VHQtX0RGLTFseTRWSUJVRzA4VUhvVTBPNXlVck1qZFJ4TXJBdHZlQ0Zuanc1VVhJbjdqYWVFV3Y0MVJNd1JWZzFOeDNCck5kQ29FNW1xU2k4Y0Z4N05tY2VZREtULTV6cTJjNjhIUGhTdnpSNjNvVmFwRzBVeGVSN3BPN3p3ZHhNZkdKdktTbFo5NTFJdy1Obm5BdGltWjA3N0M3SEgwNGdoaXlGUklPWW96ZHRyU0o2QQ?oc=5\" target=\"_blank\" rel=\"nofollow noopener\">El aeropuerto de A Coru\u00f1a, listo para asumir hasta 50 vuelos diarios por el cierre de Santiago durante 35 d\u00edas<\/a>&nbsp;&nbsp;La Voz de Galicia<\/li>\n<li><a href=\"https:\/\/news.google.com\/rss\/articles\/CBMipgFBVV95cUxNcFM2UFhDdmVac04xNTBIOHRiQ1FLSS1UVUoySXJza2pKN1UySjRiRU9zRUtjM3d2ZDhEaUpsVkJuZ2x0Y3NHbTNKQl9xRWVvVHNPN0RTWHpvQ3Eya3dFQzFHUUtYWEdGUzZFN28wMXh1RHBpeTNRNEt0em1Lcjc5Zi1GVGQwcGpSdjZGVVp0VnhGMzE2c3h1UVJ2ODQ3d0tGbXpsVVZn?oc=5\" target=\"_blank\" rel=\"nofollow noopener\">La Xunta refuerza el taxi en Alvedro por el trasvase de pasajeros<\/a>&nbsp;&nbsp;ABC<\/li>\n<li><a href=\"https:\/\/news.google.com\/rss\/articles\/CBMizwFBVV95cUxNbm01YTB1WDhHcFJTR3JkdUROdEpLaWphY0ZPRzBjOXppV1lGWHlXbzlRQTEzZVctV2hkOWZRRVNpbEJPNWhCTkh2Njlmdi1pNW1qb3docTI2eTZfOVpzSHVpZGZuWXlvalBhXzNiamNMcHU1a3czdUNpVFVvN0pPcDNVcXVIZnVDT2QzTDdnVzJ2QXdranVFM25XWkdiQ2Fnb2N5eWtfdl9yYzdnd2hfem9hLVlsd1VFZHhVVW5FS21MVFhDRWFUc0dsTnFSVTjSAeMBQVVfeXFMTkxZNGQ1b0V2bFlyb2gzaTlkNTM4TGotcHJMRFJYUUdaN3VJc2gyOUY3Y1JUMFljWG5hejJKeHkzbmsyNlp0THhGUDhrYVotc1NQMWhpbk56dFBEa2xqQmtXcVFxYV9qNHBpeE5YaVJSa1BEdzlnbUotR0ZUOHNiTzM0TDJJTmwyZGdxVWVMeHc3dkZZTlVpSE4ycG9vdXV0TEYxUmdXMmg0S0hSZE9kY1RlU0prY3FrdXNoLUJPRHBoQ1haM3BDTVdDRDNRLUVpX19HQl9IOHJlLXF0QU5GN0g1a3M?oc=5\" target=\"_blank\" rel=\"nofollow noopener\">M\u00e1s vuelos y 1.486 operaciones: as\u00ed se refuerza Alvedro por el cierre de Santiago<\/a>&nbsp;&nbsp;Cadena SER<\/li>\n<li><a href=\"https:\/\/news.google.com\/rss\/articles\/CBMi3wFBVV95cUxPMXNabkJoQk83QllGdXZXS3ctQTNFQ1dlV3BuLXp5c3BFVk9Yc3VOaWZTeC1pTG5nZGIyZ3dBNnNUS2U5N3k3TU8xZkhNZjhYX3MwMHBGOTNIbXEwaVBJUVd6enV0UU5hbF9odGc2dE5TRFpfZzQ5M01mWlJJSGM3OE8tVDJvSjBWTTdjZWZzMGFqUFVibHBHTG5tM1FhVk1WWl9OM0NXdTllTVJLVF96NG1CUS1iZ1BDMzZNZ1BadGJHYVRkbmtPQnNCVndRQmtXM2NCdThMZ2I0VEpHWS1N0gHkAUFVX3lxTE81bzI0Znh6aURiWnVpY3d2XzVIdDRnUERrTkh1ZVhMQV9mbERhYVEzS2Q0c090cThjcUJUcDYzeFRZeDNSYjhNT1EtQkJpM3RNU1pkcVRvOVhKdXhhVzduSnJVUXJwZzVpSVBETlJWQnpaTENEWTROTGZnQ1FuXzdvZnBzS2tBeEpsTC1OSVdlTWpoci1rRXc0TmduTGVOY3dIdTFLTGFmWDd0WUVhYmhianFIeVMtcWlZbE1TdVhuZnFSZklnaHByRldOdXEybzZ0NFl3bmhqa1FiRm1IRGhDRzFueA?oc=5\" target=\"_blank\" rel=\"nofollow noopener\">Aena refuerza Alvedro con m\u00e1s aparcamiento, accesos y personal por el cierre temporal del aeropuerto de Lavacolla<\/a>&nbsp;&nbsp;El Correo Gallego<\/li>\n<li><a href=\"https:\/\/news.google.com\/rss\/articles\/CBMikgFBVV95cUxObnVQQjM4Rk01MXl5ckN6NGNFVE4xbk1TMUtGNWRJcEVYVk1POVR5R3QxQ0hrUXF1MW91dDJGN2U5aTRwVGViSTBPQllwMGFEcWprRmdibG1MZWRSSWk0QjNCQ2JZVnVFTENqMWswUXFpaWR6SkRZbHpmZC1NakVtSVNUOXNvY29wRkN1cmhwTk1mQQ?oc=5\" target=\"_blank\" rel=\"nofollow noopener\">El aeropuerto coru\u00f1\u00e9s de Alvedro suma cinco destinos y aumenta un 70 % los vuelos mientras est\u00e9 cerrado Lavacolla<\/a>&nbsp;&nbsp;EFE &#8211; Agencia de noticias<\/li>\n<\/ol>\n","protected":false},"excerpt":{"rendered":"El aeropuerto de A Coru\u00f1a, listo para asumir hasta 50 vuelos diarios por el cierre de Santiago durante&hellip;\n","protected":false},"author":2,"featured_media":500223,"comment_status":"","ping_status":"","sticky":false,"template":"","format":"standard","meta":{"footnotes":""},"categories":[5],"tags":[39615,1162,100388,1161,17,18,25,24,13,14,11,19,20,9,10,15,16,23,12,589,21,22],"class_list":["post-500222","post","type-post","status-publish","format-standard","has-post-thumbnail","category-titulares","tag-a-coruna-ciudad","tag-aena","tag-aeropuerto-de-alvedro","tag-aeropuertos","tag-breaking-news","tag-breakingnews","tag-es","tag-espana","tag-featured-news","tag-featurednews","tag-headlines","tag-latest-news","tag-latestnews","tag-news","tag-noticias","tag-noticias-destacadas","tag-noticiasdestacadas","tag-spain","tag-titulares","tag-trafico","tag-ultimas-noticias","tag-ultimasnoticias"],"share_on_mastodon":{"url":"https:\/\/pubeurope.com\/@es\/116412214514173485","error":""},"_links":{"self":[{"href":"https:\/\/www.europesays.com\/es\/wp-json\/wp\/v2\/posts\/500222","targetHints":{"allow":["GET"]}}],"collection":[{"href":"https:\/\/www.europesays.com\/es\/wp-json\/wp\/v2\/posts"}],"about":[{"href":"https:\/\/www.europesays.com\/es\/wp-json\/wp\/v2\/types\/post"}],"author":[{"embeddable":true,"href":"https:\/\/www.europesays.com\/es\/wp-json\/wp\/v2\/users\/2"}],"replies":[{"embeddable":true,"href":"https:\/\/www.europesays.com\/es\/wp-json\/wp\/v2\/comments?post=500222"}],"version-history":[{"count":0,"href":"https:\/\/www.europesays.com\/es\/wp-json\/wp\/v2\/posts\/500222\/revisions"}],"wp:featuredmedia":[{"embeddable":true,"href":"https:\/\/www.europesays.com\/es\/wp-json\/wp\/v2\/media\/500223"}],"wp:attachment":[{"href":"https:\/\/www.europesays.com\/es\/wp-json\/wp\/v2\/media?parent=500222"}],"wp:term":[{"taxonomy":"category","embeddable":true,"href":"https:\/\/www.europesays.com\/es\/wp-json\/wp\/v2\/categories?post=500222"},{"taxonomy":"post_tag","embeddable":true,"href":"https:\/\/www.europesays.com\/es\/wp-json\/wp\/v2\/tags?post=500222"}],"curies":[{"name":"wp","href":"https:\/\/api.w.org\/{rel}","templated":true}]}}