{"id":50043,"date":"2025-08-15T21:37:08","date_gmt":"2025-08-15T21:37:08","guid":{"rendered":"https:\/\/www.europesays.com\/es\/50043\/"},"modified":"2025-08-15T21:37:08","modified_gmt":"2025-08-15T21:37:08","slug":"maripily-presenta-su-libro-a-sus-seguidores","status":"publish","type":"post","link":"https:\/\/www.europesays.com\/es\/50043\/","title":{"rendered":"Maripily presenta su libro a sus seguidores"},"content":{"rendered":"<p class=\"content-element\"><b>En esta obra, Rivera se muestra sin filtros mientras revela experiencias, retos y triunfos que han marcado su trayectoria personal y profesional.<\/b> \u201cCon la fuerza de un hurac\u00e1n\u201d es un testimonio de resiliencia, determinaci\u00f3n y pasi\u00f3n, escrito con la misma energ\u00eda que la ha convertido en una figura ic\u00f3nica en Puerto Rico y la comunidad latina. <\/p>\n<p class=\"content-element\">La periodista Ana Enid L\u00f3pez estuvo a cargo de la redacci\u00f3n del libro mientras que el pr\u00f3logo estuvo a cargo de su amigo y manejador Carlos Berm\u00fadez. <\/p>\n<p class=\"content-element\"><b>\u201cEste libro es mi verdad, mi historia, mis ca\u00eddas y mis victorias. Quiero que quien lo lea sienta que, pase lo que pase, siempre es posible levantarse m\u00e1s fuerte\u201d, <\/b>expres\u00f3 Rivera durante la presentaci\u00f3n.<\/p>\n<p class=\"content-element\">El evento en The Bookmark reuni\u00f3 a seguidores que esperaban la oportunidad de conocer a la empresaria, obtener su libro autografiado y tomarse fotos con ella. La noche se convirti\u00f3 en una celebraci\u00f3n de cercan\u00eda y gratitud, donde Maripily reafirm\u00f3 que su historia es, sobre todo, un mensaje de inspiraci\u00f3n.<\/p>\n<p class=\"content-element\">\u201cCon la fuerza de un hurac\u00e1n\u201d es el libro m\u00e1s vendido ahora mismo en <a href=\"https:\/\/www.elnuevodia.com\/topicos\/amazon\/\" target=\"_self\" rel=\"nofollow noopener\" title=\"https:\/\/www.elnuevodia.com\/topicos\/amazon\/\"><b>Amazon<\/b><\/a> y est\u00e1 disponible en The Bookmark, en librer\u00edas seleccionadas y en plataformas digitales.<\/p>\n<p><img decoding=\"async\" src=\"https:\/\/www.elnuevodia.com\/entretenimiento\/farandula\/notas\/maripily-presenta-su-libro-a-sus-seguidores\/[object Object]\" alt=\"previa\"\/><img decoding=\"async\" src=\"https:\/\/www.elnuevodia.com\/entretenimiento\/farandula\/notas\/maripily-presenta-su-libro-a-sus-seguidores\/[object Object]\" alt=\"siguiente\"\/><\/p>\n<p><b>1 \/ 16 | <\/b> La conexi\u00f3n especial de Maripily y Joe Joe: un vistazo a la complicidad madre e hijo. En el marco de la celebraci\u00f3n del D\u00eda de las Madres, Maripily Rivera y su hijo Joe Joe abrieron su coraz\u00f3n para revelan c\u00f3mo se han convertido en el mayor apoyo del otro. &#8211; Carlos Giusti\/Staff<\/p>\n","protected":false},"excerpt":{"rendered":"En esta obra, Rivera se muestra sin filtros mientras revela experiencias, retos y triunfos que han marcado su&hellip;\n","protected":false},"author":2,"featured_media":50044,"comment_status":"","ping_status":"","sticky":false,"template":"","format":"standard","meta":{"footnotes":""},"categories":[172],"tags":[22343,224,146,147,25,24,1496,225,15224,23],"class_list":{"0":"post-50043","1":"post","2":"type-post","3":"status-publish","4":"format-standard","5":"has-post-thumbnail","7":"category-libros","8":"tag-con-la-fuerza-de-un-huracan","9":"tag-books","10":"tag-entertainment","11":"tag-entretenimiento","12":"tag-es","13":"tag-espana","14":"tag-libro","15":"tag-libros","16":"tag-maripily-rivera","17":"tag-spain"},"share_on_mastodon":{"url":"","error":""},"_links":{"self":[{"href":"https:\/\/www.europesays.com\/es\/wp-json\/wp\/v2\/posts\/50043","targetHints":{"allow":["GET"]}}],"collection":[{"href":"https:\/\/www.europesays.com\/es\/wp-json\/wp\/v2\/posts"}],"about":[{"href":"https:\/\/www.europesays.com\/es\/wp-json\/wp\/v2\/types\/post"}],"author":[{"embeddable":true,"href":"https:\/\/www.europesays.com\/es\/wp-json\/wp\/v2\/users\/2"}],"replies":[{"embeddable":true,"href":"https:\/\/www.europesays.com\/es\/wp-json\/wp\/v2\/comments?post=50043"}],"version-history":[{"count":0,"href":"https:\/\/www.europesays.com\/es\/wp-json\/wp\/v2\/posts\/50043\/revisions"}],"wp:featuredmedia":[{"embeddable":true,"href":"https:\/\/www.europesays.com\/es\/wp-json\/wp\/v2\/media\/50044"}],"wp:attachment":[{"href":"https:\/\/www.europesays.com\/es\/wp-json\/wp\/v2\/media?parent=50043"}],"wp:term":[{"taxonomy":"category","embeddable":true,"href":"https:\/\/www.europesays.com\/es\/wp-json\/wp\/v2\/categories?post=50043"},{"taxonomy":"post_tag","embeddable":true,"href":"https:\/\/www.europesays.com\/es\/wp-json\/wp\/v2\/tags?post=50043"}],"curies":[{"name":"wp","href":"https:\/\/api.w.org\/{rel}","templated":true}]}}